{"id":4447,"date":"2026-09-06T09:32:48","date_gmt":"2026-09-06T07:32:48","guid":{"rendered":"https:\/\/budy.przemyska.pl\/?p=4447"},"modified":"2026-09-06T09:33:02","modified_gmt":"2026-09-06T07:33:02","slug":"xxiii-niedziela-zwykla-ogloszenia-parafialne-6-wrzesien-2026","status":"publish","type":"post","link":"https:\/\/budy.przemyska.pl\/index.php\/2026\/09\/06\/xxiii-niedziela-zwykla-ogloszenia-parafialne-6-wrzesien-2026\/","title":{"rendered":"XXIII Niedziela Zwyk\u0142a &#8211; Og\u0142oszenia parafialne 6 wrzesie\u0144 2026"},"content":{"rendered":"\n<h2 class=\"wp-block-heading\">O<strong>g\u0142oszenia<\/strong><\/h2>\n\n\n\n<ol class=\"wp-block-list\">\n<li>O godz.15.00 Nabo\u017ce\u0144stwo Adoracyjne, a potem Msza \u015bw.<\/li>\n\n\n\n<li>W tym tygodniu w Liturgii Ko\u015bcio\u0142a wspominamy: we wtorek \u2013 \u015awi\u0119to Narodzenia NMP (Matki Bo\u017cej Siewnej). W tym dniu po\u015bwi\u0119cenie ziarna na zasiew.<\/li>\n\n\n\n<li>W czwartek adoracja Naj\u015bwi\u0119tszego Sakramentu od godz. 17.00.<br>Po Mszy \u015bw. spotkanie Akcji Katolickiej. Zapraszamy r\u00f3wnie\u017c ch\u0119tnych, nowych cz\u0142onk\u00f3w. R\u00f3wnie\u017c w czwartek, po Mszy \u015bw., zbi\u00f3rka dla wszystkich ministrant\u00f3w.<\/li>\n\n\n\n<li>W pi\u0105tek spotkanie KSM-u. Zapraszamy tak\u017ce wszystkich ch\u0119tnych m\u0142odych ludzi do w\u0142\u0105czenia si\u0119 w dzia\u0142alno\u015b\u0107 tego Stowarzyszenia.<\/li>\n\n\n\n<li>W sobot\u0119 po Mszy \u015bw. swoj\u0105 pr\u00f3b\u0119 b\u0119dzie mia\u0142a schola parafialna. R\u00f3wnie\u017c i tutaj mile widziani s\u0105 nowi cz\u0142onkowie scholii.<\/li>\n\n\n\n<li>Za tydzie\u0144 w parafii Try\u0144cza odb\u0119d\u0105 si\u0119 Archidiecezjalne i Wojew\u00f3dzkie Do\u017cynki z udzia\u0142em Prezydenta Polski. Mo\u017cna indywidualnie uczestniczy\u0107 w tym wydarzeniu, dzi\u0119kuj\u0105c Bogu za dar b\u0142ogos\u0142awie\u0144stwa w zbiorze tegorocznych plon\u00f3w.<\/li>\n\n\n\n<li>Sk\u0142adam serdeczne B\u00f3g zap\u0142a\u0107 dla os\u00f3b sprz\u0105taj\u0105cych i stroj\u0105cych ko\u015bci\u00f3\u0142 oraz za wszystkie ofiary sk\u0142adane na potrzeby parafii, w tym r\u00f3wnie\u017c, ofiary na utrzymanie pracownik\u00f3w ko\u015bcielnych.<\/li>\n<\/ol>\n\n\n\n<h3 id=\"block-fd90d34c-c680-4e22-90fc-73e9b0966dba\" class=\"wp-block-heading\"><strong>Intencje mszalne<\/strong><\/h3>\n\n\n\n<h4 id=\"block-43109fb7-6ecb-4544-8e2f-055f1fa81442\" class=\"wp-block-heading\"><strong>od 7 wrzesie\u0144 2026 do 13 wrzesie\u0144 2026<\/strong><\/h4>\n\n\n\n<h4 id=\"block-b9ca7938-cc8e-4c58-bf43-a14153516457\" class=\"wp-block-heading has-small-font-size\">Gdyby zbyt d\u0142ugi czas nie by\u0142a og\u0142oszona zam\u00f3wiona intencja mszalna \u2013 prosimy o zg\u0142oszenie tego kap\u0142anowi.&nbsp; Zam\u00f3wiona intencja nie mo\u017ce zgin\u0105\u0107.<\/h4>\n\n\n\n<p class=\"wp-block-paragraph\" id=\"block-76f97188-ebb9-4d45-a4d0-d351c20412a8\"><strong>Poniedzia\u0142ek \u2013 7 wrzesie\u0144<br><\/strong>1. + Zbigniew \u015awietlicki \u2013 (greg.)<br>2. + Bogumi\u0142a Por\u0119bna \u2013 od Anny i Mariusza Piekarz z rodzin\u0105<br>3. + Jan Bia\u0142y \u2013 od brata Zbigniewa z \u017con\u0105<\/p>\n\n\n\n<p class=\"wp-block-paragraph\" id=\"block-76f97188-ebb9-4d45-a4d0-d351c20412a8\"><strong>Wtorek \u2013 8 wrzesie\u0144<br><\/strong>1. + Zbigniew \u015awietlicki \u2013 (greg.)<br>2. + Tadeusz Baran \u2013 rocznica \u015bmierci<br>3. + Krystyna Kurek \u2013 od Danuty Borcz z rodzin\u0105<\/p>\n\n\n\n<p class=\"wp-block-paragraph\" id=\"block-76f97188-ebb9-4d45-a4d0-d351c20412a8\"><strong>\u015aroda \u2013 9 wrzesie\u0144<br><\/strong>1. + Zbigniew \u015awietlicki \u2013 (greg.)<br>2. + Cecylia i Jan Miara (16 r. \u015bm.)<br>3. + Helena i Ludwik Machniak (r. \u015bm.)<\/p>\n\n\n\n<p class=\"wp-block-paragraph\" id=\"block-76f97188-ebb9-4d45-a4d0-d351c20412a8\"><strong>Czwartek \u2013 10 wrzesie\u0144<\/strong><br>1. + Zbigniew \u015awietlicki \u2013 (greg.)<br>2. + B\u0142a\u017cej Kurek \u2013 4 rocznica \u015bmierci<br>3. + Kazimierz (1 r. \u015bm.) \u2013 od \u017cony<\/p>\n\n\n\n<p class=\"wp-block-paragraph\" id=\"block-76f97188-ebb9-4d45-a4d0-d351c20412a8\"><strong>Pi\u0105tek \u2013 11 wrzesie\u0144<\/strong><br>1. + Zbigniew \u015awietlicki \u2013 (greg.)<br>2. + Krystyna Kurek \u2013 od Anny i Wies\u0142awa Daniok z Tarnowa<br>3. + Tadeusz K\u0142os \u2013 od Lucyny S\u0142ysz<\/p>\n\n\n\n<p class=\"wp-block-paragraph\" id=\"block-3c5fb2ce-fb33-4763-9d64-9e3f25d8b188\"><strong>Sobota \u2013 12 wrzesie\u0144<br><\/strong>1. + Zbigniew \u015awietlicki \u2013 (greg.)<br>2. + Zofia Harpula \u2013 od rodziny Harpula<br>3. + Wincenty, Weronika, Stanis\u0142aw Bieleccy<\/p>\n\n\n\n<p class=\"wp-block-paragraph\" id=\"block-3c5fb2ce-fb33-4763-9d64-9e3f25d8b188\"><strong>Niedziela \u2013 13 wrzesie\u0144<\/strong><br>06.30 + Weronika, Antonina i Franciszek Harpula<br>08.00 W int. Szymona z okazji 18-tych urodzin, z podzi\u0119k. za dar \u017cycia i otrzymane \u0142aski; z pro\u015bb\u0105 o b\u0142og. Bo\u017ce, m\u0105dro\u015b\u0107 w podejmowaniu decyzji i opiek\u0119 Matki Bo\u017cej<br>08.00 + Maria i J\u00f3zef Bieleccy<br>10.30 Za parafian<br>15.00 + Zbigniew \u015awietlicki \u2013 (greg.)<\/p>\n\n\n\n<p class=\"wp-block-paragraph\" id=\"block-93f23c8d-7e53-4d18-b3cb-391a3613b143\"><strong>Modlitw\u0119 R\u00f3\u017ca\u0144cow\u0105 prowadz\u0105<\/strong><\/p>\n\n\n\n<p class=\"wp-block-paragraph\">07. Pn. Akcja Katolicka \u2013 (Modlitwy w intencji Rodzin)<br>08. Wt. R\u00f3\u017ca \u015aw. Klary \u2013 (Teresa G\u0142owiak)<br>09. \u015ar. R\u00f3\u017ca \u015aw. Kingi \u2013 (Bo\u017cena Michalik)<br>10. Cz. Akcja Katolicka<br>11. Pt. KSM<br>12. Sb. R\u00f3\u017ca \u015aw. Marii Magdaleny \u2013 (Janina Rachwa\u0142)<br>13. Nd. R\u00f3\u017ca \u015aw. Marii Ma\u0142gorzaty \u2013 (Halina Pietrzycka)<\/p>\n\n\n\n<p class=\"wp-block-paragraph\" id=\"block-f648211f-50ae-4d48-ae8e-7f5e6bbcd8e7\">Wyznaczona R\u00f3\u017ca proszona jest o prowadzenie modlitwy<\/p>\n\n\n\n<p class=\"wp-block-paragraph\"><strong>Propozycja intencji do przekazania do odprawienia w Wy\u017cszym Seminarium Duchownym w Przemy\u015bluodlitw\u0119 R\u00f3\u017ca\u0144cow\u0105<\/strong><\/p>\n\n\n\n<p class=\"wp-block-paragraph\">01. + Tadeusz K\u0142os \u2013 od Weso\u0142owskich i Motyki<br>02. + Tadeusz K\u0142os \u2013 od Stanis\u0142awy Kubusiak<br>03. + Tadeusz K\u0142os \u2013 od \u015awi\u0119toniowskich i Goleni\u00f3w<br>04. + Tadeusz K\u0142os \u2013 od dzieci rodzic\u00f3w klasy 2<br>05. + Tadeusz K\u0142os \u2013 od Grona Pedagogicznego i Pracownik\u00f3w ze Szk. Podst. nr 2<br>06. + Jan Bia\u0142y \u2013 od siostrze\u0144c\u00f3w i bratank\u00f3w<br>07. + Jan Bia\u0142y \u2013 od siostrze\u0144c\u00f3w i bratank\u00f3w<br>08. + Anna Lasek \u2013 od rodziny Szczepa\u0144skich z Kosiny<br>09. + Anna Lasek \u2013 od rodziny Kie\u0142b z Kosiny<br>10. + Anna Lasek \u2013 od Prac. i Wychowank\u00f3w Domu dla Dzieci w Lipniku<br>11. + Ma\u0142gorzata Rusinek \u2013 od siostry Barbary z m\u0119\u017cem<br>12. + Ma\u0142gorzata Rusinek \u2013 od Marii Szpunar<br>13. + Jan \u0141ania \u2013 od Samorz\u0105du Gminy Bia\u0142obrzegi<br>14. + Jan \u0141ania \u2013 od Nauczycieli i Prac. Publicznego Przedszkola w Bia\u0142obrzegach<br>15. + Jan \u0141ania \u2013 od kol. i kol. z Administracji Sp\u00f3\u0142dzielni Zodiak w Rz-wie<br>16. + Jan \u0141ania \u2013 od kol. i kol. z Administracji Sp\u00f3\u0142dzielni Zodiak w Rz-wie<br>17. + Marek Kie\u0142b \u2013 od Marii Kruk z rodzin\u0105<br>18. + Marek Kie\u0142b \u2013 od kole\u017canek ze sklepu nr 5 PSS<br>19. + Tadeusz Kie\u0142b \u2013 od rodziny B\u0105cal z Markowej<br>20. + Tadeusz Kie\u0142b \u2013 od Mariusza z rodzin\u0105<\/p>\n","protected":false},"excerpt":{"rendered":"<p>Og\u0142oszenia Intencje mszalne od 7 wrzesie\u0144 2026 do 13 wrzesie\u0144 2026 Gdyby zbyt d\u0142ugi czas nie by\u0142a og\u0142oszona zam\u00f3wiona intencja mszalna \u2013 prosimy o zg\u0142oszenie tego kap\u0142anowi.&nbsp; Zam\u00f3wiona intencja nie &hellip; <a href=\"https:\/\/budy.przemyska.pl\/index.php\/2026\/09\/06\/xxiii-niedziela-zwykla-ogloszenia-parafialne-6-wrzesien-2026\/\" class=\"more-link\">Czytaj dalej <span class=\"screen-reader-text\">XXIII Niedziela Zwyk\u0142a &#8211; Og\u0142oszenia parafialne 6 wrzesie\u0144 2026<\/span> <span class=\"meta-nav\">&rarr;<\/span><\/a><\/p>\n","protected":false},"author":1,"featured_media":4007,"comment_status":"closed","ping_status":"closed","sticky":true,"template":"","format":"standard","meta":{"footnotes":""},"categories":[6,4],"tags":[],"class_list":["post-4447","post","type-post","status-publish","format-standard","has-post-thumbnail","hentry","category-aktualnosci","category-ogloszenia"],"_links":{"self":[{"href":"https:\/\/budy.przemyska.pl\/index.php\/wp-json\/wp\/v2\/posts\/4447","targetHints":{"allow":["GET"]}}],"collection":[{"href":"https:\/\/budy.przemyska.pl\/index.php\/wp-json\/wp\/v2\/posts"}],"about":[{"href":"https:\/\/budy.przemyska.pl\/index.php\/wp-json\/wp\/v2\/types\/post"}],"author":[{"embeddable":true,"href":"https:\/\/budy.przemyska.pl\/index.php\/wp-json\/wp\/v2\/users\/1"}],"replies":[{"embeddable":true,"href":"https:\/\/budy.przemyska.pl\/index.php\/wp-json\/wp\/v2\/comments?post=4447"}],"version-history":[{"count":1,"href":"https:\/\/budy.przemyska.pl\/index.php\/wp-json\/wp\/v2\/posts\/4447\/revisions"}],"predecessor-version":[{"id":4448,"href":"https:\/\/budy.przemyska.pl\/index.php\/wp-json\/wp\/v2\/posts\/4447\/revisions\/4448"}],"wp:featuredmedia":[{"embeddable":true,"href":"https:\/\/budy.przemyska.pl\/index.php\/wp-json\/wp\/v2\/media\/4007"}],"wp:attachment":[{"href":"https:\/\/budy.przemyska.pl\/index.php\/wp-json\/wp\/v2\/media?parent=4447"}],"wp:term":[{"taxonomy":"category","embeddable":true,"href":"https:\/\/budy.przemyska.pl\/index.php\/wp-json\/wp\/v2\/categories?post=4447"},{"taxonomy":"post_tag","embeddable":true,"href":"https:\/\/budy.przemyska.pl\/index.php\/wp-json\/wp\/v2\/tags?post=4447"}],"curies":[{"name":"wp","href":"https:\/\/api.w.org\/{rel}","templated":true}]}}