{"id":4441,"date":"2026-08-30T09:35:01","date_gmt":"2026-08-30T07:35:01","guid":{"rendered":"https:\/\/budy.przemyska.pl\/?p=4441"},"modified":"2026-08-30T09:35:16","modified_gmt":"2026-08-30T07:35:16","slug":"xxii-niedziela-zwykla-ogloszenia-parafialne-30-sierpien-2026","status":"publish","type":"post","link":"https:\/\/budy.przemyska.pl\/index.php\/2026\/08\/30\/xxii-niedziela-zwykla-ogloszenia-parafialne-30-sierpien-2026\/","title":{"rendered":"XXII Niedziela Zwyk\u0142a &#8211; Og\u0142oszenia parafialne 30 sierpie\u0144 2026"},"content":{"rendered":"\n<h2 class=\"wp-block-heading\">O<strong>g\u0142oszenia<\/strong><\/h2>\n\n\n\n<ol class=\"wp-block-list\">\n<li>Dzi\u015b o godz.15.00 Nabo\u017ce\u0144stwo do \u015bw. J\u00f3zefa, a potem Msza \u015bw.<\/li>\n\n\n\n<li>W tym tygodniu w Liturgii Ko\u015bcio\u0142a wspominamy: w czwartek \u2013 wspomnienie \u015bw. Grzegorza Wielkiego, papie\u017ca.<\/li>\n\n\n\n<li>We wtorek o godz. 08.00 Msza \u015bw. na rozpocz\u0119cie nowego roku szkolnego. Bardzo prosimy rodzic\u00f3w o przypomnienie swoim dzieciom o Spowiedzi \u015bw. na rozpocz\u0119cie nowego etapu nauki w szkole.<\/li>\n\n\n\n<li>W tym tygodniu wypada I czwartek, I pi\u0105tek i I sobota miesi\u0105ca.<\/li>\n\n\n\n<li>W I czwartek adoracja Naj\u015bwi\u0119tszego Sakramentu od godz. 17.00. W tym dniu za przyczyn\u0105 b\u0142. ks. Jana Balickiego modlimy si\u0119 o nowe powo\u0142ania do S\u0142u\u017cby w Ko\u015bciele. Wspieramy nasz\u0105 modlitw\u0105 r\u00f3wnie\u017c pos\u0142ug\u0119 wszystkich Kap\u0142an\u00f3w i Si\u00f3str Zakonnych.<\/li>\n\n\n\n<li>W I pi\u0105tek czcimy Naj\u015bwi\u0119tsze Serce Pana Jezusa. Msza \u015bw. o godz. 06.45 oraz o godz. 18.00. Po rannej Mszy \u015bw. odwiedziny chorych z Komuni\u0105 \u015bw. Po Mszach \u015bw. Nabo\u017ce\u0144stwo do Naj\u015bwi\u0119tszego Serca Pana Jezusa wynagradzaj\u0105ce za grzechy.<\/li>\n\n\n\n<li>W I sobot\u0119 czcimy Niepokalane Serce NMP. Msza \u015bw. o godz. 18.00, po Niej Nabo\u017ce\u0144stwo R\u00f3\u017ca\u0144cowe, procesja z figur\u0105 Matki Bo\u017cej Fatimskiej i zmiana tajemnic r\u00f3\u017ca\u0144cowych.<\/li>\n\n\n\n<li>Sk\u0142adam serdeczne B\u00f3g zap\u0142a\u0107 dla os\u00f3b sprz\u0105taj\u0105cych i stroj\u0105cych ko\u015bci\u00f3\u0142 oraz za wszystkie ofiary sk\u0142adane na potrzeby parafii, w tym r\u00f3wnie\u017c, ofiary na utrzymanie pracownik\u00f3w ko\u015bcielnych.<\/li>\n<\/ol>\n\n\n\n<h3 id=\"block-fd90d34c-c680-4e22-90fc-73e9b0966dba\" class=\"wp-block-heading\"><strong>Intencje mszalne<\/strong><\/h3>\n\n\n\n<h4 id=\"block-43109fb7-6ecb-4544-8e2f-055f1fa81442\" class=\"wp-block-heading\"><strong>od 31 sierpie\u0144 2026 do 6 wrzesie\u0144 2026<\/strong><\/h4>\n\n\n\n<h4 id=\"block-b9ca7938-cc8e-4c58-bf43-a14153516457\" class=\"wp-block-heading has-small-font-size\">Gdyby zbyt d\u0142ugi czas nie by\u0142a og\u0142oszona zam\u00f3wiona intencja mszalna \u2013 prosimy o zg\u0142oszenie tego kap\u0142anowi.&nbsp; Zam\u00f3wiona intencja nie mo\u017ce zgin\u0105\u0107.<\/h4>\n\n\n\n<p class=\"wp-block-paragraph\" id=\"block-76f97188-ebb9-4d45-a4d0-d351c20412a8\"><strong>Poniedzia\u0142ek \u2013 31 sierpie\u0144<br><\/strong>1. + Bronis\u0142awa i Wincenty Krauz oraz zmarli Rodzice \u2013 od syna Stanis\u0142awa z rodzin\u0105<br>2. + Bogumi\u0142a Por\u0119bna \u2013 od Marzeny Pieni\u0105\u017cek z rodzin\u0105<br>3. + Tadeusz K\u0142os \u2013 od wnuka Mateusza<\/p>\n\n\n\n<p class=\"wp-block-paragraph\" id=\"block-76f97188-ebb9-4d45-a4d0-d351c20412a8\"><strong>Wtorek \u2013 1 wrzesie\u0144<br><\/strong>1. + Zbigniew \u015awietlicki \u2013 (pocz. greg.)<br>2. + Czes\u0142awa Skiba \u2013 od Marii i Jana Cebulak\u00f3w z rodzin\u0105<br>3. + Krystyna Kurek \u2013 od s\u0105siadki Krystyny Rupar<\/p>\n\n\n\n<p class=\"wp-block-paragraph\" id=\"block-76f97188-ebb9-4d45-a4d0-d351c20412a8\"><strong>\u015aroda \u2013 2 wrzesie\u0144<br><\/strong>1. + Zbigniew \u015awietlicki \u2013 (greg.)<br>2. + Bogumi\u0142a Por\u0119bna \u2013 od Gabrieli i S\u0142awomira<br>3. + W\u0142adys\u0142aw Hypnar (4 r. \u015bm.),Krystyna, J\u00f3zefa, Stanis\u0142aw<\/p>\n\n\n\n<p class=\"wp-block-paragraph\" id=\"block-76f97188-ebb9-4d45-a4d0-d351c20412a8\"><strong>Czwartek \u2013 3 wrzesie\u0144<\/strong><br>1. + Zbigniew \u015awietlicki \u2013 (greg.)<br>2. + Zofia Harpula \u2013 od kuzynki Janiny<br>3. + Tadeusz K\u0142os \u2013 od wnuka Rafa\u0142a<\/p>\n\n\n\n<p class=\"wp-block-paragraph\" id=\"block-76f97188-ebb9-4d45-a4d0-d351c20412a8\"><strong>Pi\u0105tek \u2013 4 wrzesie\u0144<\/strong><br>06.45 + Zbigniew \u015awietlicki \u2013 (greg.)<br>06.45 O \u0142ask\u0119 zdrowia dla Sabiny<br>18.00 + Antoni Mruga\u0142a<br>18.00 + Cecylia (15 r. \u015bm.), J\u00f3zef, Anna i Stefan Socha oraz ich zmarli Rodzice<\/p>\n\n\n\n<p class=\"wp-block-paragraph\" id=\"block-3c5fb2ce-fb33-4763-9d64-9e3f25d8b188\"><strong>Sobota \u2013 5 wrzesie\u0144<br><\/strong>1. + Zbigniew \u015awietlicki \u2013 (greg.)<br>2. + Czes\u0142awa Skiba \u2013 od wnuczki Sylwii<br>3. + Salomea Cebulak \u2013 rocznica \u015bmierci<\/p>\n\n\n\n<p class=\"wp-block-paragraph\" id=\"block-3c5fb2ce-fb33-4763-9d64-9e3f25d8b188\"><strong>Niedziela \u2013 6 wrzesie\u0144<\/strong><br>06.30 + Weronika, Antonina i Franciszek Harpula<br>08.00 W int. Szymona z okazji 18-tych urodzin, z podzi\u0119k. za dar \u017cycia i otrzymane \u0142aski; z pro\u015bb\u0105 o b\u0142og. Bo\u017ce, m\u0105dro\u015b\u0107 w podejmowaniu decyzji i opiek\u0119 Matki Bo\u017cej<br>08.00 + Maria i J\u00f3zef Bieleccy<br>10.30 Za parafian<br>15.00 + Zbigniew \u015awietlicki \u2013 (greg.)<\/p>\n\n\n\n<p class=\"wp-block-paragraph\" id=\"block-93f23c8d-7e53-4d18-b3cb-391a3613b143\"><strong>Modlitw\u0119 R\u00f3\u017ca\u0144cow\u0105 prowadz\u0105<\/strong><\/p>\n\n\n\n<p class=\"wp-block-paragraph\">31. Pn. R\u00f3\u017ca \u015aw. Genowefy \u2013 (Genowefa Dr\u0105\u017cek)<br>01. Wt. R\u00f3\u017ca \u015aw. Jadwigi Kr\u00f3lowej \u2013 (Halina Dyrda)<br>02. \u015ar. R\u00f3\u017ca \u015aw. Heleny \u2013 (Halina Dyl)<br>03. Cz. Dzie\u0142o Pomocy Powo\u0142aniom \u2013 (Anna Szular)<br>04. Pt. KSM<br>05. Sb. Kap\u0142an<br>06. Nd. R\u00f3\u017ca \u015aw. Katarzyny \u2013 (Zofia Panek)<\/p>\n\n\n\n<p class=\"wp-block-paragraph\" id=\"block-f648211f-50ae-4d48-ae8e-7f5e6bbcd8e7\">Wyznaczona R\u00f3\u017ca proszona jest o prowadzenie modlitwy<\/p>\n","protected":false},"excerpt":{"rendered":"<p>Og\u0142oszenia Intencje mszalne od 31 sierpie\u0144 2026 do 6 wrzesie\u0144 2026 Gdyby zbyt d\u0142ugi czas nie by\u0142a og\u0142oszona zam\u00f3wiona intencja mszalna \u2013 prosimy o zg\u0142oszenie tego kap\u0142anowi.&nbsp; Zam\u00f3wiona intencja nie &hellip; <a href=\"https:\/\/budy.przemyska.pl\/index.php\/2026\/08\/30\/xxii-niedziela-zwykla-ogloszenia-parafialne-30-sierpien-2026\/\" class=\"more-link\">Czytaj dalej <span class=\"screen-reader-text\">XXII Niedziela Zwyk\u0142a &#8211; Og\u0142oszenia parafialne 30 sierpie\u0144 2026<\/span> <span class=\"meta-nav\">&rarr;<\/span><\/a><\/p>\n","protected":false},"author":1,"featured_media":4007,"comment_status":"closed","ping_status":"closed","sticky":true,"template":"","format":"standard","meta":{"footnotes":""},"categories":[6,4],"tags":[],"class_list":["post-4441","post","type-post","status-publish","format-standard","has-post-thumbnail","hentry","category-aktualnosci","category-ogloszenia"],"_links":{"self":[{"href":"https:\/\/budy.przemyska.pl\/index.php\/wp-json\/wp\/v2\/posts\/4441","targetHints":{"allow":["GET"]}}],"collection":[{"href":"https:\/\/budy.przemyska.pl\/index.php\/wp-json\/wp\/v2\/posts"}],"about":[{"href":"https:\/\/budy.przemyska.pl\/index.php\/wp-json\/wp\/v2\/types\/post"}],"author":[{"embeddable":true,"href":"https:\/\/budy.przemyska.pl\/index.php\/wp-json\/wp\/v2\/users\/1"}],"replies":[{"embeddable":true,"href":"https:\/\/budy.przemyska.pl\/index.php\/wp-json\/wp\/v2\/comments?post=4441"}],"version-history":[{"count":1,"href":"https:\/\/budy.przemyska.pl\/index.php\/wp-json\/wp\/v2\/posts\/4441\/revisions"}],"predecessor-version":[{"id":4443,"href":"https:\/\/budy.przemyska.pl\/index.php\/wp-json\/wp\/v2\/posts\/4441\/revisions\/4443"}],"wp:featuredmedia":[{"embeddable":true,"href":"https:\/\/budy.przemyska.pl\/index.php\/wp-json\/wp\/v2\/media\/4007"}],"wp:attachment":[{"href":"https:\/\/budy.przemyska.pl\/index.php\/wp-json\/wp\/v2\/media?parent=4441"}],"wp:term":[{"taxonomy":"category","embeddable":true,"href":"https:\/\/budy.przemyska.pl\/index.php\/wp-json\/wp\/v2\/categories?post=4441"},{"taxonomy":"post_tag","embeddable":true,"href":"https:\/\/budy.przemyska.pl\/index.php\/wp-json\/wp\/v2\/tags?post=4441"}],"curies":[{"name":"wp","href":"https:\/\/api.w.org\/{rel}","templated":true}]}}