{"id":4369,"date":"2026-03-15T09:40:06","date_gmt":"2026-03-15T08:40:06","guid":{"rendered":"https:\/\/budy.przemyska.pl\/?p=4369"},"modified":"2026-03-29T10:10:42","modified_gmt":"2026-03-29T08:10:42","slug":"iv-niedziela-wielkiego-postu-ogloszenia-parafialne-15-marzec-2026","status":"publish","type":"post","link":"https:\/\/budy.przemyska.pl\/index.php\/2026\/03\/15\/iv-niedziela-wielkiego-postu-ogloszenia-parafialne-15-marzec-2026\/","title":{"rendered":"IV Niedziela Wielkiego Postu &#8211; Og\u0142oszenia parafialne 15 marzec 2026"},"content":{"rendered":"\n<h2 class=\"wp-block-heading\"><strong>Og\u0142oszenia<\/strong><\/h2>\n\n\n\n<ol class=\"wp-block-list\">\n<li>Dzi\u015b o godz.15.00 Nabo\u017ce\u0144stwo Gorzkich \u017bali, a po Nim Msza \u015bw. Po zako\u0144czonej Mszy \u015bw., oko\u0142o godz. 16.30, Stra\u017c Grobowa \u201eTurki\u201d b\u0119dzie mia\u0142a swoj\u0105 pr\u00f3b\u0119 na parkingu przy ko\u015bciele.<\/li>\n\n\n\n<li>W \u015brod\u0119, po Mszy \u015bw., zbi\u00f3rka wszystkich ministrant\u00f3w.<\/li>\n\n\n\n<li>W czwartek Adoracja Naj\u015bwi\u0119tszego Sakramentu od godz. 16.00.<br>W tym dniu wypada r\u00f3wnie\u017c Uroczysto\u015b\u0107 \u015bw. J\u00f3zefa, Oblubie\u0144ca NMP.<br>W naszym Dekanacie Odpust w Zmys\u0142\u00f3wce.<\/li>\n\n\n\n<li>Mo\u017cna jeszcze zapisywa\u0107 si\u0119 na nasz\u0105 Pielgrzymk\u0119 parafialn\u0105 do Krakowa, Cz\u0119stochowy, Lichenia i Niepokalanowa.<\/li>\n\n\n\n<li>W pi\u0105tek Nabo\u017ce\u0144stwo Drogi Krzy\u017cowej o godzinie 17.00, a po nim Msza \u015awi\u0119ta, za\u015b o godzinie 19.30 Droga Krzy\u017cowa prowadzona przez m\u0142odzie\u017c z naszej parafii.<\/li>\n\n\n\n<li>W najbli\u017csz\u0105 niedziel\u0119 rozpoczniemy nasze Rekolekcje Wielkopostne. Nauki rekolekcyjne b\u0119dzie g\u0142osi\u0142 ks. \u0141ukasz Buczek \u2013 wikariusz z \u017bo\u0142yni.<\/li>\n\n\n\n<li>Mo\u017cna jeszcze naby\u0107 Wielkanocne Paschaliki rozprowadzane przez Caritas.<\/li>\n\n\n\n<li>Sk\u0142adam serdeczne B\u00f3g zap\u0142a\u0107 dla os\u00f3b sprz\u0105taj\u0105cych i stroj\u0105cych ko\u015bci\u00f3\u0142 oraz za wszystkie ofiary sk\u0142adane na potrzeby parafii.<\/li>\n<\/ol>\n\n\n\n<h3 class=\"wp-block-heading\" id=\"block-fd90d34c-c680-4e22-90fc-73e9b0966dba\"><strong>Intencje mszalne<\/strong><\/h3>\n\n\n\n<h4 class=\"wp-block-heading\" id=\"block-43109fb7-6ecb-4544-8e2f-055f1fa81442\"><strong>od 16 marzec 2026 do 22 marzec 2026<\/strong><\/h4>\n\n\n\n<h4 class=\"wp-block-heading has-small-font-size\" id=\"block-b9ca7938-cc8e-4c58-bf43-a14153516457\">Gdyby zbyt d\u0142ugi czas nie by\u0142a og\u0142oszona zam\u00f3wiona intencja mszalna \u2013 prosimy o zg\u0142oszenie tego kap\u0142anowi.&nbsp; Zam\u00f3wiona intencja nie mo\u017ce zgin\u0105\u0107.<\/h4>\n\n\n\n<p id=\"block-76f97188-ebb9-4d45-a4d0-d351c20412a8\"><strong>Poniedzia\u0142ek \u2013 16 marzec<br><\/strong>1. + Mi\u0142osz Bartnik \u2013 (greg.)<br>2. + Edward Szostek i zmarli Rodzice<br>3. + Helena, J\u00f3zef Kojder \u2013 od swatowej Heleny Golak<\/p>\n\n\n\n<p id=\"block-76f97188-ebb9-4d45-a4d0-d351c20412a8\"><strong>Wtorek \u2013 17 marzec<br><\/strong>1. + Mi\u0142osz Bartnik \u2013 (greg.)<br>2. + El\u017cbieta, Franciszek Babiarz i zmarli z rodziny<br>3. + Ryszard Szajnar \u2013 od s\u0105siad\u00f3w: Agnieszki, Jerzego i Ma\u0142gorzaty<\/p>\n\n\n\n<p id=\"block-76f97188-ebb9-4d45-a4d0-d351c20412a8\"><strong>\u015aroda \u2013 18 marzec<br><\/strong>1. + Mi\u0142osz Bartnik \u2013 (greg.)<br>2. + Zofia i Micha\u0142 Pieni\u0105\u017cek; + Maria i J\u00f3zef Ros\u00f3\u0142 oraz + Czes\u0142awa Bartnik<br>3. + Maria, W\u0142adys\u0142aw Gw\u00f3\u017ad\u017a \u2013 od dzieci i wnuczek<\/p>\n\n\n\n<p id=\"block-76f97188-ebb9-4d45-a4d0-d351c20412a8\"><strong>Czwartek \u2013 19 marzec<\/strong><br>1. + Mi\u0142osz Bartnik \u2013 (greg.)<br>2. + J\u00f3zef Konieczny i zmarli Rodzice<br>3. + J\u00f3zef Rupar i zmarli z Rodziny<\/p>\n\n\n\n<p id=\"block-76f97188-ebb9-4d45-a4d0-d351c20412a8\"><strong>Pi\u0105tek \u2013 20 marzec<\/strong><br>1. + Mi\u0142osz Bartnik \u2013 (greg.)<br>2. + Stanis\u0142aw Por\u0119bny, Zofia i Jan Por\u0119bny oraz zmarli z rodziny Maziarz\u00f3w \u2013 ofiaruj\u0119 Anna Por\u0119bna<br>3. + Franciszek (r. \u015bm.), Paulina, Stanis\u0142aw Bosak i zmarli z rodziny<\/p>\n\n\n\n<p id=\"block-3c5fb2ce-fb33-4763-9d64-9e3f25d8b188\"><strong>Sobota \u2013 21 marzec<br><\/strong>1. + Mi\u0142osz Bartnik\u2013 (greg.)<br>2. + Stanis\u0142awa Pelc \u2013 od rodziny Magoni\u00f3w<br>3. + J\u00f3zefa Mach \u2013 od W\u0142adys\u0142awy Paluch z rodzin\u0105<\/p>\n\n\n\n<p id=\"block-3c5fb2ce-fb33-4763-9d64-9e3f25d8b188\"><strong>Niedziela \u2013 22 marzec<\/strong><br>06.30 + Stanis\u0142awa Pelc \u2013 od Sabiny i Kingi Kr\u00f3l<br>08 00 + Julia, Franciszek, Marek, Lucyna, Zdzis\u0142aw Stafiej<br>08.00 + Emilia Migas \u2013 od rodziny<br>10.30 Za parafian<br>15.00 + Mi\u0142osz Bartnik \u2013 (greg.)<\/p>\n\n\n\n<p id=\"block-93f23c8d-7e53-4d18-b3cb-391a3613b143\"><strong>Modlitw\u0119 R\u00f3\u017ca\u0144cow\u0105 prowadz\u0105<\/strong><\/p>\n\n\n\n<p id=\"block-f648211f-50ae-4d48-ae8e-7f5e6bbcd8e7\">16. Pn. R\u00f3\u017ca \u015aw. Agnieszki \u2013 (Ma\u0142gorzata Markowicz)<br>17. Wt. R\u00f3\u017ca \u015aw. Cecylii \u2013 (Krystyna Markowicz)<br>18. \u015ar. R\u00f3\u017ca \u015aw. El\u017cbiety \u2013 (Alina Trojnar)<br>19. Cz. R\u00f3\u017ca \u015aw. Faustyny \u2013 (Eugenia \u015awizdor)<br>20. Pt. KSM<br>21. Sb. R\u00f3\u017ca \u015aw. Genowefy \u2013 (Genowefa Dr\u0105\u017cek)<br>22. Nd. R\u00f3\u017ca \u015aw. Jadwigi Kr\u00f3lowej \u2013 (Halina Dyrda)<\/p>\n\n\n\n<p id=\"block-f648211f-50ae-4d48-ae8e-7f5e6bbcd8e7\">Wyznaczona R\u00f3\u017ca proszona jest o prowadzenie modlitwy<\/p>\n","protected":false},"excerpt":{"rendered":"<p>Og\u0142oszenia Intencje mszalne od 16 marzec 2026 do 22 marzec 2026 Gdyby zbyt d\u0142ugi czas nie by\u0142a og\u0142oszona zam\u00f3wiona intencja mszalna \u2013 prosimy o zg\u0142oszenie tego kap\u0142anowi.&nbsp; Zam\u00f3wiona intencja nie &hellip; <a href=\"https:\/\/budy.przemyska.pl\/index.php\/2026\/03\/15\/iv-niedziela-wielkiego-postu-ogloszenia-parafialne-15-marzec-2026\/\" class=\"more-link\">Czytaj dalej <span class=\"screen-reader-text\">IV Niedziela Wielkiego Postu &#8211; Og\u0142oszenia parafialne 15 marzec 2026<\/span> <span class=\"meta-nav\">&rarr;<\/span><\/a><\/p>\n","protected":false},"author":1,"featured_media":4007,"comment_status":"closed","ping_status":"closed","sticky":false,"template":"","format":"standard","meta":{"footnotes":""},"categories":[6,4],"tags":[],"class_list":["post-4369","post","type-post","status-publish","format-standard","has-post-thumbnail","hentry","category-aktualnosci","category-ogloszenia"],"_links":{"self":[{"href":"https:\/\/budy.przemyska.pl\/index.php\/wp-json\/wp\/v2\/posts\/4369","targetHints":{"allow":["GET"]}}],"collection":[{"href":"https:\/\/budy.przemyska.pl\/index.php\/wp-json\/wp\/v2\/posts"}],"about":[{"href":"https:\/\/budy.przemyska.pl\/index.php\/wp-json\/wp\/v2\/types\/post"}],"author":[{"embeddable":true,"href":"https:\/\/budy.przemyska.pl\/index.php\/wp-json\/wp\/v2\/users\/1"}],"replies":[{"embeddable":true,"href":"https:\/\/budy.przemyska.pl\/index.php\/wp-json\/wp\/v2\/comments?post=4369"}],"version-history":[{"count":1,"href":"https:\/\/budy.przemyska.pl\/index.php\/wp-json\/wp\/v2\/posts\/4369\/revisions"}],"predecessor-version":[{"id":4370,"href":"https:\/\/budy.przemyska.pl\/index.php\/wp-json\/wp\/v2\/posts\/4369\/revisions\/4370"}],"wp:featuredmedia":[{"embeddable":true,"href":"https:\/\/budy.przemyska.pl\/index.php\/wp-json\/wp\/v2\/media\/4007"}],"wp:attachment":[{"href":"https:\/\/budy.przemyska.pl\/index.php\/wp-json\/wp\/v2\/media?parent=4369"}],"wp:term":[{"taxonomy":"category","embeddable":true,"href":"https:\/\/budy.przemyska.pl\/index.php\/wp-json\/wp\/v2\/categories?post=4369"},{"taxonomy":"post_tag","embeddable":true,"href":"https:\/\/budy.przemyska.pl\/index.php\/wp-json\/wp\/v2\/tags?post=4369"}],"curies":[{"name":"wp","href":"https:\/\/api.w.org\/{rel}","templated":true}]}}