{"id":4357,"date":"2026-03-08T09:54:01","date_gmt":"2026-03-08T08:54:01","guid":{"rendered":"https:\/\/budy.przemyska.pl\/?p=4357"},"modified":"2026-03-22T09:41:02","modified_gmt":"2026-03-22T08:41:02","slug":"iii-niedziela-wielkiego-postu-ogloszenia-parafialne-8-marzec-2026","status":"publish","type":"post","link":"https:\/\/budy.przemyska.pl\/index.php\/2026\/03\/08\/iii-niedziela-wielkiego-postu-ogloszenia-parafialne-8-marzec-2026\/","title":{"rendered":"III Niedziela Wielkiego Postu &#8211; Og\u0142oszenia parafialne 8 marzec 2026"},"content":{"rendered":"\n<h2 class=\"wp-block-heading\"><strong>Og\u0142oszenia<\/strong><\/h2>\n\n\n\n<ol class=\"wp-block-list\">\n<li>Dzi\u015b o godz.15.00 Nabo\u017ce\u0144stwo Gorzkich \u017bali, a po Nim Msza \u015bw.<\/li>\n\n\n\n<li>Jutro, w poniedzia\u0142ek, wypada w naszej Parafii ca\u0142odzienna Adoracja Naj\u015bwi\u0119tszego Sakramentu, w intencji o liczne i \u015bwi\u0119te powo\u0142ania do S\u0142u\u017cby Bo\u017cej. Rozpoczniemy Msz\u0105 \u015bw. o godz. 08.00, a zako\u0144czymy o godz. 17.00 Msz\u0105 \u015bw. parafialn\u0105. Porz\u0105dek Adoracji wed\u0142ug grafiku. Zach\u0119camy wszystkich parafian o w\u0142\u0105czenie si\u0119 w t\u0119 modlitw\u0119, cho\u0107by na chwil\u0119 wst\u0119puj\u0105c do ko\u015bcio\u0142a w tym dniu.<\/li>\n\n\n\n<li>W dniach 29-30 czerwca organizowana jest Pielgrzymka autokarowa z naszej parafii. W programie Pielgrzymki jest odwiedzenie Sanktuari\u00f3w w Krakowie \u2013 \u0141agiewnikach, na Jasnej G\u00f3rze w Cz\u0119stochowie, w Licheniu oraz Niepokalanowie. Koszt ok. 800 z\u0142. Zapisy na Pielgrzymk\u0119 w zakrystii.<\/li>\n\n\n\n<li>We wtorek po Mszy \u015bw. spotkanie dla ministrant\u00f3w b\u0119d\u0105cych ceremoniarzami lub przygotowuj\u0105cymi si\u0119 do tej pos\u0142ugi.<br>We wtorek r\u00f3wnie\u017c rozpoczniemy, po odm\u00f3wionym R\u00f3\u017ca\u0144cu, nowenn\u0119 przed Uroczysto\u015bci\u0105 \u015bw. J\u00f3zefa.<\/li>\n\n\n\n<li>W \u015brod\u0119 zbi\u00f3rka dla wszystkich ministrant\u00f3w.<\/li>\n\n\n\n<li>W czwartek Adoracja Naj\u015bwi\u0119tszego Sakramentu od godz. 16.00.<br>Po Mszy \u015bw. spotkanie Akcji Katolickiej.<\/li>\n\n\n\n<li>W pi\u0105tek Nabo\u017ce\u0144stwo Drogi Krzy\u017cowej w pi\u0105tek o godzinie 17.00, a po nim Msza \u015awi\u0119ta, za\u015b o godzinie 19.30 Droga Krzy\u017cowa prowadzona przez m\u0142odzie\u017c z naszej parafii.<\/li>\n\n\n\n<li>Za tydzie\u0144 III niedziela miesi\u0105ca. W naszej parafii sk\u0142ada inwestycyjna.<\/li>\n\n\n\n<li>W naszej Parafii prowadzony jest nab\u00f3r do Stra\u017cy Grobowej \u2013 \u201eTurk\u00f3w\u201d. Osoby zainteresowane proszone s\u0105 o kontakt telefoniczny z p. Maciejem Bia\u0142y \u2013 tel. 696 907 166.<\/li>\n\n\n\n<li>Sk\u0142adam serdeczne B\u00f3g zap\u0142a\u0107 dla os\u00f3b sprz\u0105taj\u0105cych i stroj\u0105cych ko\u015bci\u00f3\u0142 oraz za wszystkie ofiary sk\u0142adane na potrzeby parafii.<\/li>\n<\/ol>\n\n\n\n<h3 class=\"wp-block-heading\" id=\"block-fd90d34c-c680-4e22-90fc-73e9b0966dba\"><strong>Intencje mszalne<\/strong><\/h3>\n\n\n\n<h4 class=\"wp-block-heading\" id=\"block-43109fb7-6ecb-4544-8e2f-055f1fa81442\"><strong>od 9 marzec 2026 do 15 marzec 2026<\/strong><\/h4>\n\n\n\n<h4 class=\"wp-block-heading has-small-font-size\" id=\"block-b9ca7938-cc8e-4c58-bf43-a14153516457\">Gdyby zbyt d\u0142ugi czas nie by\u0142a og\u0142oszona zam\u00f3wiona intencja mszalna \u2013 prosimy o zg\u0142oszenie tego kap\u0142anowi.&nbsp; Zam\u00f3wiona intencja nie mo\u017ce zgin\u0105\u0107.<\/h4>\n\n\n\n<p id=\"block-76f97188-ebb9-4d45-a4d0-d351c20412a8\"><strong>Poniedzia\u0142ek \u2013 9 marzec<br><\/strong>08.00 + Mi\u0142osz Bartnik \u2013 (greg.)<br>08.00 + Jakub Rupar<br>17.00 + Stanis\u0142awa Pelc \u2013 od Krystyny i Ewy z rodzin\u0105<\/p>\n\n\n\n<p id=\"block-76f97188-ebb9-4d45-a4d0-d351c20412a8\"><strong>Wtorek \u2013 10 marzec<br><\/strong>1. + Mi\u0142osz Bartnik \u2013 (greg.)<br>2. + Maria, J\u00f3zef, Stanis\u0142aw, Jan Blok<br>3. + J\u00f3zef i Helena Kojder \u2013 od Andrzeja z rodzin\u0105<\/p>\n\n\n\n<p id=\"block-76f97188-ebb9-4d45-a4d0-d351c20412a8\"><strong>\u015aroda \u2013 11 marzec<br><\/strong>1. + Mi\u0142osz Bartnik \u2013 (greg.)<br>2. + Adam Zieli\u0144ski \u2013 od rodziny Roso\u0142\u00f3w<br>3. + J\u00f3zefa Mach \u2013 od Anny i Mariana Mach z rodzin\u0105<\/p>\n\n\n\n<p id=\"block-76f97188-ebb9-4d45-a4d0-d351c20412a8\"><strong>Czwartek \u2013 12 marzec<\/strong><br>1. + Mi\u0142osz Bartnik \u2013 (greg.)<br>2. + Franciszek \u015awizdor \u2013 1 rocznica \u015bmierci<br>3. + Ryszard Szajnar \u2013 od siostry Danuty Bartnik<\/p>\n\n\n\n<p id=\"block-76f97188-ebb9-4d45-a4d0-d351c20412a8\"><strong>Pi\u0105tek \u2013 13 marzec<\/strong><br>1. + Mi\u0142osz Bartnik \u2013 (greg.)<br>2. + Joanna, Stanis\u0142aw (15 r. \u015bm.) Dr\u0105\u017cek i zmarli z rodziny<br>3. + Filomena \u015awizdor (3 r. \u015bm.) i zm. Rodzice: Maria, J\u00f3zef<\/p>\n\n\n\n<p id=\"block-3c5fb2ce-fb33-4763-9d64-9e3f25d8b188\"><strong>Sobota \u2013 14 marzec<br><\/strong>1. + Mi\u0142osz Bartnik\u2013 (greg.)<br>2. + Stanis\u0142awa Pelc \u2013 od Barbary Ni\u017anik z rodzin\u0105<br>3. + Filomena \u015awizdor \u2013 3 rocznica \u015bmierci<\/p>\n\n\n\n<p id=\"block-3c5fb2ce-fb33-4763-9d64-9e3f25d8b188\"><strong>Niedziela \u2013 15 marzec<\/strong><br>06.30 + Stanis\u0142awa Machniak i + J\u00f3zef \u015awizdor<br>08 00 ++ Ryszard Ros\u00f3\u0142; Teresa, Roman, Jan Birek<br>08.00 + Helena Sowa (30 r. \u015bm.) oraz za zmar\u0142ych z rodziny<br>10.30 Za parafian<br>15.00 + Mi\u0142osz Bartnik \u2013 (greg.)<\/p>\n\n\n\n<p id=\"block-93f23c8d-7e53-4d18-b3cb-391a3613b143\"><strong>Modlitw\u0119 R\u00f3\u017ca\u0144cow\u0105 prowadz\u0105<\/strong><\/p>\n\n\n\n<p id=\"block-f648211f-50ae-4d48-ae8e-7f5e6bbcd8e7\">09. Pn. R\u00f3\u017ca \u015aw. Teresy od Dzieciatka Jezus \u2013 (Dorota Dzierga)<br>10. Wt. R\u00f3\u017ca \u015aw. Teresy Wielkiej \u2013 (Zofia Wierzbicka)<br>11. \u015ar. R\u00f3\u017ca \u015aw. Tomasza Aposto\u0142a \u2013 (Stanis\u0142aw \u015alimak)<br>12. Cz. Akcja Katolicka<br>13. Pt. KSM<br>14. Sb. R\u00f3\u017ca \u015aw. Zofii \u2013 (Zofia Kurek)<br>15. Nd. R\u00f3\u017ca \u015aw. Agaty \u2013 (Patrycja Por\u0119bna)<\/p>\n\n\n\n<p id=\"block-f648211f-50ae-4d48-ae8e-7f5e6bbcd8e7\">Wyznaczona R\u00f3\u017ca proszona jest o prowadzenie modlitwy<\/p>\n\n\n\n<p id=\"block-93f23c8d-7e53-4d18-b3cb-391a3613b143\"><strong>ADORACJA NAJ\u015aWI\u0118TSZEGO SAKRAMENTU <\/strong><br><strong>W PONIEDZIA\u0141EK &#8211; 09.03.2026 r.<\/strong><\/p>\n\n\n\n<p id=\"block-f648211f-50ae-4d48-ae8e-7f5e6bbcd8e7\">R\u00d3\u017bE R\u00d3\u017bA\u0143COWE<\/p>\n\n\n\n<p id=\"block-f648211f-50ae-4d48-ae8e-7f5e6bbcd8e7\">08.00 \u2013 Msza \u015bw. \/rozpocz\u0119cie\/<br>08.30 &#8211; 09.30 \u2013 R\u00f3\u017ca \u015bw. Agaty, \u015bw. Stanis\u0142awa Biskupa i \u015bw. Tomasza Aposto\u0142a<br>09.30 \u2013 10.30 \u2013 R\u00f3\u017ca \u015bw. Heleny, \u015bw. Teresy od Dzieci\u0105tka Jezus i \u015bw. Cecylii<br>10.30 \u2013 11.30 &#8211; R\u00f3\u017ca \u015bw. Marii Goretti, i \u015bw. Marii Magdaleny, \u015bw. Agnieszki, \u015bw. Teresy Wielkiej<br>11.30 \u2013 12.30 &#8211; R\u00f3\u017ca \u015bw. Anny, \u015bw. Andrzeja Aposto\u0142a i \u015bw. El\u017cbiety, \u015bw. Zofii<br>12.30 \u2013 13.30 \u2013 R\u00f3\u017ca \u015bw. Faustyny, Matki Bo\u017cej Szkaplerznej i \u015bw. Jadwigi Kr\u00f3lowej<br>13.30 \u2013 14.30 \u2013 R\u00f3\u017ca \u015bw. Franciszka z Asy\u017cu, \u015bw. Jadwigi \u015al\u0105skiej, \u015bw. Katarzyny<br>14.30 \u2013 15.30 \u2013 R\u00f3\u017ca \u015bw. Kingi, \u015bw. Klary i \u015bw. Marii Ma\u0142gorzaty<br>15.30 \u2013 16.30 \u2013 R\u00f3\u017ca \u015bw. Marty, Matki Bo\u017cej Bolesnej i Matki Bo\u017cej R\u00f3\u017ca\u0144cowej<br>16.30 \u2013 Dzie\u0142o Pomocy Powo\u0142aniom, Akcja Katolicka i R\u00f3\u017ca \u015bw. Genowefy<br>17.00 \u2013 Msza \u015bw. \/zako\u0144czenie\/<\/p>\n\n\n\n<p><\/p>\n","protected":false},"excerpt":{"rendered":"<p>Og\u0142oszenia Intencje mszalne od 9 marzec 2026 do 15 marzec 2026 Gdyby zbyt d\u0142ugi czas nie by\u0142a og\u0142oszona zam\u00f3wiona intencja mszalna \u2013 prosimy o zg\u0142oszenie tego kap\u0142anowi.&nbsp; Zam\u00f3wiona intencja nie &hellip; <a href=\"https:\/\/budy.przemyska.pl\/index.php\/2026\/03\/08\/iii-niedziela-wielkiego-postu-ogloszenia-parafialne-8-marzec-2026\/\" class=\"more-link\">Czytaj dalej <span class=\"screen-reader-text\">III Niedziela Wielkiego Postu &#8211; Og\u0142oszenia parafialne 8 marzec 2026<\/span> <span class=\"meta-nav\">&rarr;<\/span><\/a><\/p>\n","protected":false},"author":1,"featured_media":4007,"comment_status":"closed","ping_status":"closed","sticky":false,"template":"","format":"standard","meta":{"footnotes":""},"categories":[6,4],"tags":[],"class_list":["post-4357","post","type-post","status-publish","format-standard","has-post-thumbnail","hentry","category-aktualnosci","category-ogloszenia"],"_links":{"self":[{"href":"https:\/\/budy.przemyska.pl\/index.php\/wp-json\/wp\/v2\/posts\/4357","targetHints":{"allow":["GET"]}}],"collection":[{"href":"https:\/\/budy.przemyska.pl\/index.php\/wp-json\/wp\/v2\/posts"}],"about":[{"href":"https:\/\/budy.przemyska.pl\/index.php\/wp-json\/wp\/v2\/types\/post"}],"author":[{"embeddable":true,"href":"https:\/\/budy.przemyska.pl\/index.php\/wp-json\/wp\/v2\/users\/1"}],"replies":[{"embeddable":true,"href":"https:\/\/budy.przemyska.pl\/index.php\/wp-json\/wp\/v2\/comments?post=4357"}],"version-history":[{"count":11,"href":"https:\/\/budy.przemyska.pl\/index.php\/wp-json\/wp\/v2\/posts\/4357\/revisions"}],"predecessor-version":[{"id":4368,"href":"https:\/\/budy.przemyska.pl\/index.php\/wp-json\/wp\/v2\/posts\/4357\/revisions\/4368"}],"wp:featuredmedia":[{"embeddable":true,"href":"https:\/\/budy.przemyska.pl\/index.php\/wp-json\/wp\/v2\/media\/4007"}],"wp:attachment":[{"href":"https:\/\/budy.przemyska.pl\/index.php\/wp-json\/wp\/v2\/media?parent=4357"}],"wp:term":[{"taxonomy":"category","embeddable":true,"href":"https:\/\/budy.przemyska.pl\/index.php\/wp-json\/wp\/v2\/categories?post=4357"},{"taxonomy":"post_tag","embeddable":true,"href":"https:\/\/budy.przemyska.pl\/index.php\/wp-json\/wp\/v2\/tags?post=4357"}],"curies":[{"name":"wp","href":"https:\/\/api.w.org\/{rel}","templated":true}]}}