{"id":4245,"date":"2025-09-06T19:44:00","date_gmt":"2025-09-06T17:44:00","guid":{"rendered":"https:\/\/budy.przemyska.pl\/?p=4245"},"modified":"2025-09-21T09:32:20","modified_gmt":"2025-09-21T07:32:20","slug":"xxiii-niedziela-zwykla-ogloszenia-parafialne-7-wrzesien-2025","status":"publish","type":"post","link":"https:\/\/budy.przemyska.pl\/index.php\/2025\/09\/06\/xxiii-niedziela-zwykla-ogloszenia-parafialne-7-wrzesien-2025\/","title":{"rendered":"XXIII Niedziela Zwyk\u0142a &#8211; Og\u0142oszenia parafialne 7 wrzesie\u0144 2025"},"content":{"rendered":"\n<h2 class=\"wp-block-heading\"><strong>Og\u0142oszenia<\/strong><\/h2>\n\n\n\n<ol class=\"wp-block-list\">\n<li>Dzi\u015b o godz. 15.00 Nabo\u017ce\u0144stwo Adoracyjne, a potem Msza \u015bw.<\/li>\n\n\n\n<li>W tym tygodniu w Liturgii Ko\u015bcio\u0142a wspominamy: w poniedzia\u0142ek \u2013 \u015awi\u0119to Narodzenia NMP; w sobot\u0119 \u2013 wspomnienie \u015bw. Jana Chryzostoma.<\/li>\n\n\n\n<li>Jutro, w \u015awi\u0119to Matki Bo\u017cej Siewnej, po\u015bwi\u0119cenie ziarna pod zasiew.<\/li>\n\n\n\n<li>W czwartek adoracja Naj\u015bwi\u0119tszego Sakramentu od godz. 17.00.<br>Po Mszy \u015bw. spotkanie Akcji Katolickiej. Zach\u0119camy r\u00f3wnie\u017c nowych ch\u0119tnych parafian, kt\u00f3rzy chcieliby w\u0142\u0105czy\u0107 si\u0119 w dzia\u0142alno\u015b\u0107 Akcji katolickiej. Zach\u0119camy r\u00f3wnie\u017c m\u0142odzie\u017c do w\u0142\u0105czenia si\u0119 w dzia\u0142alno\u015b\u0107 KSM-u.<\/li>\n\n\n\n<li>27 wrze\u015bnia (sobota) b\u0119dzie mia\u0142a miejsce Pielgrzymka R\u00f3\u017c R\u00f3\u017ca\u0144cowych z ca\u0142ej naszej diecezji do Sanktuarium w Kalwarii Pac\u0142awskiej. Zach\u0119camy do udzia\u0142u w tej Pielgrzymce. Mo\u017cliwo\u015b\u0107 zapisania si\u0119 na wyjazd w zakrystii, po ka\u017cdej Mszy \u015bw.<\/li>\n\n\n\n<li>Sk\u0142adam serdeczne B\u00f3g zap\u0142a\u0107 dla os\u00f3b sprz\u0105taj\u0105cych i stroj\u0105cych ko\u015bci\u00f3\u0142 oraz za wszystkie ofiary sk\u0142adane na potrzeby parafii, w tym r\u00f3wnie\u017c ofiary na utrzymanie pracownik\u00f3w ko\u015bcielnych.<\/li>\n<\/ol>\n\n\n\n<h3 class=\"wp-block-heading\"><strong>Intencje mszalne<\/strong><\/h3>\n\n\n\n<h4 class=\"wp-block-heading\"><strong>od 8 wrze\u015bnia 2025 do 14 wrze\u015bnia 2025<\/strong><\/h4>\n\n\n\n<h4 class=\"wp-block-heading has-small-font-size\"><strong>Gdyby zbyt d\u0142ugi czas nie by\u0142a og\u0142oszona zam\u00f3wiona intencja mszalna \u2013 prosimy o zg\u0142oszenie tego kap\u0142anowi.&nbsp; Zam\u00f3wiona intencja nie mo\u017ce zgin\u0105\u0107.<\/strong><\/h4>\n\n\n\n<p><strong>Poniedzia\u0142ek \u2013 8 wrzesie\u0144<br><\/strong>1. + Stanis\u0142aw Kubis \u2013 (pocz. greg.)<br>2. + Wies\u0142aw Kubis i zmarli z rodziny<br>3. + Franciszek \u015awizdor \u2013 od c\u00f3rki Ewy z m\u0119\u017cem<\/p>\n\n\n\n<p><strong>Wtorek \u2013 9 wrzesie\u0144<br><\/strong>1. + Stanis\u0142aw Kubis \u2013 (greg.)<br>2. + Janusz Baj \u2013 od rodziny \u015awizdor<br>3. + Jan Kurek, Stanis\u0142aw Kurek oraz Anna i Marian Biel\u00f3wka<\/p>\n\n\n\n<p><strong>\u015aroda \u2013 10 <strong>wrzesie\u0144<\/strong><br><\/strong>1. + Stanis\u0142aw Kubis \u2013 (greg.)<br>2. Za zmar\u0142ych z rodziny Dro\u017cd\u017cel, Zygmunt i P\u0105czka<br>3. + Cecylia (7 r. \u015bm.) i Jan Miara (15 r. \u015bm.)<\/p>\n\n\n\n<p><strong>Czwartek \u2013 11<strong> wrzesie\u0144<\/strong><\/strong><br>1. + Stanis\u0142aw Kubis \u2013 (greg.)<br>2. + Stefania Kojder \u2013 od c\u00f3rki Agnieszki z m\u0119\u017cem<br>3. + Franciszek, Anna, Franciszek <\/p>\n\n\n\n<p><strong>Pi\u0105tek \u2013 12 <strong>wrzesie\u0144<\/strong><\/strong><br>1. + Stanis\u0142aw Kubis \u2013 (greg.)<br>2. + Kazimierz Cebula (11 r. \u015bm.) oraz zmarli Rodzice: Katarzyna i J\u00f3zef<br>3. + Wincenty, Weronika, Stanis\u0142aw Bielecki<\/p>\n\n\n\n<p><strong>Sobota \u2013 13<strong> wrzesie\u0144<\/strong><br><\/strong>1. + Stanis\u0142aw Kubis \u2013 (greg.)<br>2. + Janusz Baj \u2013 od rodziny Kwolk\u00f3w<br>3. + Zofia Baran \u2013 z R\u00f3\u017cy \u015bw. Teresy Wielkiej<\/p>\n\n\n\n<p><strong>Niedziela \u2013 14<strong> wrzesie\u0144<\/strong><br><\/strong>06.30 + Stefania Kojder \u2013 od wnuczki Marleny<br>08.00 + Teresa, Tomasz Mach<br>08.00 + Tadeusz Nykiel \u2013 od \u017cony<br>10.30 Za parafian<br>15.00 + Stanis\u0142aw Kubis \u2013 (greg.)<\/p>\n\n\n\n<h3 class=\"wp-block-heading\"><strong>Modlitw\u0119 r\u00f3\u017ca\u0144cow\u0105 prowadz\u0105<\/strong><\/h3>\n\n\n\n<p>08. Pn. R\u00f3\u017ca \u015aw. Genowefy \u2013 (Genowefa Dr\u0105\u017cek)<br>09. Wt. R\u00f3\u017ca \u015aw. Jadwigi Kr\u00f3lowej \u2013 (Halina Dyrda)<br>10. \u015ar. R\u00f3\u017ca \u015aw. Heleny \u2013 (Halina Dyl)<br>11. Cz. Akcja Katolicka<br>12. Pt. KSM<br>13. Sb. R\u00f3\u017ca \u015aw. Katarzyny \u2013 (Zofia Panek)<br>14. Nd. R\u00f3\u017ca \u015aw. Klary \u2013 (Teresa G\u0142owiak)<\/p>\n\n\n\n<p>Wyznaczona R\u00f3\u017ca jest proszona o prowadzenie modlitwy r\u00f3\u017ca\u0144cowej<\/p>\n","protected":false},"excerpt":{"rendered":"<p>Og\u0142oszenia Intencje mszalne od 8 wrze\u015bnia 2025 do 14 wrze\u015bnia 2025 Gdyby zbyt d\u0142ugi czas nie by\u0142a og\u0142oszona zam\u00f3wiona intencja mszalna \u2013 prosimy o zg\u0142oszenie tego kap\u0142anowi.&nbsp; Zam\u00f3wiona intencja nie &hellip; <a href=\"https:\/\/budy.przemyska.pl\/index.php\/2025\/09\/06\/xxiii-niedziela-zwykla-ogloszenia-parafialne-7-wrzesien-2025\/\" class=\"more-link\">Czytaj dalej <span class=\"screen-reader-text\">XXIII Niedziela Zwyk\u0142a &#8211; Og\u0142oszenia parafialne 7 wrzesie\u0144 2025<\/span> <span class=\"meta-nav\">&rarr;<\/span><\/a><\/p>\n","protected":false},"author":1,"featured_media":4007,"comment_status":"closed","ping_status":"closed","sticky":false,"template":"","format":"standard","meta":{"footnotes":""},"categories":[6,4],"tags":[],"class_list":["post-4245","post","type-post","status-publish","format-standard","has-post-thumbnail","hentry","category-aktualnosci","category-ogloszenia"],"_links":{"self":[{"href":"https:\/\/budy.przemyska.pl\/index.php\/wp-json\/wp\/v2\/posts\/4245","targetHints":{"allow":["GET"]}}],"collection":[{"href":"https:\/\/budy.przemyska.pl\/index.php\/wp-json\/wp\/v2\/posts"}],"about":[{"href":"https:\/\/budy.przemyska.pl\/index.php\/wp-json\/wp\/v2\/types\/post"}],"author":[{"embeddable":true,"href":"https:\/\/budy.przemyska.pl\/index.php\/wp-json\/wp\/v2\/users\/1"}],"replies":[{"embeddable":true,"href":"https:\/\/budy.przemyska.pl\/index.php\/wp-json\/wp\/v2\/comments?post=4245"}],"version-history":[{"count":1,"href":"https:\/\/budy.przemyska.pl\/index.php\/wp-json\/wp\/v2\/posts\/4245\/revisions"}],"predecessor-version":[{"id":4247,"href":"https:\/\/budy.przemyska.pl\/index.php\/wp-json\/wp\/v2\/posts\/4245\/revisions\/4247"}],"wp:featuredmedia":[{"embeddable":true,"href":"https:\/\/budy.przemyska.pl\/index.php\/wp-json\/wp\/v2\/media\/4007"}],"wp:attachment":[{"href":"https:\/\/budy.przemyska.pl\/index.php\/wp-json\/wp\/v2\/media?parent=4245"}],"wp:term":[{"taxonomy":"category","embeddable":true,"href":"https:\/\/budy.przemyska.pl\/index.php\/wp-json\/wp\/v2\/categories?post=4245"},{"taxonomy":"post_tag","embeddable":true,"href":"https:\/\/budy.przemyska.pl\/index.php\/wp-json\/wp\/v2\/tags?post=4245"}],"curies":[{"name":"wp","href":"https:\/\/api.w.org\/{rel}","templated":true}]}}