{"id":4243,"date":"2025-08-31T21:21:33","date_gmt":"2025-08-31T19:21:33","guid":{"rendered":"https:\/\/budy.przemyska.pl\/?p=4243"},"modified":"2025-09-14T10:26:30","modified_gmt":"2025-09-14T08:26:30","slug":"xxii-niedziela-zwykla-ogloszenia-parafialne-31-sierpien-2025","status":"publish","type":"post","link":"https:\/\/budy.przemyska.pl\/index.php\/2025\/08\/31\/xxii-niedziela-zwykla-ogloszenia-parafialne-31-sierpien-2025\/","title":{"rendered":"XXII Niedziela Zwyk\u0142a &#8211; Og\u0142oszenia parafialne 31 sierpie\u0144 2025"},"content":{"rendered":"\n<h2 class=\"wp-block-heading\"><strong>Og\u0142oszenia<\/strong><\/h2>\n\n\n\n<ol class=\"wp-block-list\">\n<li>Dzi\u015b o godz. 15.00 Nabo\u017ce\u0144stwo do \u015bw. J\u00f3zefa, a potem Msza \u015bw.<\/li>\n\n\n\n<li>W tym tygodniu w Liturgii Ko\u015bcio\u0142a wspominamy: w \u015brod\u0119 \u2013 wspomnienie \u015bw. Grzegorza Wielkiego, papie\u017ca.<\/li>\n\n\n\n<li>Jutro o godz. 08.00 Msza \u015bw. na rozpocz\u0119cie nowego roku szkolnego. Zapraszamy dyrekcj\u0119, nauczycieli i wychowawc\u00f3w, rodzic\u00f3w i uczni\u00f3w, aby prosi\u0107 Boga o Jego b\u0142ogos\u0142awie\u0144stwo na czas nauki.<\/li>\n\n\n\n<li>W tym tygodniu wypada I czwartek, I pi\u0105tek i I sobota miesi\u0105ca.<\/li>\n\n\n\n<li>W I czwartek adoracja Naj\u015bwi\u0119tszego Sakramentu od godz. 17.00.<br>W tym dniu modlimy si\u0119 o powo\u0142ania do S\u0142u\u017cby Bo\u017cej oraz o potrzebne \u0142aski dla wszystkich, kt\u00f3rzy s\u0142u\u017c\u0105 Panu Bogu w Ko\u015bciele.<br>Po Mszy \u015bw. zbi\u00f3rka ministrant\u00f3w. Zapraszamy tak\u017ce nowych ministrant\u00f3w, kt\u00f3rzy chcieliby w\u0142\u0105czy\u0107 si\u0119 do s\u0142u\u017cby przy o\u0142tarzu.<\/li>\n\n\n\n<li>W I pi\u0105tek oddajemy cze\u015b\u0107 Naj\u015bwi\u0119tszego Serca Pana Jezusa. Po rannej Mszy \u015bw. o godz. 06.45 odwiedziny chorych z Komuni\u0105 \u015bw. Wieczorem Msza \u015bw. o godz. 18.00, a po Niej Nabo\u017ce\u0144stwo pierwszopi\u0105tkowe.<br>Po zako\u0144czeniu Mszy \u015bw. spotkanie KSM-u w salce na plebani. Zapraszamy ch\u0119tn\u0105 m\u0142odzie\u017c do przynale\u017cno\u015bci do tego Stowarzyszenia. Nowi cz\u0142onkowie mili widziani na spotkaniu.<\/li>\n\n\n\n<li>W I sobot\u0119 oddajemy cze\u015b\u0107 Niepokalanemu Serce NMP. Msza \u015bw.<br>o godz. 18.00, po Niej Nabo\u017ce\u0144stwo r\u00f3\u017ca\u0144cowe, a nast\u0119pnie procesja z figurk\u0105 Matki Bo\u017cej Fatimskiej i zmiana tajemnic r\u00f3\u017ca\u0144cowych.<\/li>\n\n\n\n<li>Mo\u017cliwo\u015b\u0107 spowiedzi \u015bw. codziennie, godzin\u0119 przed Msz\u0105 \u015bw.<\/li>\n\n\n\n<li>Sk\u0142adam serdeczne B\u00f3g zap\u0142a\u0107 dla os\u00f3b sprz\u0105taj\u0105cych i stroj\u0105cych ko\u015bci\u00f3\u0142 oraz za wszystkie ofiary sk\u0142adane na potrzeby parafii, w tym r\u00f3wnie\u017c ofiary na utrzymanie pracownik\u00f3w ko\u015bcielnych.<\/li>\n<\/ol>\n\n\n\n<h3 class=\"wp-block-heading\"><strong>Intencje mszalne<\/strong><\/h3>\n\n\n\n<h4 class=\"wp-block-heading\"><strong>od 1 wrze\u015bnia 2025 do 7 wrze\u015bnia 2025<\/strong><\/h4>\n\n\n\n<h4 class=\"wp-block-heading has-small-font-size\"><strong>Gdyby zbyt d\u0142ugi czas nie by\u0142a og\u0142oszona zam\u00f3wiona intencja mszalna \u2013 prosimy o zg\u0142oszenie tego kap\u0142anowi.&nbsp; Zam\u00f3wiona intencja nie mo\u017ce zgin\u0105\u0107.<\/strong><\/h4>\n\n\n\n<p><strong>Poniedzia\u0142ek \u2013 1 wrzesie\u0144<br><\/strong>1. + Stanis\u0142aw Kubis \u2013 (pocz. greg.)<br>2. + Janusz Baj \u2013 od rodziny Saca\u0142\u00f3w z Rog\u00f3\u017cna<br>3. + Zofia Baran \u2013 od rodziny Wierzbickich<\/p>\n\n\n\n<p><strong>Wtorek \u2013 2 wrzesie\u0144<br><\/strong>1. + Stanis\u0142aw Kubis \u2013 (greg.)<br>2. + Stanis\u0142aw, W\u0142adys\u0142aw, Julia, Maria Wikiera<br>3. + Stefan, Urszula i zmarli Rodzice<\/p>\n\n\n\n<p><strong>\u015aroda \u2013 3 <strong>wrzesie\u0144<\/strong><br><\/strong>1. + Stanis\u0142aw Kubis \u2013 (greg.)<br>2. + Zofia, Franciszek Dyrda<br>3. + Tadeusz Baran \u2013 4 rocznica \u015bmierci<\/p>\n\n\n\n<p><strong>Czwartek \u2013 4<strong> wrzesie\u0144<\/strong><\/strong><br>1. + Stanis\u0142aw Kubis \u2013 (greg.)<br>2. + W\u0142adys\u0142aw(3 r. \u015bm.), Krystyna, J\u00f3zefa, Stanis\u0142aw Hypnar<br>3. + Cecylia, J\u00f3zef, Anna, Stefan Socha i ich Rodzice<\/p>\n\n\n\n<p><strong>Pi\u0105tek \u2013 5<strong> wrzesie\u0144<\/strong><\/strong><br>06.45 + Stanis\u0142aw Kubis \u2013 (greg.)<br>06.45 + W\u0142adys\u0142awa (15 r. \u015bm.), Jan i J\u00f3zef Por\u0119bny; + Maria Rupar<br>18.00. + Janusz Baj \u2013 od rodziny Kwolek<br>18.00 W intencji Izabeli i Micha\u0142a w 15 rocznic\u0119 \u015blubu; o b\u0142og. Bo\u017ce, zdrowie i opiek\u0119 Matki Bo\u017cej<\/p>\n\n\n\n<p><strong>Sobota \u2013 6<strong> wrzesie\u0144<\/strong><br><\/strong>1. + Stanis\u0142aw Kubis \u2013 (greg.)<br>2. + Franciszek \u015awizdor \u2013 od Akcji Katolickiej<br>3. + Zofia Baran \u2013 od M. B.<\/p>\n\n\n\n<p><strong>Niedziela \u2013 7<strong> wrzesie\u0144<\/strong><br><\/strong>06.30 + Maria, J\u00f3zef Bieleccy i zmarli Rodzice<br>08.00 + Zofia i Florian Pelc<br>08.00 + Piotr Wojtyna<br>10.30 Za parafian<br>15.00 + Stanis\u0142aw Kubis \u2013 (greg.)<\/p>\n\n\n\n<h3 class=\"wp-block-heading\"><strong>Modlitw\u0119 r\u00f3\u017ca\u0144cow\u0105 prowadz\u0105<\/strong><\/h3>\n\n\n\n<p>01. Pn. R\u00f3\u017ca \u015aw. Agnieszki \u2013 (Ma\u0142gorzata Markowicz)<br>02. Wt. R\u00f3\u017ca \u015aw. Cecylii \u2013 (Krystyna Markowicz)<br>03. \u015ar. R\u00f3\u017ca \u015aw. El\u017cbiety \u2013 (Alina Trojnar)<br>04. Cz. R\u00f3\u017ca \u015aw. Faustyny \u2013 (Eugenia \u015awizdor)<br>05. Pt. KSM<br>06. Sb. Kap\u0142an<br>07. Nd. Akcja Katolicka \u2013 Modlitwy w intencji rodzin<\/p>\n\n\n\n<p>Wyznaczona R\u00f3\u017ca jest proszona o prowadzenie modlitwy r\u00f3\u017ca\u0144cowej<\/p>\n\n\n\n<h3 class=\"wp-block-heading\"><strong>Propozycja intencji do przekazania do odprawienia w Wy\u017cszym Seminarium Duchownym w Przemy\u015blu<\/strong><\/h3>\n\n\n\n<p>01. + Tadeusz Nykiel \u2013 od Marka Pucy\u0142o<br>02. + Tadeusz Nykiel \u2013 od Tomasza S\u0142upek z rodzin\u0105<br>03. + Tadeusz Nykiel \u2013 od rodziny Zygmunt\u00f3w<br>04. + Tadeusz Nykiel \u2013 od chrze\u015bnicy Iwony Kolbusz z rodzin\u0105<br>05. + Maria Wikiera \u2013 od rodziny Kruk\u00f3w<br>06. + Maria Wikiera \u2013 od Zarz\u0105du i Pracownik\u00f3w firmy MARSPAW<br>07. + Maria Wikiera \u2013 od kol. z pracy firmy syna<br>08. + W\u0142adys\u0142aw Lasek \u2013 od Aleksandra Surmacza z rodzin\u0105<br>09. + W\u0142adys\u0142aw Lasek \u2013 od Laury z rodzin\u0105<br>10. + W\u0142adys\u0142aw Lasek \u2013 od Sylwii Rajzer<\/p>\n","protected":false},"excerpt":{"rendered":"<p>Og\u0142oszenia Intencje mszalne od 1 wrze\u015bnia 2025 do 7 wrze\u015bnia 2025 Gdyby zbyt d\u0142ugi czas nie by\u0142a og\u0142oszona zam\u00f3wiona intencja mszalna \u2013 prosimy o zg\u0142oszenie tego kap\u0142anowi.&nbsp; Zam\u00f3wiona intencja nie &hellip; <a href=\"https:\/\/budy.przemyska.pl\/index.php\/2025\/08\/31\/xxii-niedziela-zwykla-ogloszenia-parafialne-31-sierpien-2025\/\" class=\"more-link\">Czytaj dalej <span class=\"screen-reader-text\">XXII Niedziela Zwyk\u0142a &#8211; Og\u0142oszenia parafialne 31 sierpie\u0144 2025<\/span> <span class=\"meta-nav\">&rarr;<\/span><\/a><\/p>\n","protected":false},"author":1,"featured_media":4007,"comment_status":"closed","ping_status":"closed","sticky":false,"template":"","format":"standard","meta":{"footnotes":""},"categories":[6,4],"tags":[],"class_list":["post-4243","post","type-post","status-publish","format-standard","has-post-thumbnail","hentry","category-aktualnosci","category-ogloszenia"],"_links":{"self":[{"href":"https:\/\/budy.przemyska.pl\/index.php\/wp-json\/wp\/v2\/posts\/4243","targetHints":{"allow":["GET"]}}],"collection":[{"href":"https:\/\/budy.przemyska.pl\/index.php\/wp-json\/wp\/v2\/posts"}],"about":[{"href":"https:\/\/budy.przemyska.pl\/index.php\/wp-json\/wp\/v2\/types\/post"}],"author":[{"embeddable":true,"href":"https:\/\/budy.przemyska.pl\/index.php\/wp-json\/wp\/v2\/users\/1"}],"replies":[{"embeddable":true,"href":"https:\/\/budy.przemyska.pl\/index.php\/wp-json\/wp\/v2\/comments?post=4243"}],"version-history":[{"count":2,"href":"https:\/\/budy.przemyska.pl\/index.php\/wp-json\/wp\/v2\/posts\/4243\/revisions"}],"predecessor-version":[{"id":4246,"href":"https:\/\/budy.przemyska.pl\/index.php\/wp-json\/wp\/v2\/posts\/4243\/revisions\/4246"}],"wp:featuredmedia":[{"embeddable":true,"href":"https:\/\/budy.przemyska.pl\/index.php\/wp-json\/wp\/v2\/media\/4007"}],"wp:attachment":[{"href":"https:\/\/budy.przemyska.pl\/index.php\/wp-json\/wp\/v2\/media?parent=4243"}],"wp:term":[{"taxonomy":"category","embeddable":true,"href":"https:\/\/budy.przemyska.pl\/index.php\/wp-json\/wp\/v2\/categories?post=4243"},{"taxonomy":"post_tag","embeddable":true,"href":"https:\/\/budy.przemyska.pl\/index.php\/wp-json\/wp\/v2\/tags?post=4243"}],"curies":[{"name":"wp","href":"https:\/\/api.w.org\/{rel}","templated":true}]}}