{"id":4235,"date":"2025-08-23T20:30:34","date_gmt":"2025-08-23T18:30:34","guid":{"rendered":"https:\/\/budy.przemyska.pl\/?p=4235"},"modified":"2025-09-06T19:44:12","modified_gmt":"2025-09-06T17:44:12","slug":"xxi-niedziela-zwykla-ogloszenia-parafialne-24-sierpien-2025","status":"publish","type":"post","link":"https:\/\/budy.przemyska.pl\/index.php\/2025\/08\/23\/xxi-niedziela-zwykla-ogloszenia-parafialne-24-sierpien-2025\/","title":{"rendered":"XXI Niedziela Zwyk\u0142a &#8211; Og\u0142oszenia parafialne 24 sierpie\u0144 2025"},"content":{"rendered":"\n<h2 class=\"wp-block-heading\"><strong>Og\u0142oszenia<\/strong><\/h2>\n\n\n\n<ol class=\"wp-block-list\">\n<li>Dzi\u015b o godz. 15.00 Nabo\u017ce\u0144stwo do Matki Bo\u017cej, a potem Msza \u015bw.<\/li>\n\n\n\n<li>W tym tygodniu w Liturgii Ko\u015bcio\u0142a wspominamy: we wtorek \u2013 Uroczysto\u015b\u0107 NMP Cz\u0119stochowskiej; w \u015brod\u0119 \u2013 wspomnienie \u015bw. Moniki; w czwartek \u2013 wspomnienie \u015bw. Augustyna; w pi\u0105tek \u2013 wspomnienie m\u0119cze\u0144stwa \u015bw. Jana Chrzciciela.<\/li>\n\n\n\n<li>Codziennie, godzin\u0119 przed Msz\u0105 \u015bw. mo\u017cliwo\u015b\u0107 skorzystania ze Spowiedzi \u015bw. Zach\u0119camy dzieci i m\u0142odzie\u017c do skorzystania z tego Sakramentu przed rozpocz\u0119ciem nowego roku szkolnego. Rodzic\u00f3w za\u015b prosimy o przypomnienie swoim dzieciom o Spowiedzi \u015bw.<\/li>\n\n\n\n<li>W tym tygodniu po\u017cegnali\u015bmy ks. Piotra Bolanowskiego, kt\u00f3ry zosta\u0142 skierowany do pos\u0142ugi w parafii Przysietnica. Bardzo serdecznie dzi\u0119kuj\u0119 mu za dwuletni\u0105 prac\u0119 w naszej parafii. R\u00f3wnocze\u015bnie witamy w naszej parafii ks. Tomasza Gierczaka, pochodz\u0105cego z parafii Cieszacin Wielki, kt\u00f3ry po \u015bwi\u0119ceniach w tym roku, rozpoczyna w naszej parafii prac\u0119 kap\u0142a\u0144sk\u0105. \u017byczymy mu, aby si\u0119 dobrze czu\u0142 w\u015br\u00f3d nas.<\/li>\n\n\n\n<li>Sk\u0142adam serdeczne B\u00f3g zap\u0142a\u0107 dla os\u00f3b sprz\u0105taj\u0105cych i stroj\u0105cych ko\u015bci\u00f3\u0142 oraz za wszystkie ofiary sk\u0142adane na potrzeby parafii, w tym tak\u017ce ofiary na utrzymanie pracownik\u00f3w parafialnych.<\/li>\n<\/ol>\n\n\n\n<h3 class=\"wp-block-heading\"><strong>Intencje mszalne<\/strong><\/h3>\n\n\n\n<h4 class=\"wp-block-heading\"><strong>od 25 sierpnia 2025 do 31 sierpnia 2025<\/strong><\/h4>\n\n\n\n<h4 class=\"wp-block-heading has-small-font-size\"><strong>Gdyby zbyt d\u0142ugi czas nie by\u0142a og\u0142oszona zam\u00f3wiona intencja mszalna \u2013 prosimy o zg\u0142oszenie tego kap\u0142anowi.&nbsp; Zam\u00f3wiona intencja nie mo\u017ce zgin\u0105\u0107.<\/strong><\/h4>\n\n\n\n<p><strong>Poniedzia\u0142ek \u2013 25 sierpie\u0144<br><\/strong>1. + Zuzanna Dyrda \u2013 (greg.)<br>2. + Zbigniew Wasilewski i zmarli Rodzice<br>3. + Zbigniew K\u0119dziora \u2013 rocznica \u015bmierci<\/p>\n\n\n\n<p><strong>Wtorek \u2013 26 sierpie\u0144<br><\/strong>1. + Zuzanna Dyrda \u2013 (greg.)<br>2. + Franciszek Mach (r. \u015bm.) i Stefania Mach<br>3. + Salomea, J\u00f3zef Bosak i zmarli z rodziny<\/p>\n\n\n\n<p><strong>\u015aroda \u2013 27 sierpie\u0144<br><\/strong>1. + Zuzanna Dyrda \u2013 (greg.)<br>2. + Albina i W\u0142adys\u0142aw \u015awizdor i zmarli z rodziny<br>3. + Zofia Baran \u2013 od rodziny Baran\u00f3w<\/p>\n\n\n\n<p><strong>Czwartek \u2013 28 sierpie\u0144<\/strong><br>1. + Zuzanna Dyrda \u2013 (greg.)<br>2. W intencji Pielgrzym\u00f3w do Strachociny z racji spotkania Akcji Katolickiej w maju<br>3. + J\u00f3zefa S\u0142ysz (2 r. \u015bm.) i Franciszek S\u0142ysz<\/p>\n\n\n\n<p><strong>Pi\u0105tek \u2013 29 sierpie\u0144<\/strong><br>1. + Zuzanna Dyrda \u2013 (greg.)<br>2. + Stanis\u0142aw Cebula \u2013 1 rocznica \u015bmierci<br>3. + Helena i Ludwik Machniak \u2013 rocznica \u015bmierci<\/p>\n\n\n\n<p><strong>Sobota \u2013 30 sierpie\u0144<br><\/strong>1. + Zuzanna Dyrda \u2013 (greg.)<br>2. + Maria Rupar \u2013 od E. A. Piestrak z dzie\u0107mi i ich rodzinami<br>3. W intencji przyjmuj\u0105cych Sakrament Bierzmowania w tym roku oraz ich Rodzic\u00f3w<\/p>\n\n\n\n<p><strong>Niedziela \u2013 31 sierpie\u0144<br><\/strong>06.30 + Franciszek \u015awizdor \u2013 od kole\u017canek ze Szko\u0142y Podstawowej c\u00f3rki Amelii<br>08.00 W intencji Pielgrzym\u00f3w i ich Rodzin: uczestnik\u00f3w Pielgrzymki do Dukli, Lewoczy, Zakopanego i Lud\u017amierza<br>08.00 + Teresa i Edward Kwolek<br>10.30 Za parafian<br>15.00 O b\u0142ogos\u0142awie\u0144stwo Bo\u017ce dla rodziny<\/p>\n\n\n\n<h3 class=\"wp-block-heading\"><strong>Modlitw\u0119 r\u00f3\u017ca\u0144cow\u0105 prowadz\u0105<\/strong><\/h3>\n\n\n\n<p>25. Pn. R\u00f3\u017ca \u015aw. Stanis\u0142awa Bpa \u2013 (Wojciech Pelc)<br>26. Wt. R\u00f3\u017ca \u015aw. Teresy od Dzieci\u0105tka Jezus \u2013 (Dorota Dzierga)<br>27. \u015ar. R\u00f3\u017ca \u015aw. Teresy Wielkiej \u2013 (Zofia Wierzbicka)<br>28. Cz. R\u00f3\u017ca \u015aw. Tomasza Aposto\u0142a \u2013 (Stanis\u0142aw \u015alimak)<br>29. Pt. KSM<br>30. Sb. R\u00f3\u017ca \u015aw. Zofii \u2013 (Zofia Kurek)<br>31. Nd. R\u00f3\u017ca \u015aw. Agaty &#8211; (Patrycja Por\u0119bna)<\/p>\n\n\n\n<p>Wyznaczona R\u00f3\u017ca jest proszona o prowadzenie modlitwy r\u00f3\u017ca\u0144cowej<\/p>\n","protected":false},"excerpt":{"rendered":"<p>Og\u0142oszenia Intencje mszalne od 25 sierpnia 2025 do 31 sierpnia 2025 Gdyby zbyt d\u0142ugi czas nie by\u0142a og\u0142oszona zam\u00f3wiona intencja mszalna \u2013 prosimy o zg\u0142oszenie tego kap\u0142anowi.&nbsp; Zam\u00f3wiona intencja nie &hellip; <a href=\"https:\/\/budy.przemyska.pl\/index.php\/2025\/08\/23\/xxi-niedziela-zwykla-ogloszenia-parafialne-24-sierpien-2025\/\" class=\"more-link\">Czytaj dalej <span class=\"screen-reader-text\">XXI Niedziela Zwyk\u0142a &#8211; Og\u0142oszenia parafialne 24 sierpie\u0144 2025<\/span> <span class=\"meta-nav\">&rarr;<\/span><\/a><\/p>\n","protected":false},"author":1,"featured_media":4007,"comment_status":"closed","ping_status":"closed","sticky":false,"template":"","format":"standard","meta":{"footnotes":""},"categories":[6,4],"tags":[],"class_list":["post-4235","post","type-post","status-publish","format-standard","has-post-thumbnail","hentry","category-aktualnosci","category-ogloszenia"],"_links":{"self":[{"href":"https:\/\/budy.przemyska.pl\/index.php\/wp-json\/wp\/v2\/posts\/4235","targetHints":{"allow":["GET"]}}],"collection":[{"href":"https:\/\/budy.przemyska.pl\/index.php\/wp-json\/wp\/v2\/posts"}],"about":[{"href":"https:\/\/budy.przemyska.pl\/index.php\/wp-json\/wp\/v2\/types\/post"}],"author":[{"embeddable":true,"href":"https:\/\/budy.przemyska.pl\/index.php\/wp-json\/wp\/v2\/users\/1"}],"replies":[{"embeddable":true,"href":"https:\/\/budy.przemyska.pl\/index.php\/wp-json\/wp\/v2\/comments?post=4235"}],"version-history":[{"count":1,"href":"https:\/\/budy.przemyska.pl\/index.php\/wp-json\/wp\/v2\/posts\/4235\/revisions"}],"predecessor-version":[{"id":4236,"href":"https:\/\/budy.przemyska.pl\/index.php\/wp-json\/wp\/v2\/posts\/4235\/revisions\/4236"}],"wp:featuredmedia":[{"embeddable":true,"href":"https:\/\/budy.przemyska.pl\/index.php\/wp-json\/wp\/v2\/media\/4007"}],"wp:attachment":[{"href":"https:\/\/budy.przemyska.pl\/index.php\/wp-json\/wp\/v2\/media?parent=4235"}],"wp:term":[{"taxonomy":"category","embeddable":true,"href":"https:\/\/budy.przemyska.pl\/index.php\/wp-json\/wp\/v2\/categories?post=4235"},{"taxonomy":"post_tag","embeddable":true,"href":"https:\/\/budy.przemyska.pl\/index.php\/wp-json\/wp\/v2\/tags?post=4235"}],"curies":[{"name":"wp","href":"https:\/\/api.w.org\/{rel}","templated":true}]}}