{"id":4233,"date":"2025-08-17T20:13:31","date_gmt":"2025-08-17T18:13:31","guid":{"rendered":"https:\/\/budy.przemyska.pl\/?p=4233"},"modified":"2025-09-01T21:28:55","modified_gmt":"2025-09-01T19:28:55","slug":"xx-niedziela-zwykla-ogloszenia-parafialne-17-sierpien-2025","status":"publish","type":"post","link":"https:\/\/budy.przemyska.pl\/index.php\/2025\/08\/17\/xx-niedziela-zwykla-ogloszenia-parafialne-17-sierpien-2025\/","title":{"rendered":"XX Niedziela Zwyk\u0142a &#8211; Og\u0142oszenia parafialne 17 sierpie\u0144 2025"},"content":{"rendered":"\n<h2 class=\"wp-block-heading\"><strong>Og\u0142oszenia<\/strong><\/h2>\n\n\n\n<ol class=\"wp-block-list\">\n<li>Dzi\u015b o godz. 15.00 Nab. do Bo\u017cego Mi\u0142osierdzia, a potem Msza \u015bw.<\/li>\n\n\n\n<li>W tym tygodniu w Liturgii Ko\u015bcio\u0142a wspominamy: w \u015brod\u0119 \u2013 wspomnienie \u015bw. Bernarda; w czwartek \u2013 wspomnienie \u015bw. Piusa X; w pi\u0105tek \u2013 wspomnienie NMP Kr\u00f3lowej.<\/li>\n\n\n\n<li>Sk\u0142adam serdeczne B\u00f3g zap\u0142a\u0107 dla os\u00f3b sprz\u0105taj\u0105cych i stroj\u0105cych ko\u015bci\u00f3\u0142 oraz za wszystkie ofiary sk\u0142adane na potrzeby parafii.<\/li>\n<\/ol>\n\n\n\n<h3 class=\"wp-block-heading\"><strong>Intencje mszalne<\/strong><\/h3>\n\n\n\n<h4 class=\"wp-block-heading\"><strong>od 18 sierpnia 2025 do 24 sierpnia 2025<\/strong><\/h4>\n\n\n\n<h4 class=\"wp-block-heading has-small-font-size\"><strong>Gdyby zbyt d\u0142ugi czas nie by\u0142a og\u0142oszona zam\u00f3wiona intencja mszalna \u2013 prosimy o zg\u0142oszenie tego kap\u0142anowi.&nbsp; Zam\u00f3wiona intencja nie mo\u017ce zgin\u0105\u0107.<\/strong><\/h4>\n\n\n\n<p><strong>Poniedzia\u0142ek \u2013 18 sierpie\u0144<br><\/strong>1. + Zuzanna Dyrda \u2013 (greg.)<br>2. + Maria Rupar \u2013 od brata Stanis\u0142awa<br>3. + Konrad Ko\u0142cz \u2013 w rocznic\u0119 \u015bmierci<\/p>\n\n\n\n<p><strong>Wtorek \u2013 19 sierpie\u0144<br><\/strong>1. + Zuzanna Dyrda \u2013 (greg.)<br>2. + Stanis\u0142aw Benedyk i zmarli z rodziny<br>3. + Zofia Baran \u2013 od c\u00f3rki Lucyny z rodzin\u0105<\/p>\n\n\n\n<p><strong>\u015aroda \u2013 20 sierpie\u0144<br><\/strong>1. + Zuzanna Dyrda \u2013 (greg.)<br>2. + Arkadiusz Sanok \u2013 rocznica \u015bmierci<br>3. Dzi\u0119kczynna za otrzymane \u0142aski; z pro\u015bb\u0105 o zdrowie i b\u0142og. Bo\u017ce w 30 rocznic\u0119 \u015blubu<\/p>\n\n\n\n<p><strong>Czwartek \u2013 21 sierpie\u0144<\/strong><br>1. + Zuzanna Dyrda \u2013 (greg.)<br>2. + Franciszek \u015awizdor \u2013 od rodziny Cebulak\u00f3w<br>3. + Janina Ko\u0142cz (3 r. \u015bm.) oraz + Stanis\u0142aw i Zdzis\u0142aw Ko\u0142cz<\/p>\n\n\n\n<p><strong>Pi\u0105tek \u2013 22 sierpie\u0144<\/strong><br>1. + Zuzanna Dyrda \u2013 (greg.)<br>2. + Jan, Helena, Franciszek Ko\u0142cz<br>3. + Teresa Baran \u2013 rocznica \u015bmierci<\/p>\n\n\n\n<p><strong>Sobota \u2013 23 sierpie\u0144<br><\/strong>1. + Zuzanna Dyrda \u2013 (greg.)<br>2. + Antonina, Maria, Zofia, Franciszek Wn\u0119k<br>3. + Zofia Baran \u2013 od syna Andrzeja z \u017con\u0105<\/p>\n\n\n\n<p><strong>Niedziela \u2013 24 sierpie\u0144<br><\/strong>06.30 + Genowefa Kojder (r. \u015bm.), W\u0142adys\u0142aw i Maria Kojder oraz + Lucyna i Janusz Wo\u015b<br>08.00 + Zuzanna Dyrda \u2013 (greg.)<br>08.00 + Franciszek \u015awizdor \u2013 od chrze\u015bniaka J\u00f3zefa z rodz.<br>10.30 Za parafian<br>15.00 Dzi\u0119kczynna za otrzymane \u0142aski; z pro\u015bb\u0105 o b\u0142. Bo\u017ce, zdrowie i opiek\u0119 Matki Bo\u017cej dla Stanis\u0142awa w 90 rocz. urodzin<\/p>\n\n\n\n<h3 class=\"wp-block-heading\"><strong>Modlitw\u0119 r\u00f3\u017ca\u0144cow\u0105 prowadz\u0105<\/strong><\/h3>\n\n\n\n<p>18. Pn. R\u00f3\u017ca \u015aw. Marty \u2013 (Czes\u0142awa Por\u0119bna)<br>19. Wt. R\u00f3\u017ca Matki Bo\u017cej Szkaplerznej \u2013 (Maria K\u0142os)<br>20. \u015ar. R\u00f3\u017ca Matki Bo\u017cej Bolesnej \u2013 (Krystyna Szostek)<br>21. Cz. R\u00f3\u017ca Matki Bo\u017cej R\u00f3\u017ca\u0144cowej \u2013 (Zofia \u015awizdor)<br>22. Pt. KSM<br>23. Sb. R\u00f3\u017ca \u015aw. Jadwigi \u015al\u0105skiej \u2013 (Edyta Wal)<br>24. Nd. R\u00f3\u017ca \u015aw. Andrzeja Aposto\u0142a &#8211; (J\u00f3zef M\u0105dry)<\/p>\n\n\n\n<p>Wyznaczona R\u00f3\u017ca jest proszona o prowadzenie modlitwy r\u00f3\u017ca\u0144cowej<\/p>\n\n\n\n<h3 class=\"wp-block-heading\"><strong>Propozycja intencji do przekazania do odprawienia w Wy\u017cszym Seminarium Duchownym w Przemy\u015blu<\/strong><\/h3>\n\n\n\n<p>01. + Zofia Baran \u2013 od Anny i Andrzeja Krauz z rodzin\u0105<br>02. + Zofia Baran \u2013 od bratanicy Joanny z m\u0119\u017cem<br>03. + Zofia Baran \u2013 od rodziny Bartnik\u00f3w<br>04. + Zofia Baran \u2013 od Krzysztofa Wojnar z rodzin\u0105<br>05. + Zofia Baran \u2013 od Krystyny i Mateusza Hanus<br>06. + Tadeusz Nykiel \u2013 od rodziny Szpilka<br>07. + Tadeusz Nykiel \u2013 od Adama i Janusza B\u0119ben<br>08. + Tadeusz Nykiel \u2013 od Zofii i Leszka Chmura z rodzin\u0105<br>09. + Tadeusz Nykiel \u2013 od rodziny s\u0105siad\u00f3w Kubis\u00f3w<br>10. + Tadeusz Nykiel \u2013 od rodziny Jo\u0144c\u00f3w z Rzeszowa<br>11. + Maria Wikiera \u2013 od Stanis\u0142awy Trojnar z D\u0119biny<br>12. + Maria Wikiera \u2013 od syna Stanis\u0142awa z rodzin\u0105<br>13. + Maria Wikiera \u2013 od wnuka Piotra z rodzin\u0105<br>14. + Maria Wikiera \u2013 od Agaty i Jerzego Kubis<br>15. + Maria Wikiera \u2013 od rodziny Strojnych<\/p>\n","protected":false},"excerpt":{"rendered":"<p>Og\u0142oszenia Intencje mszalne od 18 sierpnia 2025 do 24 sierpnia 2025 Gdyby zbyt d\u0142ugi czas nie by\u0142a og\u0142oszona zam\u00f3wiona intencja mszalna \u2013 prosimy o zg\u0142oszenie tego kap\u0142anowi.&nbsp; Zam\u00f3wiona intencja nie &hellip; <a href=\"https:\/\/budy.przemyska.pl\/index.php\/2025\/08\/17\/xx-niedziela-zwykla-ogloszenia-parafialne-17-sierpien-2025\/\" class=\"more-link\">Czytaj dalej <span class=\"screen-reader-text\">XX Niedziela Zwyk\u0142a &#8211; Og\u0142oszenia parafialne 17 sierpie\u0144 2025<\/span> <span class=\"meta-nav\">&rarr;<\/span><\/a><\/p>\n","protected":false},"author":1,"featured_media":4007,"comment_status":"closed","ping_status":"closed","sticky":false,"template":"","format":"standard","meta":{"footnotes":""},"categories":[6,4],"tags":[],"class_list":["post-4233","post","type-post","status-publish","format-standard","has-post-thumbnail","hentry","category-aktualnosci","category-ogloszenia"],"_links":{"self":[{"href":"https:\/\/budy.przemyska.pl\/index.php\/wp-json\/wp\/v2\/posts\/4233","targetHints":{"allow":["GET"]}}],"collection":[{"href":"https:\/\/budy.przemyska.pl\/index.php\/wp-json\/wp\/v2\/posts"}],"about":[{"href":"https:\/\/budy.przemyska.pl\/index.php\/wp-json\/wp\/v2\/types\/post"}],"author":[{"embeddable":true,"href":"https:\/\/budy.przemyska.pl\/index.php\/wp-json\/wp\/v2\/users\/1"}],"replies":[{"embeddable":true,"href":"https:\/\/budy.przemyska.pl\/index.php\/wp-json\/wp\/v2\/comments?post=4233"}],"version-history":[{"count":1,"href":"https:\/\/budy.przemyska.pl\/index.php\/wp-json\/wp\/v2\/posts\/4233\/revisions"}],"predecessor-version":[{"id":4234,"href":"https:\/\/budy.przemyska.pl\/index.php\/wp-json\/wp\/v2\/posts\/4233\/revisions\/4234"}],"wp:featuredmedia":[{"embeddable":true,"href":"https:\/\/budy.przemyska.pl\/index.php\/wp-json\/wp\/v2\/media\/4007"}],"wp:attachment":[{"href":"https:\/\/budy.przemyska.pl\/index.php\/wp-json\/wp\/v2\/media?parent=4233"}],"wp:term":[{"taxonomy":"category","embeddable":true,"href":"https:\/\/budy.przemyska.pl\/index.php\/wp-json\/wp\/v2\/categories?post=4233"},{"taxonomy":"post_tag","embeddable":true,"href":"https:\/\/budy.przemyska.pl\/index.php\/wp-json\/wp\/v2\/tags?post=4233"}],"curies":[{"name":"wp","href":"https:\/\/api.w.org\/{rel}","templated":true}]}}