{"id":4228,"date":"2025-08-03T20:28:55","date_gmt":"2025-08-03T18:28:55","guid":{"rendered":"https:\/\/budy.przemyska.pl\/?p=4228"},"modified":"2025-08-23T20:23:11","modified_gmt":"2025-08-23T18:23:11","slug":"xviii-niedziela-zwykla-ogloszenia-parafialne-3-sierpien-2025","status":"publish","type":"post","link":"https:\/\/budy.przemyska.pl\/index.php\/2025\/08\/03\/xviii-niedziela-zwykla-ogloszenia-parafialne-3-sierpien-2025\/","title":{"rendered":"XVIII Niedziela Zwyk\u0142a &#8211; Og\u0142oszenia parafialne 3 sierpie\u0144 2025"},"content":{"rendered":"\n<h2 class=\"wp-block-heading\"><strong>Og\u0142oszenia<\/strong><\/h2>\n\n\n\n<ol class=\"wp-block-list\">\n<li>Dzi\u015b o godz. 15.00 Nabo\u017ce\u0144stwo Adoracyjne, a potem Msza \u015bw.<\/li>\n\n\n\n<li>W tym tygodniu w Liturgii Ko\u015bcio\u0142a wspominamy: w poniedzia\u0142ek \u2013 wspomnienie \u015bw. Jana Vianneya; w \u015brod\u0119 \u2013 \u015awi\u0119to Przemienienia Pa\u0144skiego; w pi\u0105tek \u2013 wspomnienie \u015bw. Dominika; w sobot\u0119 \u2013 \u015awi\u0119to \u015bw. Teresy Benedykty od Krzy\u017ca, patronki Europy.<\/li>\n\n\n\n<li>W tym tygodniu wypada I czwartek miesi\u0105ca. Adoracja Naj\u015bwi\u0119tszego Sakramentu od godz. 17.00. W tym dniu szczeg\u00f3lnie modlimy si\u0119 o \u0142ask\u0119 powo\u0142a\u0144 do S\u0142u\u017cby Bo\u017cej oraz za powo\u0142anych o \u0142ask\u0119 wytrwania i wierno\u015bci Panu Bogu.<\/li>\n\n\n\n<li>Gminny O\u015brodek Pomocy Spo\u0142ecznej zaprasza na \u201edzie\u0144 otwarty\u201d w O\u015brodku w Korniaktowie Po\u0142udniowym w dniu 5 sierpnia w godz. 14.00 do 19.00. <a href=\"https:\/\/www.gmina-bialobrzegi.pl\/aktualnosci\/zapraszamy-na-dzien-otwarty-w-ow-i-mieszkaniach-wspomaganych,2384.html\" target=\"_blank\" rel=\"noreferrer noopener\">Dodatkowe informacje mo\u017cemy znale\u017a\u0107 na plakacie<\/a> i ulotkach przy stoliku z gazetami.<\/li>\n\n\n\n<li>Sk\u0142adam serdeczne B\u00f3g zap\u0142a\u0107 dla os\u00f3b sprz\u0105taj\u0105cych i stroj\u0105cych ko\u015bci\u00f3\u0142 oraz za wszystkie ofiary sk\u0142adane na potrzeby parafii.<\/li>\n<\/ol>\n\n\n\n<h3 class=\"wp-block-heading\"><strong>Intencje mszalne<\/strong><\/h3>\n\n\n\n<h4 class=\"wp-block-heading\"><strong>od 4 sierpnia 2025 do 10 sierpnia 2025<\/strong><\/h4>\n\n\n\n<h4 class=\"wp-block-heading has-small-font-size\"><strong>Gdyby zbyt d\u0142ugi czas nie by\u0142a og\u0142oszona zam\u00f3wiona intencja mszalna \u2013 prosimy o zg\u0142oszenie tego kap\u0142anowi.&nbsp; Zam\u00f3wiona intencja nie mo\u017ce zgin\u0105\u0107.<\/strong><\/h4>\n\n\n\n<p><strong>Poniedzia\u0142ek \u2013 4 sierpie\u0144<br><\/strong>1. + Zuzanna Dyrda \u2013 (greg.)<br>2. + Kazimiera Leja \u2013 od Zespo\u0142u \u201eBudzanie\u201d<br>3. + Janusz Baj \u2013 od siostry Alicji<\/p>\n\n\n\n<p><strong>Wtorek \u2013 5 sierpie\u0144<br><\/strong>1. + Zuzanna Dyrda \u2013 (greg.)<br>2. + Helena Dyrda \u2013 od Marii i Ma\u0142gorzaty z rodzin\u0105<br>3. + Magdalena i Mieczys\u0142aw Bartnik<\/p>\n\n\n\n<p><strong>\u015aroda \u2013 6 sierpie\u0144<br><\/strong>1. + Zuzanna Dyrda \u2013 (greg.)<br>2. + Maria Pelc (6 r. \u015bm.) oraz + J\u00f3zef, Jan, Rafa\u0142<br>3. + Stefania Kojder od pracownik\u00f3w SKR<\/p>\n\n\n\n<p><strong>Czwartek \u2013 7 sierpie\u0144<\/strong><br>1. + Zuzanna Dyrda \u2013 (greg.)<br>2. + Franciszek \u015awizdor \u2013 o \u0142ask\u0119 przebaczenia grzech\u00f3w i wieczne zbawienie \u2013 od syna Jerzego z rodzin\u0105<br>3. + Stefania, Jan Kojder \u2013 od rodziny Golak\u00f3w H.A.S.<\/p>\n\n\n\n<p><strong>Pi\u0105tek \u2013 8 sierpie\u0144<\/strong><br>1. + Zuzanna Dyrda \u2013 (greg.)<br>2. + Zofia Rachwa\u0142 \u2013 od M\u0105drych<br>3. + Janusz Baj \u2013 od siostry Renaty z rodzin\u0105<\/p>\n\n\n\n<p><strong>Sobota \u2013 9 sierpie\u0144<br><\/strong>1. + Zuzanna Dyrda \u2013 (greg.)<br>2. + Jacek Chudzik \u2013 rocznica \u015bmierci<br>3. + Kazimiera Leja \u2013 od Zespo\u0142u \u201eBudzanie\u201d<\/p>\n\n\n\n<p><strong>Niedziela \u2013 10 sierpie\u0144<br><\/strong>06.30 + Tadeusz (r. \u015bm.) oraz + Anna, Micha\u0142 i Franciszek Mazur<br>08.00 ++ Janina, Tadeusz Kozik; + Ewa Por\u0119bna: + Bogus\u0142aw, Maria, Stefan Czyrek<br>10.30 Za parafian<br>15.00 + Zuzanna Dyrda \u2013 (greg.)<\/p>\n\n\n\n<h3 class=\"wp-block-heading\"><strong>Modlitw\u0119 r\u00f3\u017ca\u0144cow\u0105 prowadz\u0105<\/strong><\/h3>\n\n\n\n<p>04. Pn. R\u00f3\u017ca \u015aw. Cecylii\u2013 (Krystyna Markowicz)<br>05. Wt. R\u00f3\u017ca \u015aw. El\u017cbiety \u2013 (Alina Trojnar)<br>06. \u015ar. R\u00f3\u017ca \u015aw. Faustyny \u2013 (Eugenia \u015awizdor)<br>07. Cz. Modlitwy o Powo\u0142ania i za Rodziny \u2013 (Anna Szular)<br>08. Pt. KSM<br>09. Sb. R\u00f3\u017ca \u015aw. Genowefy \u2013 (Genowefa Dr\u0105\u017cek)<br>10. Nd. R\u00f3\u017ca \u015aw. Jadwigi Kr\u00f3lowej &#8211; (Halina Dyrda)<\/p>\n\n\n\n<p>Wyznaczona R\u00f3\u017ca jest proszona o prowadzenie modlitwy r\u00f3\u017ca\u0144cowej<\/p>\n","protected":false},"excerpt":{"rendered":"<p>Og\u0142oszenia Intencje mszalne od 4 sierpnia 2025 do 10 sierpnia 2025 Gdyby zbyt d\u0142ugi czas nie by\u0142a og\u0142oszona zam\u00f3wiona intencja mszalna \u2013 prosimy o zg\u0142oszenie tego kap\u0142anowi.&nbsp; Zam\u00f3wiona intencja nie &hellip; <a href=\"https:\/\/budy.przemyska.pl\/index.php\/2025\/08\/03\/xviii-niedziela-zwykla-ogloszenia-parafialne-3-sierpien-2025\/\" class=\"more-link\">Czytaj dalej <span class=\"screen-reader-text\">XVIII Niedziela Zwyk\u0142a &#8211; Og\u0142oszenia parafialne 3 sierpie\u0144 2025<\/span> <span class=\"meta-nav\">&rarr;<\/span><\/a><\/p>\n","protected":false},"author":1,"featured_media":4007,"comment_status":"closed","ping_status":"closed","sticky":false,"template":"","format":"standard","meta":{"footnotes":""},"categories":[6,4],"tags":[],"class_list":["post-4228","post","type-post","status-publish","format-standard","has-post-thumbnail","hentry","category-aktualnosci","category-ogloszenia"],"_links":{"self":[{"href":"https:\/\/budy.przemyska.pl\/index.php\/wp-json\/wp\/v2\/posts\/4228","targetHints":{"allow":["GET"]}}],"collection":[{"href":"https:\/\/budy.przemyska.pl\/index.php\/wp-json\/wp\/v2\/posts"}],"about":[{"href":"https:\/\/budy.przemyska.pl\/index.php\/wp-json\/wp\/v2\/types\/post"}],"author":[{"embeddable":true,"href":"https:\/\/budy.przemyska.pl\/index.php\/wp-json\/wp\/v2\/users\/1"}],"replies":[{"embeddable":true,"href":"https:\/\/budy.przemyska.pl\/index.php\/wp-json\/wp\/v2\/comments?post=4228"}],"version-history":[{"count":1,"href":"https:\/\/budy.przemyska.pl\/index.php\/wp-json\/wp\/v2\/posts\/4228\/revisions"}],"predecessor-version":[{"id":4229,"href":"https:\/\/budy.przemyska.pl\/index.php\/wp-json\/wp\/v2\/posts\/4228\/revisions\/4229"}],"wp:featuredmedia":[{"embeddable":true,"href":"https:\/\/budy.przemyska.pl\/index.php\/wp-json\/wp\/v2\/media\/4007"}],"wp:attachment":[{"href":"https:\/\/budy.przemyska.pl\/index.php\/wp-json\/wp\/v2\/media?parent=4228"}],"wp:term":[{"taxonomy":"category","embeddable":true,"href":"https:\/\/budy.przemyska.pl\/index.php\/wp-json\/wp\/v2\/categories?post=4228"},{"taxonomy":"post_tag","embeddable":true,"href":"https:\/\/budy.przemyska.pl\/index.php\/wp-json\/wp\/v2\/tags?post=4228"}],"curies":[{"name":"wp","href":"https:\/\/api.w.org\/{rel}","templated":true}]}}