{"id":4225,"date":"2025-07-27T06:51:58","date_gmt":"2025-07-27T04:51:58","guid":{"rendered":"https:\/\/budy.przemyska.pl\/?p=4225"},"modified":"2025-08-10T10:40:11","modified_gmt":"2025-08-10T08:40:11","slug":"xvii-niedziela-zwykla-ogloszenia-parafialne-27-lipiec-2025","status":"publish","type":"post","link":"https:\/\/budy.przemyska.pl\/index.php\/2025\/07\/27\/xvii-niedziela-zwykla-ogloszenia-parafialne-27-lipiec-2025\/","title":{"rendered":"XVII Niedziela Zwyk\u0142a &#8211; Og\u0142oszenia parafialne 27 lipiec 2025"},"content":{"rendered":"\n<h2 class=\"wp-block-heading\"><strong>Og\u0142oszenia<\/strong><\/h2>\n\n\n\n<ol class=\"wp-block-list\">\n<li>O godz. 15.00 Nabo\u017ce\u0144stwo do \u015bw. J\u00f3zefa, a po Nim Msza \u015bw.<\/li>\n\n\n\n<li>W tym tygodniu w Liturgii Ko\u015bcio\u0142a wspominamy: we wtorek \u2013 wspomnienie \u015bw. Marty, Marii i \u0141azarza; w czwartek \u2013 wspomnienie \u015bw. Ignacego z Loyoli; w pi\u0105tek \u2013 wspomnienie \u015bw. Alfonsa Marii Liguoriego<\/li>\n\n\n\n<li>W czwartek adoracja Naj\u015bwi\u0119tszego Sakramentu od godz. 17.00.<br>Zapraszamy parafian do wsp\u00f3lnej modlitwy w r\u00f3\u017cnych intencjach.<\/li>\n\n\n\n<li>W tym tygodniu wypada I pi\u0105tek i I sobota miesi\u0105ca.<\/li>\n\n\n\n<li>W I pi\u0105tek czcimy Naj\u015bwi\u0119tsze Serce Pana Jezusa. Po Mszy \u015bw. rano o godz. 06.45 odwiedziny chorych z Komuni\u0105 \u015bw. Po po\u0142udniu Msza \u015bw. o godz. 18.00 i po Niej Nabo\u017ce\u0144stwo pierwszopi\u0105tkowe.<br>Mo\u017cliwo\u015b\u0107 Spowiedzi \u015bw. codziennie, godzin\u0119 przed Msz\u0105 \u015bw.<\/li>\n\n\n\n<li>W I sobot\u0119 czcimy Niepokalane Serce NMP. Msza \u015bw. o godz. 18.00, po Niej Nabo\u017ce\u0144stwo r\u00f3\u017ca\u0144cowe, procesja z figurk\u0105 Matki Bo\u017cej Fatimskiej i zmiana tajemnic r\u00f3\u017ca\u0144cowych.<\/li>\n\n\n\n<li>Od pi\u0105tku rozpoczynamy miesi\u0105c sierpie\u0144. Z tej racji kierowana jest gor\u0105ca zach\u0119ta ca\u0142ego Episkopatu Polski do podj\u0119cia abstynencji dla godnego prze\u017cycia i upami\u0119tnienia wielu wydarze\u0144 w historii naszej Ojczyzny.<\/li>\n\n\n\n<li>Sk\u0142adam serdeczne B\u00f3g zap\u0142a\u0107 dla os\u00f3b sprz\u0105taj\u0105cych i stroj\u0105cych ko\u015bci\u00f3\u0142 oraz za wszystkie ofiary sk\u0142adane na potrzeby parafii.<\/li>\n<\/ol>\n\n\n\n<h3 class=\"wp-block-heading\"><strong>Intencje mszalne<\/strong><\/h3>\n\n\n\n<h4 class=\"wp-block-heading\"><strong>od 28 lipca 2025 do 3 sierpnia 2025<\/strong><\/h4>\n\n\n\n<h4 class=\"wp-block-heading has-small-font-size\"><strong>Gdyby zbyt d\u0142ugi czas nie by\u0142a og\u0142oszona zam\u00f3wiona intencja mszalna \u2013 prosimy o zg\u0142oszenie tego kap\u0142anowi.&nbsp; Zam\u00f3wiona intencja nie mo\u017ce zgin\u0105\u0107.<\/strong><\/h4>\n\n\n\n<p><strong>Poniedzia\u0142ek \u2013 28 lipiec<br><\/strong>1. + Antoni Kojder \u2013 (greg.)<br>2. + Maria Rupar \u2013 od rodziny Pelc\u00f3w i Nawrot\u00f3w<br>3. + Stefania Mach (r. \u015bm.) i Franciszek Mach<\/p>\n\n\n\n<p><strong>Wtorek \u2013 29 lipiec<br><\/strong>1. + Antoni Kojder \u2013 (greg.)<br>2. + Andrzej Janusz \u2013 od Anny z rodzin\u0105<br>3. ++ Zofia, Andrzej Osiowy; Tadeusz Kurek \u2013 od siostry Eugenii i brata Stanis\u0142awa<\/p>\n\n\n\n<p><strong>\u015aroda \u2013 30 lipiec<br><\/strong>1. + Antoni Kojder \u2013 (zak. greg.)<br>2. + Zofia Rachwa\u0142 z R\u00f3\u017cy \u015bw. Genowefy<br>3. + W\u0142adys\u0142aw (40 r. \u015bm.), Aniela Wo\u017cniak i Dzieci<\/p>\n\n\n\n<p><strong>Czwartek \u2013 31 lipiec<\/strong><br>1. + Andrzej Janusz \u2013 od Stra\u017cak\u00f3w z OSP Budy \u0141a\u0144cuckie \u2013 ( Prawa Strona)<br>2. + Franciszek \u015awizdor \u2013 od swatowej Doroty z rodzin\u0105<br>3. + Franciszek, Anna, Franciszek<\/p>\n\n\n\n<p><strong>Pi\u0105tek \u2013 1 sierpie\u0144<\/strong><br>06.45 + Franciszek \u015awizdor \u2013 o \u0142ask\u0119 przebaczenia grzech\u00f3w i wieczne zbawienie \u2013 od syna Jerzego z rodzin\u0105<br>06.45 + Teresa, Antonina, Weronika i Franciszek Harpula<br>18.00 + Zuzanna Dyrda \u2013 (pocz. greg.)<\/p>\n\n\n\n<p><strong>Sobota \u2013 2 sierpie\u0144<br><\/strong>1. + Zuzanna Dyrda \u2013 (greg.)<br>2. + J\u00f3zef, Katarzyna Mach; + Jan, Agata, Emil, Tadeusz Mach; + Maria Kubis<br>3. + Jan Walanus i zmarli z rodziny<\/p>\n\n\n\n<p><strong>Niedziela \u2013 3 sierpie\u0144<br><\/strong>06.30 + Zdzis\u0142awa Lis \u2013 od Stra\u017cak\u00f3w z OSP Budy \u0141a\u0144cuckie &#8211; (Prawa Strona)<br>08.00 ++ Jan, Helena Kukulscy oraz + Tadeusz i Stefania Czech<br>10.30 Za parafian<br>15.00 + Zuzanna Dyrda \u2013 (greg.)<\/p>\n\n\n\n<h3 class=\"wp-block-heading\"><strong>Modlitw\u0119 r\u00f3\u017ca\u0144cow\u0105 prowadz\u0105<\/strong><\/h3>\n\n\n\n<p>28. Pn. R\u00f3\u017ca \u015aw. Teresy Wielkiej \u2013 (Zofia Wierzbicka)<br>29. Wt. R\u00f3\u017ca \u015aw. Tomasza Aposto\u0142a \u2013 (Stanis\u0142aw \u015alimak)<br>30. \u015ar. R\u00f3\u017ca \u015aw. Zofii \u2013 (Zofia Kurek)<br>31. Cz. R\u00f3\u017ca \u015aw. Agaty \u2013 (Patrycja Por\u0119bna)<br>01. Pt. KSM<br>02. Sb. Kap\u0142an<br>03. Nd. R\u00f3\u017ca \u015aw. Agnieszki &#8211; (Ma\u0142gorzata Markowicz)<\/p>\n\n\n\n<p>Wyznaczona R\u00f3\u017ca jest proszona o prowadzenie modlitwy r\u00f3\u017ca\u0144cowej<\/p>\n\n\n\n<h3 class=\"wp-block-heading\"><strong>Propozycja intencji do przekazania do odprawienia w Wy\u017cszym Seminarium Duchownym w Przemy\u015blu<\/strong><\/h3>\n\n\n\n<p>01. + Maria Rupar \u2013 od wnuczki Justyny z m\u0119\u017cem<br>02. + Maria Rupar \u2013 od wnuczki Izabeli z rodzin\u0105<br>03. + Maria Rupar \u2013 od Agaty i Marka Kochma\u0144skich z Markowej<br>04. + Kazimiera Leja \u2013 od Barbary Ni\u017anik z rodzin\u0105<br>05. + Kazimiera Leja \u2013 od Anny Leja i rodziny Cebe\u0144ko z K\u0142aja<br>06. + Kazimiera Leja \u2013 od zespo\u0142u \u201eWis\u0142ok\u201d<br>07. + Stefania Kojder \u2013 od rodziny Chrupca\u0142\u00f3w z Laszczyn<br>08. + Stefania Kojder \u2013 od Teresy i Romana<br>09. + Stefania Kojder \u2013 Marty i J\u00f3zefa Odrobina<br>10. + Zofia Baran \u2013 od siostry Anny z rodzin\u0105<br>11. + Zofia Baran \u2013 od Piotra i Alicji Mach<br>12. + Tadeusz Nykiel \u2013 od rodziny Dudk\u00f3w<br>13. + Tadeusz Nykiel \u2013 od Moniki i Marka Czech z rodzin\u0105<br>14. + Maria Wikiera \u2013 od Czes\u0142awy i Bogus\u0142awa Czapla<br>15. + Maria Wikiera \u2013 od szwagra syna Jana; J\u00f3zefa z rodzin\u0105<\/p>\n","protected":false},"excerpt":{"rendered":"<p>Og\u0142oszenia Intencje mszalne od 28 lipca 2025 do 3 sierpnia 2025 Gdyby zbyt d\u0142ugi czas nie by\u0142a og\u0142oszona zam\u00f3wiona intencja mszalna \u2013 prosimy o zg\u0142oszenie tego kap\u0142anowi.&nbsp; Zam\u00f3wiona intencja nie &hellip; <a href=\"https:\/\/budy.przemyska.pl\/index.php\/2025\/07\/27\/xvii-niedziela-zwykla-ogloszenia-parafialne-27-lipiec-2025\/\" class=\"more-link\">Czytaj dalej <span class=\"screen-reader-text\">XVII Niedziela Zwyk\u0142a &#8211; Og\u0142oszenia parafialne 27 lipiec 2025<\/span> <span class=\"meta-nav\">&rarr;<\/span><\/a><\/p>\n","protected":false},"author":1,"featured_media":4007,"comment_status":"closed","ping_status":"closed","sticky":false,"template":"","format":"standard","meta":{"footnotes":""},"categories":[6,4],"tags":[],"class_list":["post-4225","post","type-post","status-publish","format-standard","has-post-thumbnail","hentry","category-aktualnosci","category-ogloszenia"],"_links":{"self":[{"href":"https:\/\/budy.przemyska.pl\/index.php\/wp-json\/wp\/v2\/posts\/4225","targetHints":{"allow":["GET"]}}],"collection":[{"href":"https:\/\/budy.przemyska.pl\/index.php\/wp-json\/wp\/v2\/posts"}],"about":[{"href":"https:\/\/budy.przemyska.pl\/index.php\/wp-json\/wp\/v2\/types\/post"}],"author":[{"embeddable":true,"href":"https:\/\/budy.przemyska.pl\/index.php\/wp-json\/wp\/v2\/users\/1"}],"replies":[{"embeddable":true,"href":"https:\/\/budy.przemyska.pl\/index.php\/wp-json\/wp\/v2\/comments?post=4225"}],"version-history":[{"count":1,"href":"https:\/\/budy.przemyska.pl\/index.php\/wp-json\/wp\/v2\/posts\/4225\/revisions"}],"predecessor-version":[{"id":4226,"href":"https:\/\/budy.przemyska.pl\/index.php\/wp-json\/wp\/v2\/posts\/4225\/revisions\/4226"}],"wp:featuredmedia":[{"embeddable":true,"href":"https:\/\/budy.przemyska.pl\/index.php\/wp-json\/wp\/v2\/media\/4007"}],"wp:attachment":[{"href":"https:\/\/budy.przemyska.pl\/index.php\/wp-json\/wp\/v2\/media?parent=4225"}],"wp:term":[{"taxonomy":"category","embeddable":true,"href":"https:\/\/budy.przemyska.pl\/index.php\/wp-json\/wp\/v2\/categories?post=4225"},{"taxonomy":"post_tag","embeddable":true,"href":"https:\/\/budy.przemyska.pl\/index.php\/wp-json\/wp\/v2\/tags?post=4225"}],"curies":[{"name":"wp","href":"https:\/\/api.w.org\/{rel}","templated":true}]}}