{"id":4206,"date":"2025-06-22T09:59:51","date_gmt":"2025-06-22T07:59:51","guid":{"rendered":"https:\/\/budy.przemyska.pl\/?p=4206"},"modified":"2025-06-29T10:22:10","modified_gmt":"2025-06-29T08:22:10","slug":"xii-niedziela-zwykla-ogloszenia-parafialne-22-czerwiec-2025","status":"publish","type":"post","link":"https:\/\/budy.przemyska.pl\/index.php\/2025\/06\/22\/xii-niedziela-zwykla-ogloszenia-parafialne-22-czerwiec-2025\/","title":{"rendered":"XII Niedziela Zwyk\u0142a &#8211; Og\u0142oszenia parafialne 22 czerwiec 2025"},"content":{"rendered":"\n<h2 class=\"wp-block-heading\"><strong>Og\u0142oszenia<\/strong><\/h2>\n\n\n\n<ol class=\"wp-block-list\">\n<li>1.Dzi\u015b o godz. 15.00 Litania do Naj\u015bwi\u0119tszego Serca Pana Jezusa, a potem Msza \u015bw.<\/li>\n\n\n\n<li>W tym tygodniu w Liturgii Ko\u015bcio\u0142a wspominamy: we wtorek \u2013 Uroczysto\u015b\u0107 Narodzenia \u015bw. Jana Chrzciciela; w pi\u0105tek \u2013 Uroczysto\u015b\u0107 Naj\u015bwi\u0119tszego Serca Pana Jezusa; w sobot\u0119 \u2013 Uroczysto\u015b\u0107 Niepokalanego Serca NMP.<\/li>\n\n\n\n<li>Codziennie przez dni trwaj\u0105cej Oktawy Bo\u017cego Cia\u0142a, procesja Eucharystyczna po Mszy \u015bw. dooko\u0142a ko\u015bcio\u0142a. Zapraszamy dzieci pierwszokomunijne oraz dzieci do sypania kwiat\u00f3w, a tak\u017ce m\u0142odzie\u017c do niesienia chor\u0105gwi i feretron\u00f3w i parafian do licznego udzia\u0142u.<\/li>\n\n\n\n<li>W czwartek adoracja Naj\u015bwi\u0119tszego Sakramentu od godz. 17.00.<br>W tym dniu r\u00f3wnie\u017c zako\u0144czenie Oktawy Uroczysto\u015bci Bo\u017cego Cia\u0142a. W czasie Mszy \u015bw. po\u015bwi\u0119cenie wiank\u00f3w i b\u0142ogos\u0142awie\u0144stwo dzieci oraz s\u0142odki upominek dla najm\u0142odszych.<\/li>\n\n\n\n<li>W pi\u0105tek wypada Uroczysto\u015b\u0107 Naj\u015bwi\u0119tszego Serca Pana Jezusa.<br>W tym dniu nie obowi\u0105zuj\u0119 wstrzemi\u0119\u017aliwo\u015b\u0107 od pokarm\u00f3w mi\u0119snych.<br>Msza \u015bw. na zako\u0144czenie roku szkolnego o godz. 08.00. Mo\u017cliwo\u015b\u0107 spowiedzi \u015bw. dla dzieci i m\u0142odzie\u017cy szkolnej codziennie godzin\u0119 przed Msz\u0105 \u015bw. Prosimy rodzic\u00f3w o przypomnienie swoim dzieciom o spowiedzi \u015bw. na zako\u0144czenie roku szkolnego.<\/li>\n\n\n\n<li>W sobot\u0119 w naszej parafii Uroczysto\u015b\u0107 Odpustowa z racji Uroczysto\u015bci Niepokalanego Serca NMP. Msza \u015bw. Odpustowa po\u0142\u0105czona z Jubileuszem 60-lecia kap\u0142a\u0144stwa Naszego Ks. Pra\u0142ata W\u0142adys\u0142awa Szulara o godz. 10.30. Pozosta\u0142e Msze \u015bw. o godz. 07.00 oraz o godz. 17.00. Serdecznie zapraszamy wszystkich parafian do uroczystego prze\u017cywania czasu Odpustu parafialnego.<\/li>\n\n\n\n<li>Sk\u0142adam serdeczne B\u00f3g zap\u0142a\u0107 dla os\u00f3b sprz\u0105taj\u0105cych i stroj\u0105cych ko\u015bci\u00f3\u0142 oraz za wszystkie ofiary sk\u0142adane na potrzeby parafii. Dzi\u0119kuj\u0119 r\u00f3wnie\u017c wszystkim, kt\u00f3rzy w\u0142\u0105czyli si\u0119 w przygotowanie procesji na Bo\u017ce Cia\u0142o. Dzi\u0119kuj\u0119 za przygotowanie o\u0142tarzy i stra\u017cakom za bezpiecze\u0144stwo na drodze oraz wszystkim za liczny udzia\u0142 w tej pi\u0119knej Uroczysto\u015bci.<\/li>\n<\/ol>\n\n\n\n<h3 class=\"wp-block-heading\"><strong>Intencje mszalne<\/strong><\/h3>\n\n\n\n<h4 class=\"wp-block-heading\"><strong>od 23 czerwca 2025 do 29 czerwca 2025<\/strong><\/h4>\n\n\n\n<h4 class=\"wp-block-heading has-small-font-size\"><strong>Gdyby zbyt d\u0142ugi czas nie by\u0142a og\u0142oszona zam\u00f3wiona intencja mszalna \u2013 prosimy o zg\u0142oszenie tego kap\u0142anowi.&nbsp; Zam\u00f3wiona intencja nie mo\u017ce zgin\u0105\u0107.<\/strong><\/h4>\n\n\n\n<p><strong>Poniedzia\u0142ek \u2013 23 czerwiec<br><\/strong>1. + B\u0142a\u017cej Kurek \u2013 (greg.)<br>2. + Maria Rupar \u2013 od Bogumi\u0142y i J\u00f3zefa Lorenc<br>3. + Maria Kubis \u2013 6 rocznica \u015bmierci<\/p>\n\n\n\n<p><strong>Wtorek \u2013 24 czerwiec<br><\/strong>1. + B\u0142a\u017cej Kurek \u2013 (greg.)<br>2. + Helena Kojder (2 r. \u015bm.) oraz + brat Stanis\u0142aw i zmarli Rodzice \u2013 od Agaty z rodzin\u0105<br>3. O \u0142ask\u0119 odpuszczenia grzech\u00f3w i zbawienia wiecznego<\/p>\n\n\n\n<p><strong>\u015aroda \u2013 25 czerwiec<br><\/strong>1. + B\u0142a\u017cej Kurek \u2013 (greg.)<br>2. + Zuzanna Dyrda \u2013 od c\u00f3rki Heleny<br>3. + Andrzej Janusz \u2013 od siostry Haliny z rodzin\u0105<\/p>\n\n\n\n<p><strong>Czwartek \u2013 26 czerwiec<\/strong><br>1. + B\u0142a\u017cej Kurek \u2013 (greg.)<br>2. + Maria Rupar \u2013 od c\u00f3rki Agnieszki z rodzin\u0105<br>3. + Franciszek \u015awizdor \u2013 od s\u0105siad\u00f3w K\u0142os\u00f3w<\/p>\n\n\n\n<p><strong>Pi\u0105tek \u2013 27 czerwiec<\/strong><br>1. + B\u0142a\u017cej Kurek \u2013 (greg.)<br>2. + Kazimiera Leja \u2013 od rodziny Ziemia\u0144skich<br>3. + Ks. Jan Cebulak i zmarli Rodzice<\/p>\n\n\n\n<p><strong>Sobota \u2013 28 czerwiec<br><\/strong>07.00 + B\u0142a\u017cej Kurek \u2013 (greg.)<br>07.00 + Renata, Stefania, Franciszek, Tadeusz Nowak<br>10.30 Za parafian<br>10.30 + Franciszek Bosak, Zofia i Franciszek Dyrda<br>10.30 O \u0142ask\u0119 zdrowia dla Oli i opiek\u0119 Matki Bo\u017cej \u2013 od Rodzic\u00f3w<br>10.30 O b\u0142og. Bo\u017ce w pracy na roli i o \u0142ask\u0119 urodzaju \u2013 z rejonu p. Mieczys\u0142awa Kukulskiego<br>17.00 + Zofia, Bronis\u0142aw, Andrzej Tr\u0105d; Aniela, Stanis\u0142aw Kluz oraz Albina, Zofia Danak<\/p>\n\n\n\n<p><strong>Niedziela \u2013 29 czerwiec<br><\/strong>06.30 + B\u0142a\u017cej Kurek &#8211; (greg.)<br>08.00 + Stanis\u0142aw Dyrda \u2013 od c\u00f3rki Heleny<br>08.00 + Janina Wojnarska<br>10.30 Za parafian<br>15.00 + Kazimiera Leja \u2013 od Dyrekcji i Pracownik\u00f3w Szko\u0142y Podstawowej nr 2 w Budach \u0141a\u0144cuckich (Pr. Str.)<\/p>\n\n\n\n<h3 class=\"wp-block-heading\"><strong>Modlitw\u0119 r\u00f3\u017ca\u0144cow\u0105 prowadz\u0105<\/strong><\/h3>\n\n\n\n<p>23. Pn. R\u00f3\u017ca \u015aw. Jadwigi \u015al\u0105skiej \u2013 (Edyta Wal)<br>24. Wt. R\u00f3\u017ca \u015aw. Andrzeja \u2013 (J\u00f3zef M\u0105dry)<br>25. \u015ar. R\u00f3\u017ca \u015aw. Stanis\u0142awa Bpa \u2013 (Wojciech Pelc)<br>26. Cz. R\u00f3\u017ca \u015aw. Teresy od Dzieci\u0105tka Jezus \u2013 (Dorota Dzierga)<br>27. Pt. KSM<br>28. Sb. R\u00f3\u017ca \u015aw. Teresy Wielkiej \u2013 (Zofia Wierzbicka)<br>29. Nd. R\u00f3\u017ca \u015aw. Tomasza Aposto\u0142a &#8211; (Stanis\u0142aw \u015alimak)<\/p>\n\n\n\n<p>Wyznaczona R\u00f3\u017ca jest proszona o prowadzenie modlitwy r\u00f3\u017ca\u0144cowej<\/p>\n","protected":false},"excerpt":{"rendered":"<p>Og\u0142oszenia Intencje mszalne od 23 czerwca 2025 do 29 czerwca 2025 Gdyby zbyt d\u0142ugi czas nie by\u0142a og\u0142oszona zam\u00f3wiona intencja mszalna \u2013 prosimy o zg\u0142oszenie tego kap\u0142anowi.&nbsp; Zam\u00f3wiona intencja nie &hellip; <a href=\"https:\/\/budy.przemyska.pl\/index.php\/2025\/06\/22\/xii-niedziela-zwykla-ogloszenia-parafialne-22-czerwiec-2025\/\" class=\"more-link\">Czytaj dalej <span class=\"screen-reader-text\">XII Niedziela Zwyk\u0142a &#8211; Og\u0142oszenia parafialne 22 czerwiec 2025<\/span> <span class=\"meta-nav\">&rarr;<\/span><\/a><\/p>\n","protected":false},"author":1,"featured_media":4007,"comment_status":"closed","ping_status":"closed","sticky":false,"template":"","format":"standard","meta":{"footnotes":""},"categories":[6,4],"tags":[],"class_list":["post-4206","post","type-post","status-publish","format-standard","has-post-thumbnail","hentry","category-aktualnosci","category-ogloszenia"],"_links":{"self":[{"href":"https:\/\/budy.przemyska.pl\/index.php\/wp-json\/wp\/v2\/posts\/4206","targetHints":{"allow":["GET"]}}],"collection":[{"href":"https:\/\/budy.przemyska.pl\/index.php\/wp-json\/wp\/v2\/posts"}],"about":[{"href":"https:\/\/budy.przemyska.pl\/index.php\/wp-json\/wp\/v2\/types\/post"}],"author":[{"embeddable":true,"href":"https:\/\/budy.przemyska.pl\/index.php\/wp-json\/wp\/v2\/users\/1"}],"replies":[{"embeddable":true,"href":"https:\/\/budy.przemyska.pl\/index.php\/wp-json\/wp\/v2\/comments?post=4206"}],"version-history":[{"count":1,"href":"https:\/\/budy.przemyska.pl\/index.php\/wp-json\/wp\/v2\/posts\/4206\/revisions"}],"predecessor-version":[{"id":4207,"href":"https:\/\/budy.przemyska.pl\/index.php\/wp-json\/wp\/v2\/posts\/4206\/revisions\/4207"}],"wp:featuredmedia":[{"embeddable":true,"href":"https:\/\/budy.przemyska.pl\/index.php\/wp-json\/wp\/v2\/media\/4007"}],"wp:attachment":[{"href":"https:\/\/budy.przemyska.pl\/index.php\/wp-json\/wp\/v2\/media?parent=4206"}],"wp:term":[{"taxonomy":"category","embeddable":true,"href":"https:\/\/budy.przemyska.pl\/index.php\/wp-json\/wp\/v2\/categories?post=4206"},{"taxonomy":"post_tag","embeddable":true,"href":"https:\/\/budy.przemyska.pl\/index.php\/wp-json\/wp\/v2\/tags?post=4206"}],"curies":[{"name":"wp","href":"https:\/\/api.w.org\/{rel}","templated":true}]}}