{"id":4203,"date":"2025-06-15T20:23:17","date_gmt":"2025-06-15T18:23:17","guid":{"rendered":"https:\/\/budy.przemyska.pl\/?p=4203"},"modified":"2025-06-22T10:00:02","modified_gmt":"2025-06-22T08:00:02","slug":"uroczystosc-trojcy-przenajswietszej-ogloszenia-parafialne-15-czerwiec-2025","status":"publish","type":"post","link":"https:\/\/budy.przemyska.pl\/index.php\/2025\/06\/15\/uroczystosc-trojcy-przenajswietszej-ogloszenia-parafialne-15-czerwiec-2025\/","title":{"rendered":"Uroczysto\u015b\u0107 Tr\u00f3jcy Przenaj\u015bwi\u0119tszej &#8211; Og\u0142oszenia parafialne 15 czerwiec 2025"},"content":{"rendered":"\n<h2 class=\"wp-block-heading\"><strong>Og\u0142oszenia<\/strong><\/h2>\n\n\n\n<ol class=\"wp-block-list\">\n<li>Dzi\u015b prze\u017cywamy w Ko\u015bciele Uroczysto\u015b\u0107 Tr\u00f3jcy Przenaj\u015bwi\u0119tszej. O godz. 15.00 Litania do Naj\u015bwi\u0119tszego Serca Pana Jezusa, a potem Msza \u015bw.<\/li>\n\n\n\n<li>W tym tygodniu w Liturgii Ko\u015bcio\u0142a wspominamy: we wtorek \u2013 wspomnienie \u015bw. Brata Alberta Chmielowskiego; w sobot\u0119 \u2013 wspomnienie \u015bw. Alojzego Gonzagi, zakonnika.<\/li>\n\n\n\n<li>W czwartek Uroczysto\u015b\u0107 Naj\u015bwi\u0119tszego Cia\u0142a i Krwi Chrystusa, czyli Bo\u017ce Cia\u0142o. Msze \u015bw. tak, jak w niedziel\u0119, za wyj\u0105tkiem Sumy, kt\u00f3ra b\u0119dzie o godz. 10.00. Nast\u0119pnie procesja do czterech o\u0142tarzy tradycyjn\u0105 tras\u0105. Prosimy o przygotowanie o\u0142tarzy, udekorowanie dom\u00f3w i drogi. Prosimy r\u00f3wnie\u017c, aby na procesj\u0119 wzi\u0105\u0107 chor\u0105gwie i feretrony. Zapraszamy dzieci pierwszokomunijne w strojach na procesj\u0119 oraz dziewczynki do sypania kwiat\u00f3w.<\/li>\n\n\n\n<li>Od pi\u0105tku, codziennie przez Oktaw\u0119 Bo\u017cego Cia\u0142a, procesja Eucharystyczna po Mszy \u015bw. dooko\u0142a ko\u015bcio\u0142a. R\u00f3wnie\u017c i w tych dniach zapraszamy dzieci pierwszokomunijne oraz dzieci do sypania kwiat\u00f3w, a tak\u017ce do niesienia chor\u0105gwi i feretron\u00f3w i parafian do licznego udzia\u0142u.<\/li>\n\n\n\n<li>Za tydzie\u0144, w niedziel\u0119, procesja z racji Oktawy Bo\u017cego Cia\u0142a b\u0119dzie po Mszy \u015bw. o godz. 10.30.<\/li>\n\n\n\n<li>21 czerwca o godz. 10.00 w Bazylice w Le\u017cajsku b\u0119dziemy prze\u017cywa\u0107 Nabo\u017ce\u0144stwo Roku Jubileuszowego dla Rodzic\u00f3w z naszego Dekanatu. Serdecznie zapraszamy na to spotkanie u tronu Matki Bo\u017cej.<\/li>\n\n\n\n<li>W \u015brod\u0119 25 czerwca w godz. od 09.00 \u2013 13.00 w gabinecie lekarskim w Budach \u0141a\u0144cuckich b\u0119dzie mo\u017cliwo\u015b\u0107 wykonania bezp\u0142atnych bada\u0144 s\u0142uchu. Zapisy osobi\u015bcie lub telefonicznie w przychodni (tel. 17 277 89 60).<\/li>\n\n\n\n<li>W niedziel\u0119 22 czerwca w Sanktuarium w Jod\u0142\u00f3wce b\u0119dzie mia\u0142a miejsce Pielgrzymka Rodzin Wielodzietnych. Na to spotkanie serdecznie zaprasza ks. bp Stanis\u0142aw Jamrozek.<\/li>\n\n\n\n<li>Sk\u0142adam serdeczne B\u00f3g zap\u0142a\u0107 dla os\u00f3b sprz\u0105taj\u0105cych i stroj\u0105cych ko\u015bci\u00f3\u0142 oraz za wszystkie ofiary sk\u0142adane na potrzeby parafii.<\/li>\n<\/ol>\n\n\n\n<h3 class=\"wp-block-heading\"><strong>Intencje mszalne<\/strong><\/h3>\n\n\n\n<h4 class=\"wp-block-heading\"><strong>od 16 czerwca 2025 do 22 czerwca 2025<\/strong><\/h4>\n\n\n\n<h4 class=\"wp-block-heading has-small-font-size\"><strong>Gdyby zbyt d\u0142ugi czas nie by\u0142a og\u0142oszona zam\u00f3wiona intencja mszalna \u2013 prosimy o zg\u0142oszenie tego kap\u0142anowi.&nbsp; Zam\u00f3wiona intencja nie mo\u017ce zgin\u0105\u0107.<\/strong><\/h4>\n\n\n\n<p><strong>Poniedzia\u0142ek \u2013 16 czerwiec<br><\/strong>1. + B\u0142a\u017cej Kurek \u2013 (greg.)<br>2. + Maria Rupar \u2013 od Lucyny i Wies\u0142awa Wikiera<br>3. + Franciszek \u015awizdor \u2013 od c\u00f3rki Amelii<\/p>\n\n\n\n<p><strong>Wtorek \u2013 17 czerwiec<br><\/strong>1. + B\u0142a\u017cej Kurek \u2013 (greg.)<br>2. + Kazimiera Leja \u2013 od Haliny \u017b\u00f3\u0142tek z rodzin\u0105<br>3. + Stefania, Zofia, W\u0142adys\u0142aw Wasilewscy oraz Anna, Antoni Kruk<\/p>\n\n\n\n<p><strong>\u015aroda \u2013 18 czerwiec<br><\/strong>1. + B\u0142a\u017cej Kurek \u2013 (greg.)<br>2. + Bo\u017cena Krowicka \u2013 od Heleny Kania<br>3. + Magdalena, Karolina, J\u00f3zef Kruk i zmarli rodzice<\/p>\n\n\n\n<p><strong>Czwartek \u2013 19 czerwiec<\/strong><br>06.30 + B\u0142a\u017cej Kurek \u2013 (greg.)<br>08.00 + Dariusz Cebulak &#8211; w rocznic\u0119 \u015bmierci<br>10.00 Za parafian<br>10.00 + Maria, Franciszek, Zofia, Karolina, Stanis\u0142aw \u015alimak<br>15.00 + Ks. J\u00f3zef Czech oraz zmarli rodzice i rodze\u0144stwo<\/p>\n\n\n\n<p><strong>Pi\u0105tek \u2013 20 czerwiec<\/strong><br>1. + B\u0142a\u017cej Kurek \u2013 (greg.)<br>2. + Kazimiera Leja \u2013 od Katarzyny Sowa z rodzin\u0105<br>3. + Zuzanna Dyrda \u2013 od c\u00f3rki Heleny<\/p>\n\n\n\n<p><strong>Sobota \u2013 21 czerwiec<br><\/strong>1. + B\u0142a\u017cej Kurek \u2013 (greg.)<br>2. + Maria Rupar \u2013 od Alicji i Antoniego Kluz z rodzin\u0105<br>3. + Teresa Cebula (20 r. \u015bm.) i + Stanis\u0142aw<\/p>\n\n\n\n<p><strong>Niedziela \u2013 22 czerwiec<br><\/strong>06.30 + Zofia Rachwa\u0142 \u2013 od Marii Cebulak z rodzin\u0105<br>08.00 + Edward Ryznar<br>08.00 + J\u00f3zef Mazur (2 r. \u015bm.) i zmarli rodzice i rodze\u0144stwo<br>10.30 Za parafian<br>15.00 + B\u0142a\u017cej Kurek \u2013 (greg.)<\/p>\n\n\n\n<h3 class=\"wp-block-heading\"><strong>Modlitw\u0119 r\u00f3\u017ca\u0144cow\u0105 prowadz\u0105<\/strong><\/h3>\n\n\n\n<p>16. Pn. R\u00f3\u017ca \u015aw. Marii Magdaleny \u2013 (Janina Rachwa\u0142)<br>17. Wt. R\u00f3\u017ca \u015aw. Marii Goretti \u2013 (El\u017cbieta Kukulska)<br>18. \u015ar. R\u00f3\u017ca \u015aw. Marty \u2013 (Czes\u0142awa Por\u0119bna)<br>19. Cz. R\u00f3\u017ca Matki Bo\u017cej Szkaplerznej \u2013 (Maria K\u0142os)<br>20. Pt. KSM<br>21. Sb. R\u00f3\u017ca Matki Bo\u017cej Bolesnej \u2013 (Krystyna Szostek)<br>22. Nd. R\u00f3\u017ca Matki Bo\u017cej R\u00f3\u017ca\u0144cowej &#8211; (Zofia \u015awizdor)<\/p>\n\n\n\n<p>Wyznaczona R\u00f3\u017ca jest proszona o prowadzenie modlitwy r\u00f3\u017ca\u0144cowej<\/p>\n","protected":false},"excerpt":{"rendered":"<p>Og\u0142oszenia Intencje mszalne od 16 czerwca 2025 do 22 czerwca 2025 Gdyby zbyt d\u0142ugi czas nie by\u0142a og\u0142oszona zam\u00f3wiona intencja mszalna \u2013 prosimy o zg\u0142oszenie tego kap\u0142anowi.&nbsp; Zam\u00f3wiona intencja nie &hellip; <a href=\"https:\/\/budy.przemyska.pl\/index.php\/2025\/06\/15\/uroczystosc-trojcy-przenajswietszej-ogloszenia-parafialne-15-czerwiec-2025\/\" class=\"more-link\">Czytaj dalej <span class=\"screen-reader-text\">Uroczysto\u015b\u0107 Tr\u00f3jcy Przenaj\u015bwi\u0119tszej &#8211; Og\u0142oszenia parafialne 15 czerwiec 2025<\/span> <span class=\"meta-nav\">&rarr;<\/span><\/a><\/p>\n","protected":false},"author":1,"featured_media":4007,"comment_status":"closed","ping_status":"closed","sticky":false,"template":"","format":"standard","meta":{"footnotes":""},"categories":[6,4],"tags":[],"class_list":["post-4203","post","type-post","status-publish","format-standard","has-post-thumbnail","hentry","category-aktualnosci","category-ogloszenia"],"_links":{"self":[{"href":"https:\/\/budy.przemyska.pl\/index.php\/wp-json\/wp\/v2\/posts\/4203","targetHints":{"allow":["GET"]}}],"collection":[{"href":"https:\/\/budy.przemyska.pl\/index.php\/wp-json\/wp\/v2\/posts"}],"about":[{"href":"https:\/\/budy.przemyska.pl\/index.php\/wp-json\/wp\/v2\/types\/post"}],"author":[{"embeddable":true,"href":"https:\/\/budy.przemyska.pl\/index.php\/wp-json\/wp\/v2\/users\/1"}],"replies":[{"embeddable":true,"href":"https:\/\/budy.przemyska.pl\/index.php\/wp-json\/wp\/v2\/comments?post=4203"}],"version-history":[{"count":1,"href":"https:\/\/budy.przemyska.pl\/index.php\/wp-json\/wp\/v2\/posts\/4203\/revisions"}],"predecessor-version":[{"id":4204,"href":"https:\/\/budy.przemyska.pl\/index.php\/wp-json\/wp\/v2\/posts\/4203\/revisions\/4204"}],"wp:featuredmedia":[{"embeddable":true,"href":"https:\/\/budy.przemyska.pl\/index.php\/wp-json\/wp\/v2\/media\/4007"}],"wp:attachment":[{"href":"https:\/\/budy.przemyska.pl\/index.php\/wp-json\/wp\/v2\/media?parent=4203"}],"wp:term":[{"taxonomy":"category","embeddable":true,"href":"https:\/\/budy.przemyska.pl\/index.php\/wp-json\/wp\/v2\/categories?post=4203"},{"taxonomy":"post_tag","embeddable":true,"href":"https:\/\/budy.przemyska.pl\/index.php\/wp-json\/wp\/v2\/tags?post=4203"}],"curies":[{"name":"wp","href":"https:\/\/api.w.org\/{rel}","templated":true}]}}