{"id":4188,"date":"2025-05-18T20:53:17","date_gmt":"2025-05-18T18:53:17","guid":{"rendered":"https:\/\/budy.przemyska.pl\/?p=4188"},"modified":"2025-05-26T21:14:38","modified_gmt":"2025-05-26T19:14:38","slug":"v-niedziela-wielkanocy-ogloszenia-parafialne-18-maj-2025","status":"publish","type":"post","link":"https:\/\/budy.przemyska.pl\/index.php\/2025\/05\/18\/v-niedziela-wielkanocy-ogloszenia-parafialne-18-maj-2025\/","title":{"rendered":"V Niedziela Wielkanocy &#8211; Og\u0142oszenia parafialne 18 maj 2025"},"content":{"rendered":"\n<h2 class=\"wp-block-heading\"><strong>Og\u0142oszenia<\/strong><\/h2>\n\n\n\n<ol class=\"wp-block-list\">\n<li>O godz. 15.00 Nabo\u017ce\u0144stwo majowe, a po Nim Msza \u015bw.<\/li>\n\n\n\n<li>W tym tygodniu w Liturgii Ko\u015bcio\u0142a wspominamy: w sobot\u0119 \u2013 wspomnienie NMP Wspomo\u017cenia Wiernych.<\/li>\n\n\n\n<li>We wtorek po Mszy \u015bw. zbi\u00f3rka dla ministrant\u00f3w.<\/li>\n\n\n\n<li>W czwartek Adoracja Naj\u015bwi\u0119tszego Sakramentu od godz. 17.00. Po Mszy \u015bw. spotkanie na plebanii dla wszystkich uczestnik\u00f3w Pielgrzymki na prze\u0142omie czerwca i lipca. B\u0119dzie mo\u017cna wp\u0142aci\u0107 zaliczk\u0119 w wysoko\u015bci 400 z\u0142., gdy\u017c przyjedzie przedstawiciel Biura Podr\u00f3\u017cy i przedstawi ca\u0142y program naszej Pielgrzymki. Serdecznie zapraszamy! S\u0105 jeszcze dwa ostatnie wolne miejsca!!!<\/li>\n\n\n\n<li>Nabo\u017ce\u0144stwa majowe s\u0105 odprawiane codziennie po Mszy \u015bw. Serdecznie zapraszamy do udzia\u0142u w nich wszystkich parafian, a zw\u0142aszcza dzieci i m\u0142odzie\u017c.<\/li>\n\n\n\n<li>21 czerwca o godz. 10.00 w Bazylice w Le\u017cajsku b\u0119dziemy prze\u017cywa\u0107 Nabo\u017ce\u0144stwo Roku Jubileuszowego dla Rodzic\u00f3w z naszego Dekanatu. Ju\u017c dzisiaj zapraszamy na to spotkanie u tronu Matki Bo\u017cej.<\/li>\n\n\n\n<li>Sk\u0142adam serdeczne B\u00f3g zap\u0142a\u0107 dla os\u00f3b sprz\u0105taj\u0105cych i stroj\u0105cych ko\u015bci\u00f3\u0142 oraz za wszystkie ofiary sk\u0142adane na potrzeby parafii.<\/li>\n<\/ol>\n\n\n\n<h3 class=\"wp-block-heading\"><strong>Intencje mszalne<\/strong><\/h3>\n\n\n\n<h4 class=\"wp-block-heading\"><strong>od 19 maja 2025 do 25 maja 2025<\/strong><\/h4>\n\n\n\n<h4 class=\"wp-block-heading has-small-font-size\"><strong>Gdyby zbyt d\u0142ugi czas nie by\u0142a og\u0142oszona zam\u00f3wiona intencja mszalna \u2013 prosimy o zg\u0142oszenie tego kap\u0142anowi.&nbsp; Zam\u00f3wiona intencja nie mo\u017ce zgin\u0105\u0107.<\/strong><\/h4>\n\n\n\n<p><strong>Poniedzia\u0142ek \u2013 19 maj<br><\/strong>1. + Jacek Kie\u0142b \u2013 (greg.)<br>2. + Aniela Wn\u0119k<br>3. + Jakub, Weronika, Leokadia, W\u0142adys\u0142aw Obara oraz zmarli z rodziny<\/p>\n\n\n\n<p><strong>Wtorek \u2013 20 maj<br><\/strong>1. + Jacek Kie\u0142b \u2013 (greg.)<br>2. + El\u017cbieta Wacnik \u2013 od kuzynki Haliny z rodzin\u0105<br>3. + Zdzis\u0142awa \u2013 od syna Jacka z rodzin\u0105<\/p>\n\n\n\n<p><strong>\u015aroda \u2013 21 maj<br><\/strong>1. + Jacek Kie\u0142b \u2013 (greg.)<br>2. Dzi\u0119kczynna za otrzymane \u0142aski; z pro\u015bb\u0105 o b\u0142og. Bo\u017ce i opiek\u0119 Matki Bo\u017cej w 20 rocznic\u0119 \u015blubu<br>3. + Janina Kubis \u2013 od rodziny Gda\u0144skich<\/p>\n\n\n\n<p><strong>Czwartek \u2013 22 maj<\/strong><br>1. + Jacek Kie\u0142b \u2013 (greg.)<br>2. + Zofia Rachwa\u0142 \u2013 od kol. i kol. z pracy syna Leszka<br>3. + Andrzej Janusz \u2013 od \u017cony i c\u00f3rki Karoliny<\/p>\n\n\n\n<p><strong>Pi\u0105tek \u2013 23 maj<\/strong><br>1. + Jacek Kie\u0142b \u2013 (greg.)<br>2. + J\u00f3zef Konieczny (1 r. \u015bm.) i zmarli rodzice: Anna i Jan<br>3. + Stanis\u0142aw \u015awizdor i zmarli rodzice: Magdalena i Marcin<\/p>\n\n\n\n<p><strong>Sobota \u2013 24 maj<br><\/strong>1. + Jacek Kie\u0142b \u2013 (greg.)<br>2. + Kazimierz Kie\u0142bicki (3 r. \u015bm.) \u2013 od \u017cony<br>3. + Stefania (15 r. \u015bm.) i W\u0142adys\u0142aw W\u0119grzyn i ++ z rodziny<\/p>\n\n\n\n<p><strong>Niedziela \u2013 25 maj<br><\/strong>06.30 + Helena Dyrda \u2013 od chrze\u015bniaka Dariusza z rodzin\u0105<br>08.00 ++ Jan Kurek i rodzice: + J\u00f3zef i W\u0142adys\u0142awa oraz + Salomea i W\u0142adys\u0142aw Rupar<br>08.00 + Stefania, Franciszek, Renata Nowak oraz + Zofia, Antoni Sanok<br>10.30 O b\u0142og. Bo\u017ce w pracy na roli, o \u0142ask\u0119 urodzaj\u00f3w, ochronienie od burz i piorun\u00f3w \u2013 z rejonu: p. Stanis\u0142awa Kurka, Adama Nawrota i Wojciecha Wo\u017aniaka<br>(\u2026) Za parafian &#8211; (poza parafi\u0105)<br>15.00 + Jacek Kie\u0142b \u2013 (greg.)<\/p>\n\n\n\n<h3 class=\"wp-block-heading\"><strong>Modlitw\u0119 r\u00f3\u017ca\u0144cow\u0105 prowadz\u0105<\/strong><\/h3>\n\n\n\n<p>19. Pn. R\u00f3\u017ca Matki Bo\u017cej Szkaplerznej \u2013 (Maria K\u0142os)<br>20. Wt. R\u00f3\u017ca Matki Bo\u017cej Bolesnej \u2013 (Krystyna Szostek)<br>21. \u015ar. R\u00f3\u017ca Matki Bo\u017cej R\u00f3\u017ca\u0144cowej \u2013 (Zofia \u015awizdor)<br>22. Cz. R\u00f3\u017ca \u015aw. Jadwigi \u015al\u0105skiej \u2013 (Edyta Wal)<br>23. Pt. KSM<br>24. Sb. R\u00f3\u017ca \u015aw. Andrzeja Aposto\u0142a \u2013 (J\u00f3zef M\u0105dry)<br>25. Nd. R\u00f3\u017ca \u015aw. Stanis\u0142awa Biskupa &#8211; (Wojciech Pelc)<\/p>\n\n\n\n<p>Wyznaczona R\u00f3\u017ca jest proszona o prowadzenie modlitwy r\u00f3\u017ca\u0144cowej<\/p>\n\n\n\n<h3 class=\"wp-block-heading\"><strong>Propozycja intencji do przekazania do odprawienia w Wy\u017cszym Seminarium Duchownym w Przemy\u015blu<\/strong><\/h3>\n\n\n\n<p>01. + Maria Rupar \u2013 od kole\u017canek c\u00f3rki Agnieszki<br>02. + Maria Rupar \u2013 od kol. i kol. z pracy Irenki<br>03. + Maria Rupar \u2013 od kol. c\u00f3rki Agnieszki ze sklepu nr 1 PSS \u0141a\u0144cut<br>04. + Maria Rupar \u2013 od kol. c\u00f3rki Agnieszki by\u0142ej i obecnej za\u0142ogi sklepu nr 1 PSS \u0141a\u0144cut<br>05. + Maria Rupar \u2013 od kol. c\u00f3rki Agnieszki ze sklepu nr 5 PSS \u0141a\u0144cut<br>06. + Kazimiera Leja \u2013 od Haliny i Grzegorza Misi\u0105g<br>07. + Kazimiera Leja \u2013 od rodziny Tkacz\u00f3w<br>08. + Kazimiera Leja \u2013 od rodziny Kojdr\u00f3w z Rog\u00f3\u017cna<br>09. + Andrzej Janusz \u2013 od kole\u017canek z pracy c\u00f3rki Eweliny<br>10. + Andrzej Janusz \u2013 od rodziny J\u00f3zefczyk<br>11. + Andrzej Janusz \u2013 od rodziny Dyrda<br>12. + Franciszek \u015awizdor \u2013 od Si\u00f3str Felicjanek z W\u00f3lki Pe\u0142ki\u0144skiej<br>13. + Franciszek \u015awizdor \u2013 od Kazimierza i Stanis\u0142awa z \u0141a\u0144cuta<br>14. + Franciszek \u015awizdor \u2013 od Marii Hawro z rodzin\u0105<br>15. + Franciszek \u015awizdor \u2013 od szwagra J\u00f3zefa z \u017con\u0105 Krystyn\u0105<\/p>\n","protected":false},"excerpt":{"rendered":"<p>Og\u0142oszenia Intencje mszalne od 19 maja 2025 do 25 maja 2025 Gdyby zbyt d\u0142ugi czas nie by\u0142a og\u0142oszona zam\u00f3wiona intencja mszalna \u2013 prosimy o zg\u0142oszenie tego kap\u0142anowi.&nbsp; Zam\u00f3wiona intencja nie &hellip; <a href=\"https:\/\/budy.przemyska.pl\/index.php\/2025\/05\/18\/v-niedziela-wielkanocy-ogloszenia-parafialne-18-maj-2025\/\" class=\"more-link\">Czytaj dalej <span class=\"screen-reader-text\">V Niedziela Wielkanocy &#8211; Og\u0142oszenia parafialne 18 maj 2025<\/span> <span class=\"meta-nav\">&rarr;<\/span><\/a><\/p>\n","protected":false},"author":1,"featured_media":4007,"comment_status":"closed","ping_status":"closed","sticky":false,"template":"","format":"standard","meta":{"footnotes":""},"categories":[6,4],"tags":[],"class_list":["post-4188","post","type-post","status-publish","format-standard","has-post-thumbnail","hentry","category-aktualnosci","category-ogloszenia"],"_links":{"self":[{"href":"https:\/\/budy.przemyska.pl\/index.php\/wp-json\/wp\/v2\/posts\/4188","targetHints":{"allow":["GET"]}}],"collection":[{"href":"https:\/\/budy.przemyska.pl\/index.php\/wp-json\/wp\/v2\/posts"}],"about":[{"href":"https:\/\/budy.przemyska.pl\/index.php\/wp-json\/wp\/v2\/types\/post"}],"author":[{"embeddable":true,"href":"https:\/\/budy.przemyska.pl\/index.php\/wp-json\/wp\/v2\/users\/1"}],"replies":[{"embeddable":true,"href":"https:\/\/budy.przemyska.pl\/index.php\/wp-json\/wp\/v2\/comments?post=4188"}],"version-history":[{"count":1,"href":"https:\/\/budy.przemyska.pl\/index.php\/wp-json\/wp\/v2\/posts\/4188\/revisions"}],"predecessor-version":[{"id":4189,"href":"https:\/\/budy.przemyska.pl\/index.php\/wp-json\/wp\/v2\/posts\/4188\/revisions\/4189"}],"wp:featuredmedia":[{"embeddable":true,"href":"https:\/\/budy.przemyska.pl\/index.php\/wp-json\/wp\/v2\/media\/4007"}],"wp:attachment":[{"href":"https:\/\/budy.przemyska.pl\/index.php\/wp-json\/wp\/v2\/media?parent=4188"}],"wp:term":[{"taxonomy":"category","embeddable":true,"href":"https:\/\/budy.przemyska.pl\/index.php\/wp-json\/wp\/v2\/categories?post=4188"},{"taxonomy":"post_tag","embeddable":true,"href":"https:\/\/budy.przemyska.pl\/index.php\/wp-json\/wp\/v2\/tags?post=4188"}],"curies":[{"name":"wp","href":"https:\/\/api.w.org\/{rel}","templated":true}]}}