{"id":4182,"date":"2025-05-03T06:49:30","date_gmt":"2025-05-03T04:49:30","guid":{"rendered":"https:\/\/budy.przemyska.pl\/?p=4182"},"modified":"2025-05-10T18:06:59","modified_gmt":"2025-05-10T16:06:59","slug":"iii-niedziela-wielkanocy-ogloszenia-parafialne-4-maj-2025","status":"publish","type":"post","link":"https:\/\/budy.przemyska.pl\/index.php\/2025\/05\/03\/iii-niedziela-wielkanocy-ogloszenia-parafialne-4-maj-2025\/","title":{"rendered":"III Niedziela Wielkanocy &#8211; Og\u0142oszenia parafialne 4 maj 2025"},"content":{"rendered":"\n<h2 class=\"wp-block-heading\"><strong>Og\u0142oszenia<\/strong><\/h2>\n\n\n\n<ol class=\"wp-block-list\">\n<li>Dzi\u015b o godz. 12.00 Uroczysto\u015b\u0107 I Komunii \u015bw. dla dzieci z klas III, za\u015b o godz. 15.00 Nabo\u017ce\u0144stwo Adoracyjne, a po Nim Msza \u015bw. Dzisiejsza niedziela rozpoczyna w Ko\u015bciele Tydzie\u0144 Biblijny.<\/li>\n\n\n\n<li>W tym tygodniu w Liturgii Ko\u015bcio\u0142a wspominamy: we wtorek \u2013 \u015awi\u0119to \u015bw. Aposto\u0142\u00f3w Filipa i Jakuba; w czwartek \u2013 Uroczysto\u015b\u0107 \u015bw. Stanis\u0142awa, biskupa i m\u0119czennika, patrona Polski.<\/li>\n\n\n\n<li>Dzieci Pierwszokomunijne prze\u017cywaj\u0105 sw\u00f3j \u201eBia\u0142y Tydzie\u0144\u201d.<\/li>\n\n\n\n<li>Najbli\u017csza niedziela to Niedziela Dobrego Pasterza. Na Mszy \u015bw. o godz. 10.30 dzieci klas IV b\u0119d\u0105 prze\u017cywa\u0107 Rocznic\u0119 I Komunii \u015bw. Spotkanie przygotowuj\u0105ce do tego wydarzenia odb\u0119dzie si\u0119 w \u015brod\u0119 o godz. 16.00.<\/li>\n\n\n\n<li>W \u015brod\u0119 modlitwa w intencji rodzin z naszej parafii za przyczyn\u0105 B\u0142ogos\u0142awionej Rodziny Ulm\u00f3w.<\/li>\n\n\n\n<li>W czwartek Adoracja Naj\u015bwi\u0119tszego Sakramentu od godz. 17.00. Po Mszy \u015bw. spotkanie Akcji Katolickiej.<\/li>\n\n\n\n<li>W pi\u0105tek po Mszy \u015bw. zapraszam na kr\u00f3tkie spotkanie Rad\u0119 Parafialn\u0105.<\/li>\n\n\n\n<li>W sobot\u0119 10 maja Pielgrzymka Akcji Katolickiej do Sanktuarium \u015bw. Andrzeja Boboli do Strachociny. Mog\u0105 w niej wsi\u0105\u015b\u0107 udzia\u0142 tak\u017ce wszyscy ch\u0119tni czciciele \u015bw. Andrzeja. Wyjazd z parkingu spod ko\u015bcio\u0142a o godz. 07.30.<\/li>\n\n\n\n<li>Nabo\u017ce\u0144stwa majowe s\u0105 odprawiane codziennie po Mszy \u015bw. Serdecznie zapraszamy do udzia\u0142u w nich wszystkich parafian.<\/li>\n\n\n\n<li>Sk\u0142adam serdeczne B\u00f3g zap\u0142a\u0107 dla Rodzic\u00f3w dzieci pierwszokomunijnych za posprz\u0105tanie i wystr\u00f3j ko\u015bcio\u0142a, a tak\u017ce wykoszenie trawy wok\u00f3\u0142 ko\u015bcio\u0142a i plebanii, dzi\u0119kuj\u0119 r\u00f3wnie\u017c za wszystkie ofiary sk\u0142adane na potrzeby parafii.<\/li>\n<\/ol>\n\n\n\n<h3 class=\"wp-block-heading\"><strong>Intencje mszalne<\/strong><\/h3>\n\n\n\n<h4 class=\"wp-block-heading\"><strong>od 5 maja 2025 do 11 maja 2025<\/strong><\/h4>\n\n\n\n<h4 class=\"wp-block-heading has-small-font-size\"><strong>Gdyby zbyt d\u0142ugi czas nie by\u0142a og\u0142oszona zam\u00f3wiona intencja mszalna \u2013 prosimy o zg\u0142oszenie tego kap\u0142anowi.&nbsp; Zam\u00f3wiona intencja nie mo\u017ce zgin\u0105\u0107.<\/strong><\/h4>\n\n\n\n<p><strong>Poniedzia\u0142ek \u2013 5 maj<br><\/strong>1. + Jacek Kie\u0142b \u2013 (greg.)<br>2. + Zofia Rachwa\u0142 \u2013 od wnucz\u0105t: Oli i Weroniki<br>3. + Janina Kubis \u2013 od c\u00f3rki Zofii z m\u0119\u017cem<\/p>\n\n\n\n<p><strong>Wtorek \u2013 6 maj<br><\/strong>1. + Jacek Kie\u0142b \u2013 (greg.)<br>2. + Antoni Kojder \u2013 od rodziny Kojdr\u00f3w M. J.<br>3. + Adam Por\u0119bny \u2013 2 rocznica \u015bmierci<\/p>\n\n\n\n<p><strong>\u015aroda \u2013 7 maj<br><\/strong>1. + Jacek Kie\u0142b \u2013 (greg.)<br>2. + W\u0142adys\u0142aw \u015awizdor oraz zmarli Rodzice<br>3. + J\u00f3zef Bar \u2013 rocznica \u015bmierci<\/p>\n\n\n\n<p><strong>Czwartek \u2013 8 maj<\/strong><br>1. + Jacek Kie\u0142b \u2013 (greg.)<br>2. + W\u0142adys\u0142aw \u015awizdor oraz zmarli Rodzice<br>3. + J\u00f3zef Bar \u2013 rocznica \u015bmierci<\/p>\n\n\n\n<p><strong>Pi\u0105tek \u2013 9 maj<\/strong><br>1. + Jacek Kie\u0142b \u2013 (greg.)<br>2. + Zofia Rachwa\u0142 \u2013 od synowej z c\u00f3rkami<br>3. + Janina Kubis \u2013 od c\u00f3rki Marii<\/p>\n\n\n\n<p><strong>Sobota \u2013 10 maj<br><\/strong>1. + Jacek Kie\u0142b \u2013 (greg.)<br>2. + El\u017cbieta Wacnik \u2013 od s\u0105siad\u00f3w: Blok i Kr\u00f3l<br>3. + Stanis\u0142aw Ka\u0142amarz<\/p>\n\n\n\n<p><strong>Niedziela \u2013 11 maj<br><\/strong>06.30 + Helena Dyrda \u2013 chrze\u015bnicy Joanny<br>08.00 + Zofia Rachwa\u0142 \u2013 od rodziny: Mach, Rachwa\u0142, Rydz<br>08.00 O \u0142ask\u0119 urodzaju, dobr\u0105 pogod\u0119 oraz b\u0142og. Bo\u017ce w pracy na roli \u2013 z Rejonu p. Ryszarda Kojdra i Dariusza Gamracego<br>10.30 W intencji dzieci prze\u017cywaj\u0105cych pierwsz\u0105 Rocznic\u0119 przyj\u0119cia Komunii \u015bw.<br>(\u2026) Za parafian &#8211; (odprawiana poza parafi\u0105)<br>15.00 + Jacek Kie\u0142b \u2013 (greg.)<\/p>\n\n\n\n<h3 class=\"wp-block-heading\"><strong>Modlitw\u0119 r\u00f3\u017ca\u0144cow\u0105 prowadz\u0105<\/strong><\/h3>\n\n\n\n<p>05. Pn. R\u00f3\u017ca \u015aw. Faustyny \u2013 (Eugenia \u015awizdor)<br>06. Wt. R\u00f3\u017ca \u015aw. Genowefy \u2013 (Genowefa Dr\u0105\u017cek)<br>07. \u015ar. Akcja Katolicka \u2013 (Modlitwa w intencji Rodzin)<br>08. Cz. Akcja Katolicka<br>09. Pt. KSM<br>10. Sb. R\u00f3\u017ca \u015aw. Jadwigi Kr\u00f3lowej \u2013 (Halina Dyrda)<br>11. Nd. R\u00f3\u017ca \u015aw. Heleny &#8211; (Halina Dyl)<\/p>\n\n\n\n<p>Wyznaczona R\u00f3\u017ca jest proszona o prowadzenie modlitwy r\u00f3\u017ca\u0144cowej<\/p>\n","protected":false},"excerpt":{"rendered":"<p>Og\u0142oszenia Intencje mszalne od 5 maja 2025 do 11 maja 2025 Gdyby zbyt d\u0142ugi czas nie by\u0142a og\u0142oszona zam\u00f3wiona intencja mszalna \u2013 prosimy o zg\u0142oszenie tego kap\u0142anowi.&nbsp; Zam\u00f3wiona intencja nie &hellip; <a href=\"https:\/\/budy.przemyska.pl\/index.php\/2025\/05\/03\/iii-niedziela-wielkanocy-ogloszenia-parafialne-4-maj-2025\/\" class=\"more-link\">Czytaj dalej <span class=\"screen-reader-text\">III Niedziela Wielkanocy &#8211; Og\u0142oszenia parafialne 4 maj 2025<\/span> <span class=\"meta-nav\">&rarr;<\/span><\/a><\/p>\n","protected":false},"author":1,"featured_media":4007,"comment_status":"closed","ping_status":"closed","sticky":false,"template":"","format":"standard","meta":{"footnotes":""},"categories":[6,4],"tags":[],"class_list":["post-4182","post","type-post","status-publish","format-standard","has-post-thumbnail","hentry","category-aktualnosci","category-ogloszenia"],"_links":{"self":[{"href":"https:\/\/budy.przemyska.pl\/index.php\/wp-json\/wp\/v2\/posts\/4182","targetHints":{"allow":["GET"]}}],"collection":[{"href":"https:\/\/budy.przemyska.pl\/index.php\/wp-json\/wp\/v2\/posts"}],"about":[{"href":"https:\/\/budy.przemyska.pl\/index.php\/wp-json\/wp\/v2\/types\/post"}],"author":[{"embeddable":true,"href":"https:\/\/budy.przemyska.pl\/index.php\/wp-json\/wp\/v2\/users\/1"}],"replies":[{"embeddable":true,"href":"https:\/\/budy.przemyska.pl\/index.php\/wp-json\/wp\/v2\/comments?post=4182"}],"version-history":[{"count":1,"href":"https:\/\/budy.przemyska.pl\/index.php\/wp-json\/wp\/v2\/posts\/4182\/revisions"}],"predecessor-version":[{"id":4183,"href":"https:\/\/budy.przemyska.pl\/index.php\/wp-json\/wp\/v2\/posts\/4182\/revisions\/4183"}],"wp:featuredmedia":[{"embeddable":true,"href":"https:\/\/budy.przemyska.pl\/index.php\/wp-json\/wp\/v2\/media\/4007"}],"wp:attachment":[{"href":"https:\/\/budy.przemyska.pl\/index.php\/wp-json\/wp\/v2\/media?parent=4182"}],"wp:term":[{"taxonomy":"category","embeddable":true,"href":"https:\/\/budy.przemyska.pl\/index.php\/wp-json\/wp\/v2\/categories?post=4182"},{"taxonomy":"post_tag","embeddable":true,"href":"https:\/\/budy.przemyska.pl\/index.php\/wp-json\/wp\/v2\/tags?post=4182"}],"curies":[{"name":"wp","href":"https:\/\/api.w.org\/{rel}","templated":true}]}}