{"id":4148,"date":"2025-03-15T15:47:05","date_gmt":"2025-03-15T14:47:05","guid":{"rendered":"https:\/\/budy.przemyska.pl\/?p=4148"},"modified":"2025-03-23T10:46:02","modified_gmt":"2025-03-23T09:46:02","slug":"ogloszenia-parafialne-16-marzec-2025","status":"publish","type":"post","link":"https:\/\/budy.przemyska.pl\/index.php\/2025\/03\/15\/ogloszenia-parafialne-16-marzec-2025\/","title":{"rendered":"Og\u0142oszenia parafialne 16 marzec 2025"},"content":{"rendered":"\n<h2 class=\"wp-block-heading\"><strong>Og\u0142oszenia<\/strong><\/h2>\n\n\n\n<ol class=\"wp-block-list\">\n<li>Dzi\u015b o godz. 15.00 Nabo\u017ce\u0144stwo Gorzkich \u017bali z kazaniem pasyjnym, a po Nim Msza \u015bw.<\/li>\n\n\n\n<li>W \u015brod\u0119 Uroczysto\u015b\u0107 \u015aw. J\u00f3zefa, Oblubie\u0144ca NMP. Odpust parafialny w Zmys\u0142\u00f3wce.<br>Po Mszy \u015bw. zapraszamy na spotkanie przygotowuj\u0105cych si\u0119 do Bierzmowania w tym roku oraz na Nabo\u017ce\u0144stwo ku czci \u015bw. J\u00f3zefa w intencji rodzin naszej parafii.<\/li>\n\n\n\n<li>W czwartek Adoracja Naj\u015bwi\u0119tszego Sakramentu od godz. 16.00.<\/li>\n\n\n\n<li>Nabo\u017ce\u0144stwo Drogi Krzy\u017cowej w pi\u0105tek o godzinie 17.00, a po nim Msza \u015awi\u0119ta, za\u015b o godzinie 19.30 Droga Krzy\u017cowa prowadzona przez m\u0142odzie\u017c z naszej parafii.<\/li>\n\n\n\n<li>W najbli\u017cszy pi\u0105tek (21 marca) rozpoczniemy r\u00f3wnie\u017c nasze Rekolekcje Wielkopostne. Prowadzi\u0142 je b\u0119dzie ks. Wies\u0142aw Szczygie\u0142, proboszcz parafii Stare Miasto k\/Le\u017cajska. Program rekolekcji umieszczony jest wewn\u0105trz obecnego numeru Gazetki.<\/li>\n\n\n\n<li>Serdecznie zapraszamy do udzia\u0142u w Rekolekcjach, kt\u00f3re b\u0119d\u0105 prowadzone w nawi\u0105zaniu do Peregrynacji Obrazu Naj\u015bwi\u0119tszego Serca Pana Jezusa i naszemu Zawierzeniu si\u0119 Bo\u017cemu Sercu. Zapraszamy r\u00f3wnie\u017c do udzia\u0142u w Nabo\u017ce\u0144stwach wielkopostnych, zar\u00f3wno starszych, jak i m\u0142odzie\u017c i dzieci. Za udzia\u0142 w tych Nabo\u017ce\u0144stwach mo\u017cna zyska\u0107 odpust zupe\u0142ny pod zwyk\u0142ymi warunkami.<\/li>\n\n\n\n<li>Niebawem (25 marca) b\u0119dziemy prze\u017cywa\u0107 nasz Odpust Parafialny oraz Wizytacj\u0119 Kanoniczn\u0105 parafii, kt\u00f3r\u0105 przeprowadzi ks. bp Krzysztof Chudzio. W tym dniu uczniowie klas VIII przyst\u0105pi\u0105 do Sakramentu Bierzmowania.<\/li>\n\n\n\n<li>Jak co roku, prowadzony jest nab\u00f3r do naszej Stra\u017cy Grobowej. Osoby zainteresowane wst\u0105pieniem do Turk\u00f3w, proszone s\u0105 o kontakt z p. Maciejem Bia\u0142y (tel. 696 907 166).<\/li>\n\n\n\n<li>Na stoliku z gazetami s\u0105 r\u00f3wnie\u017c Wielkanocne \u015bwiece tzw. Paschaliki rozprowadzane przez Caritas w cenie 15 z\u0142.<\/li>\n\n\n\n<li>Chciejmy ze swej strony podj\u0105\u0107 wielkopostne postanowienia, drobne umartwienia i wyrzeczenia, aby ten czas jak najlepiej prze\u017cy\u0107, by rzeczywi\u015bcie sta\u0142 si\u0119 on okazj\u0105 do odnowy naszego ducha.<\/li>\n\n\n\n<li>Sk\u0142adam serdeczne B\u00f3g zap\u0142a\u0107 dla os\u00f3b sprz\u0105taj\u0105cych ko\u015bci\u00f3\u0142 oraz za wszystkie ofiary sk\u0142adane na potrzeby parafii.<\/li>\n<\/ol>\n\n\n\n<h3 class=\"wp-block-heading\"><strong>Intencje mszalne<\/strong><\/h3>\n\n\n\n<h4 class=\"wp-block-heading\"><strong>od 17 marca 2025 do 23 marca 2025<\/strong><\/h4>\n\n\n\n<h4 class=\"wp-block-heading has-small-font-size\"><strong>Gdyby zbyt d\u0142ugi czas nie by\u0142a og\u0142oszona zam\u00f3wiona intencja mszalna \u2013 prosimy o zg\u0142oszenie tego kap\u0142anowi.&nbsp; Zam\u00f3wiona intencja nie mo\u017ce zgin\u0105\u0107.<\/strong><\/h4>\n\n\n\n<p><strong>Poniedzia\u0142ek \u201317 marzec<br><\/strong>1. + Stanis\u0142aw Cebula \u2013 (greg.)<br>2. + El\u017cbieta Wacnik \u2013 od Anny O\u015b<br>3. O \u0142ask\u0119 wiecznego zbawienia dla Piotra Zarzeckiego<\/p>\n\n\n\n<p><strong>Wtorek \u2013 18 marzec<br><\/strong>1. + Stanis\u0142aw Cebula \u2013 (greg.)<br>2. + J\u00f3zefa i Antoni Kojder \u2013 od rodziny Mazur<br>3. + Zdzis\u0142awa Lis<\/p>\n\n\n\n<p><strong>\u015aroda \u2013 19 marzec<br><\/strong>1. + Stanis\u0142aw Cebula \u2013 (greg.)<br>2. + J\u00f3zef Konieczny<br>3. O szcz\u0119\u015bliwe rozwi\u0105zanie i b\u0142og. Bo\u017ce dla ca\u0142ej rodziny<\/p>\n\n\n\n<p><strong>Czwartek \u2013 20 marzec<\/strong><br>1. + Stanis\u0142aw Cebula \u2013 (greg.)<br>2. + J\u00f3zef (r. \u015bm.), Stanis\u0142awa Blok i ich zmarli rodzice<br>3. + Zofia Rachwa\u0142 \u2013 od syna Leszka z rodzin\u0105<\/p>\n\n\n\n<p><strong>Pi\u0105tek \u2013 21 marzec<br><\/strong>1. + Stanis\u0142aw Cebula \u2013 (greg.)<br>2. + Stanis\u0142awa Kurek \u2013 od Bartka z rodzin\u0105<br>3. + Adam Zi\u0119zio<\/p>\n\n\n\n<p><strong>Sobota \u2013 22 marzec<br><\/strong>1. + Stanis\u0142aw Cebula &#8211; (greg.)<br>2. + Antoni Kojder \u2013 od Marii i Zofii<br>3. + Maria, W\u0142adys\u0142aw Babiarz i zmarli ich rodzice i rodze\u0144stwo<\/p>\n\n\n\n<p><strong>Niedziela \u2013 23 marzec<br><\/strong>06.30 + Stanis\u0142awa Kurek \u2013 od rodziny Wo\u0142oszyn\u00f3w<br>08.00 + Helena Dyrda \u2013 od Brata z rodzin\u0105<br>08.00 + El\u017cbieta Wacnik \u2013 od c\u00f3rki Katarzyny z m\u0119\u017cem z Cmolasu<br>10.30 Za parafian<br>15.00 + Stanis\u0142aw Cebula \u2013 (greg.)<\/p>\n\n\n\n<h3 class=\"wp-block-heading\"><strong>Modlitw\u0119 r\u00f3\u017ca\u0144cow\u0105 prowadz\u0105<\/strong><\/h3>\n\n\n\n<p>17. Pn. R\u00f3\u017ca \u015aw. Andrzeja Aposto\u0142a \u2013 (J\u00f3zef M\u0105dry)<br>18. Wt. R\u00f3\u017ca \u015aw. Stanis\u0142awa Bpa \u2013 (Wojciech Pelc)<br>19. \u015ar. R\u00f3\u017ca \u015aw. Teresy od Dzieci\u0105tka Jezus \u2013 (Dorota Dzierga)<br>20. Cz. R\u00f3\u017ca \u015aw. Teresy Wielkiej \u2013 (Zofia Wierzbicka)<br>21. Pt. KSM<br>22. Sb. R\u00f3\u017ca \u015aw. Tomasza Aposto\u0142a \u2013 (Stanis\u0142aw \u015alimak)<br>23. Nd. R\u00f3\u017ca \u015aw. Zofii \u2013 (Zofia Kurek)<\/p>\n\n\n\n<p>Wyznaczona R\u00f3\u017ca jest proszona o prowadzenie modlitwy r\u00f3\u017ca\u0144cowej<\/p>\n\n\n\n<h3 class=\"wp-block-heading\">PROGRAM REKOLEKCJI WIELKOPOSTNYCH<br>W BUDACH \u0141A\u0143CUCKICH: 21-24.03.2025 r.<\/h3>\n\n\n\n<p><strong>21.03. Pi\u0105tek<\/strong><br>17.00 \u2013 Droga Krzy\u017cowa<br>17.30 &#8211; Msza \u015bw. z nauk\u0105 og\u00f3ln\u0105 \/Rozpocz\u0119cie Rekolekcji Wielkopostnych\/<br>18.30 &#8211; Konferencja dla ma\u0142\u017conk\u00f3w i rodzic\u00f3w<br>19.30 \u2013 Droga Krzy\u017cowa przygotowywana przez m\u0142odzie\u017c<\/p>\n\n\n\n<p><strong>22.03. Sobota<\/strong><br>08.00 &#8211; Spowied\u017a \u015bw. dla chorych i starszych<br>09.00 &#8211; Msza \u015bw. dla chorych z nauk\u0105 i udzieleniem Sakramentu Namaszczenia<br>17.00 &#8211; Msza \u015bw. z nauk\u0105 og\u00f3ln\u0105<br>18.00 &#8211; Konferencja dla m\u0142odzie\u017cy<\/p>\n\n\n\n<p><strong>23.03. Niedziela<\/strong><br>06.30 &#8211; Msza \u015bw. z nauk\u0105 og\u00f3ln\u0105<br>08.00 &#8211; Msza \u015bw. z nauk\u0105 og\u00f3ln\u0105<br>10.30 \u2013 Msza \u015bw. z nauk\u0105 og\u00f3ln\u0105<br>15.00 \u2013 Gorzkie \u017bale z kazaniem pasyjnym<br>15.50 \u2013 Msza \u015bw. (bez kazania)<\/p>\n\n\n\n<p><strong>24.03. Poniedzia\u0142ek<\/strong><br>08.00 &#8211; Msza \u015bw. z nauk\u0105 og\u00f3ln\u0105<br>14.00 &#8211; 17.00 &#8211; Spowied\u017a \u015bw. rekolekcyjna (przerwa od 16.00 do 16.30)<br>17.00 &#8211; Msza \u015bw. z nauk\u0105 og\u00f3ln\u0105 \/Zako\u0144czenie Rekolekcji Parafialnych\/<\/p>\n\n\n\n<p><\/p>\n","protected":false},"excerpt":{"rendered":"<p>Og\u0142oszenia Intencje mszalne od 17 marca 2025 do 23 marca 2025 Gdyby zbyt d\u0142ugi czas nie by\u0142a og\u0142oszona zam\u00f3wiona intencja mszalna \u2013 prosimy o zg\u0142oszenie tego kap\u0142anowi.&nbsp; Zam\u00f3wiona intencja nie &hellip; <a href=\"https:\/\/budy.przemyska.pl\/index.php\/2025\/03\/15\/ogloszenia-parafialne-16-marzec-2025\/\" class=\"more-link\">Czytaj dalej <span class=\"screen-reader-text\">Og\u0142oszenia parafialne 16 marzec 2025<\/span> <span class=\"meta-nav\">&rarr;<\/span><\/a><\/p>\n","protected":false},"author":1,"featured_media":4007,"comment_status":"closed","ping_status":"closed","sticky":false,"template":"","format":"standard","meta":{"footnotes":""},"categories":[6,4],"tags":[],"class_list":["post-4148","post","type-post","status-publish","format-standard","has-post-thumbnail","hentry","category-aktualnosci","category-ogloszenia"],"_links":{"self":[{"href":"https:\/\/budy.przemyska.pl\/index.php\/wp-json\/wp\/v2\/posts\/4148","targetHints":{"allow":["GET"]}}],"collection":[{"href":"https:\/\/budy.przemyska.pl\/index.php\/wp-json\/wp\/v2\/posts"}],"about":[{"href":"https:\/\/budy.przemyska.pl\/index.php\/wp-json\/wp\/v2\/types\/post"}],"author":[{"embeddable":true,"href":"https:\/\/budy.przemyska.pl\/index.php\/wp-json\/wp\/v2\/users\/1"}],"replies":[{"embeddable":true,"href":"https:\/\/budy.przemyska.pl\/index.php\/wp-json\/wp\/v2\/comments?post=4148"}],"version-history":[{"count":1,"href":"https:\/\/budy.przemyska.pl\/index.php\/wp-json\/wp\/v2\/posts\/4148\/revisions"}],"predecessor-version":[{"id":4149,"href":"https:\/\/budy.przemyska.pl\/index.php\/wp-json\/wp\/v2\/posts\/4148\/revisions\/4149"}],"wp:featuredmedia":[{"embeddable":true,"href":"https:\/\/budy.przemyska.pl\/index.php\/wp-json\/wp\/v2\/media\/4007"}],"wp:attachment":[{"href":"https:\/\/budy.przemyska.pl\/index.php\/wp-json\/wp\/v2\/media?parent=4148"}],"wp:term":[{"taxonomy":"category","embeddable":true,"href":"https:\/\/budy.przemyska.pl\/index.php\/wp-json\/wp\/v2\/categories?post=4148"},{"taxonomy":"post_tag","embeddable":true,"href":"https:\/\/budy.przemyska.pl\/index.php\/wp-json\/wp\/v2\/tags?post=4148"}],"curies":[{"name":"wp","href":"https:\/\/api.w.org\/{rel}","templated":true}]}}