{"id":4125,"date":"2025-01-18T18:28:30","date_gmt":"2025-01-18T17:28:30","guid":{"rendered":"https:\/\/budy.przemyska.pl\/?p=4125"},"modified":"2025-01-26T13:06:34","modified_gmt":"2025-01-26T12:06:34","slug":"ogloszenia-parafialne-19-stycznia-2025","status":"publish","type":"post","link":"https:\/\/budy.przemyska.pl\/index.php\/2025\/01\/18\/ogloszenia-parafialne-19-stycznia-2025\/","title":{"rendered":"Og\u0142oszenia parafialne 19 stycznia 2025"},"content":{"rendered":"\n<h2 class=\"wp-block-heading\">II Niedziela Zwyk\u0142a <strong>\u2013 19-01-2025<\/strong><\/h2>\n\n\n\n<h2 class=\"wp-block-heading\"><strong>Og\u0142oszenia<\/strong><\/h2>\n\n\n\n<ol class=\"wp-block-list\">\n<li>Dzi\u015b o godz.15.00 Nabo\u017ce\u0144stwo do Bo\u017cego Mi\u0142osierdzia, a po Nim Msza \u015bw.<\/li>\n\n\n\n<li>W tym tygodniu w Liturgii Ko\u015bcio\u0142a wspominamy: we wtorek \u2013 wspomnienie \u015bw. Agnieszki; w pi\u0105tek \u2013 wspomnienie \u015bw. Franciszka Salezego; w sobot\u0119 \u2013 \u015awi\u0119to Nawr\u00f3cenia \u015bw. Paw\u0142a Aposto\u0142a.<\/li>\n\n\n\n<li>W czwartek Adoracja Naj\u015bwi\u0119tszego Sakramentu od godz. 16.00.<\/li>\n\n\n\n<li>W sobot\u0119 zako\u0144czenie Tygodnia Modlitw o Jedno\u015b\u0107 Chrze\u015bcijan.<\/li>\n\n\n\n<li>Sk\u0142adam serdeczne B\u00f3g zap\u0142a\u0107 dla os\u00f3b sprz\u0105taj\u0105cych i stroj\u0105cych ko\u015bci\u00f3\u0142 oraz za wszystkie ofiary sk\u0142adane na potrzeby parafii, w tym ofiary na utrzymanie pracownik\u00f3w ko\u015bcielnych i ogrzewanie ko\u015bcio\u0142a.<\/li>\n<\/ol>\n\n\n\n<h3 class=\"wp-block-heading\"><strong>Intencje mszalne<\/strong><\/h3>\n\n\n\n<h4 class=\"wp-block-heading\"><strong>od 20 stycznia 2025 do 26 stycznia 2025<\/strong><\/h4>\n\n\n\n<h4 class=\"wp-block-heading\"><strong>Gdyby zbyt d\u0142ugi czas nie by\u0142a og\u0142oszona zam\u00f3wiona intencja mszalna \u2013 prosimy o zg\u0142oszenie tego kap\u0142anowi.&nbsp; Zam\u00f3wiona intencja nie mo\u017ce zgin\u0105\u0107.<\/strong><\/h4>\n\n\n\n<p><strong>Poniedzia\u0142ek \u2013 20 stycze\u0144<br><\/strong>1. + Edward Ryznar \u2013 (greg.)<br>2. + Jan \u015awizdor<br>3. + El\u017cbieta Wacnik \u2013 od Ewy i \u0141ukasza Rachwa\u0142<\/p>\n\n\n\n<p><strong>Wtorek \u2013 21 stycze\u0144<br><\/strong>1. + Edward Ryznar \u2013 (greg.)<br>2. + Stanis\u0142awa Kurek \u2013 od El\u017cbiety i Bogdana Janusz z rodzin\u0105<br>3. ++ Janina Kojder; J\u00f3zef Mazur \u2013 od wnucz\u0105t: Klary i Franciszka<\/p>\n\n\n\n<p><strong>\u015aroda \u2013 22 stycze\u0144<br><\/strong>1. + Edward Ryznar \u2013 (greg.)<br>2. Dzi\u0119kczynna za otrzymane \u0142aski; z pro\u015bb\u0105 o Bo\u017ce b\u0142ogos\u0142awie\u0144stwo i opiek\u0119 Matki Bo\u017cej w dniu 50-tych urodzin dla Katarzyny<br>3. + Henryka Bartnik \u2013 od rodziny Dr\u0105g\u00f3w<\/p>\n\n\n\n<p><strong>Czwartek \u2013 23 stycze\u0144<\/strong><br>1. + Edward Ryznar \u2013 (greg.)<br>2. + Ma\u0142gorzata Kotli\u0144ska \u2013 od s\u0105siadek<br>3. + + Zofia, Jan Golenia i Katarzyna, J\u00f3zef Kr\u00f3l<\/p>\n\n\n\n<p><strong>Pi\u0105tek \u2013 24 stycze\u0144<br><\/strong>1 + Edward Ryznar \u2013 (greg.)<br>2. + El\u017cbieta Wacnik \u2013 od chrze\u015bnicy Justyny z rodzin\u0105<br>3. + Anna Bosak \u2013 rocznica \u015bmierci<\/p>\n\n\n\n<p><strong>Sobota \u2013 25 stycze\u0144<br><\/strong>1. + Edward Ryznar &#8211; (greg.)<br>2. + Boles\u0142aw Migas \u2013 od syna Paw\u0142a<br>3. + Ma\u0142gorzata Kotli\u0144ska \u2013 od Dyrekcji i Pracownik\u00f3w Gminnego O\u015brodka Kultury i Czytelnictwa w Bia\u0142obrzegach<\/p>\n\n\n\n<p><strong>Niedziela \u2013 26 stycze\u0144<br><\/strong>06.30 ++ Franciszek, Helena Motyka oraz ich Rodzice<br>08.00 + J\u00f3zef, Maria, Jan, Katarzyna Bieleccy<br>08.00 + J\u00f3zef Ciupi\u0144ski (r. \u015bm.) i zmarli jego Rodzice: Jan, Agata oraz + Bogdan Blok<br>10.30 Za parafian<br>15.00 + Edward Ryznar \u2013 (greg.)<\/p>\n\n\n\n<h3 class=\"wp-block-heading\"><strong>Modlitw\u0119 r\u00f3\u017ca\u0144cow\u0105 prowadz\u0105<\/strong><\/h3>\n\n\n\n<p>20. Pn. R\u00f3\u017ca \u015aw. Zofii \u2013 (Zofia Kurek)<br>21. Wt. R\u00f3\u017ca \u015aw. Agnieszki \u2013 (Ma\u0142gorzata Markowicz)<br>22. \u015ar. R\u00f3\u017ca \u015aw. Cecylii \u2013 (Krystyna Markowicz)<br>23. Cz. R\u00f3\u017ca \u015aw. El\u017cbiety \u2013 (Alina Trojnar)<br>24. Pt. KSM<br>25. Sb. R\u00f3\u017ca \u015aw. Faustyny \u2013 (Eugenia \u015awizdor)<br>26. Nd. R\u00f3\u017ca \u015aw. Genowefy \u2013 (Genowefa Dr\u0105\u017cek)<\/p>\n\n\n\n<p>Wyznaczona R\u00f3\u017ca jest proszona o prowadzenie modlitwy r\u00f3\u017ca\u0144cowej<\/p>\n\n\n\n<h3 class=\"wp-block-heading\"><strong>Propozycja intencji do przekazania do odprawienia w Wy\u017cszym Seminarium Duchownym w Przemy\u015blu<\/strong><\/h3>\n\n\n\n<p>01. + Adam Ko\u0142cz \u2013 od brata J\u00f3zefa i ca\u0142ej rodziny<br>02. + Adam Ko\u0142cz \u2013 od brata J\u00f3zefa i ca\u0142ej rodziny<br>03. + Adam Ko\u0142cz \u2013 od rodziny Flis\u00f3w<br>04. + Adam Ko\u0142cz \u2013 od rodziny Flis\u00f3w<br>05. + Adam Ko\u0142cz \u2013 od Krystyny Sok\u00f3\u0142<br>06. + Adam Ko\u0142cz \u2013 od siostry Anny z rodzin\u0105<br>07. + El\u017cbieta Wacnik \u2013 od Teresy i J\u00f3zefa Majkut<br>08. + El\u017cbieta Wacnik \u2013 od Ma\u0142gorzaty i Arkadiusza Zgnilec<br>09. + El\u017cbieta Wacnik \u2013 od Zofii i Tomasza Kielar z Markowej<br>10. + El\u017cbieta Wacnik \u2013 od rodziny Harpul\u00f3w<br>11. + Stanis\u0142awa Kurek \u2013 od rodziny Bo\u017ck\u00f3w z Opola<br>12. + Henryka Bartnik \u2013 od Iwony i Krzysztofa<br>13. + Antoni Kojder \u2013 od rodziny z Sanoka<br>14. + Antoni Kojder \u2013 od rodziny Kojdr\u00f3w ze Zmys\u0142\u00f3wki<br>15. + Antoni Kojder \u2013 od Krzysztofa Ka\u0142amarz<\/p>\n","protected":false},"excerpt":{"rendered":"<p>II Niedziela Zwyk\u0142a \u2013 19-01-2025 Og\u0142oszenia Intencje mszalne od 20 stycznia 2025 do 26 stycznia 2025 Gdyby zbyt d\u0142ugi czas nie by\u0142a og\u0142oszona zam\u00f3wiona intencja mszalna \u2013 prosimy o zg\u0142oszenie &hellip; <a href=\"https:\/\/budy.przemyska.pl\/index.php\/2025\/01\/18\/ogloszenia-parafialne-19-stycznia-2025\/\" class=\"more-link\">Czytaj dalej <span class=\"screen-reader-text\">Og\u0142oszenia parafialne 19 stycznia 2025<\/span> <span class=\"meta-nav\">&rarr;<\/span><\/a><\/p>\n","protected":false},"author":1,"featured_media":4007,"comment_status":"closed","ping_status":"closed","sticky":false,"template":"","format":"standard","meta":{"footnotes":""},"categories":[6,4],"tags":[],"class_list":["post-4125","post","type-post","status-publish","format-standard","has-post-thumbnail","hentry","category-aktualnosci","category-ogloszenia"],"_links":{"self":[{"href":"https:\/\/budy.przemyska.pl\/index.php\/wp-json\/wp\/v2\/posts\/4125","targetHints":{"allow":["GET"]}}],"collection":[{"href":"https:\/\/budy.przemyska.pl\/index.php\/wp-json\/wp\/v2\/posts"}],"about":[{"href":"https:\/\/budy.przemyska.pl\/index.php\/wp-json\/wp\/v2\/types\/post"}],"author":[{"embeddable":true,"href":"https:\/\/budy.przemyska.pl\/index.php\/wp-json\/wp\/v2\/users\/1"}],"replies":[{"embeddable":true,"href":"https:\/\/budy.przemyska.pl\/index.php\/wp-json\/wp\/v2\/comments?post=4125"}],"version-history":[{"count":1,"href":"https:\/\/budy.przemyska.pl\/index.php\/wp-json\/wp\/v2\/posts\/4125\/revisions"}],"predecessor-version":[{"id":4126,"href":"https:\/\/budy.przemyska.pl\/index.php\/wp-json\/wp\/v2\/posts\/4125\/revisions\/4126"}],"wp:featuredmedia":[{"embeddable":true,"href":"https:\/\/budy.przemyska.pl\/index.php\/wp-json\/wp\/v2\/media\/4007"}],"wp:attachment":[{"href":"https:\/\/budy.przemyska.pl\/index.php\/wp-json\/wp\/v2\/media?parent=4125"}],"wp:term":[{"taxonomy":"category","embeddable":true,"href":"https:\/\/budy.przemyska.pl\/index.php\/wp-json\/wp\/v2\/categories?post=4125"},{"taxonomy":"post_tag","embeddable":true,"href":"https:\/\/budy.przemyska.pl\/index.php\/wp-json\/wp\/v2\/tags?post=4125"}],"curies":[{"name":"wp","href":"https:\/\/api.w.org\/{rel}","templated":true}]}}