{"id":4118,"date":"2025-01-04T16:34:33","date_gmt":"2025-01-04T15:34:33","guid":{"rendered":"https:\/\/budy.przemyska.pl\/?p=4118"},"modified":"2025-01-12T11:47:01","modified_gmt":"2025-01-12T10:47:01","slug":"ogloszenia-parafialne-5-stycznia-2025","status":"publish","type":"post","link":"https:\/\/budy.przemyska.pl\/index.php\/2025\/01\/04\/ogloszenia-parafialne-5-stycznia-2025\/","title":{"rendered":"Og\u0142oszenia parafialne 5 stycznia 2025"},"content":{"rendered":"\n<h2 class=\"wp-block-heading\">II Niedziela po Bo\u017cym Narodzeniu <strong>\u2013 05-01-2025<\/strong><\/h2>\n\n\n\n<h2 class=\"wp-block-heading\"><strong>Og\u0142oszenia<\/strong><\/h2>\n\n\n\n<ol class=\"wp-block-list\">\n<li>Dzi\u015b o godz.15.00 Nabo\u017ce\u0144stwo Adoracyjne, a po Nim Msza \u015bw.<\/li>\n\n\n\n<li>Jutro Uroczysto\u015b\u0107 Objawienia Pa\u0144skiego (Trzech Kr\u00f3li). Msze \u015bw. tak jak w niedziele. Jest to jedno z tzw. \u015awi\u0105t nakazanych, a zatem mamy obowi\u0105zek uczestnictwa we Mszy \u015bw. Na ka\u017cdej Mszy \u015bw. obrz\u0119d b\u0142ogos\u0142awie\u0144stwa kadzid\u0142a i kredy.<\/li>\n\n\n\n<li>W tym tygodniu dalszy ci\u0105g Wizyty Duszpasterskiej wed\u0142ug za\u0142\u0105czonego planu. W dniach Kol\u0119dy, kap\u0142ani udaj\u0105cy si\u0119 z pos\u0142ug\u0105, odprawiaj\u0105 Msz\u0119 \u015bw. w godzinach rannych.<\/li>\n\n\n\n<li>W czwartek Adoracja Naj\u015bwi\u0119tszego Sakramentu od godz. 16.00.<\/li>\n\n\n\n<li>W najbli\u017csz\u0105 niedziel\u0119 \u015awi\u0119to Chrztu Pa\u0144skiego. Ko\u0144czy si\u0119 liturgiczny Okres Bo\u017cego Narodzenia. Kol\u0119dy za\u015b tradycyjnie \u015bpiewamy do 2 lutego (Matki Bo\u017cej Gromnicznej).<\/li>\n\n\n\n<li>Sk\u0142adam serdeczne B\u00f3g zap\u0142a\u0107 dla os\u00f3b sprz\u0105taj\u0105cych i stroj\u0105cych ko\u015bci\u00f3\u0142 oraz za wszystkie ofiary sk\u0142adane na potrzeby parafii, w tym ofiary na utrzymanie pracownik\u00f3w ko\u015bcielnych i ogrzewanie ko\u015bcio\u0142a.<\/li>\n<\/ol>\n\n\n\n<h3 class=\"wp-block-heading\"><strong>Intencje mszalne<\/strong><\/h3>\n\n\n\n<h4 class=\"wp-block-heading\"><strong>od 6 stycznia 2025 do 12 stycznia 2025<\/strong><\/h4>\n\n\n\n<h4 class=\"wp-block-heading\"><strong>Gdyby zbyt d\u0142ugi czas nie by\u0142a og\u0142oszona zam\u00f3wiona intencja mszalna \u2013 prosimy o zg\u0142oszenie tego kap\u0142anowi.&nbsp; Zam\u00f3wiona intencja nie mo\u017ce zgin\u0105\u0107.<\/strong><\/h4>\n\n\n\n<p><strong>Poniedzia\u0142ek \u2013 6 stycze\u0144<br><\/strong>06.30 + Helena Bartnik \u2013 1 rocznica \u015bmierci<br>08.00 + W\u0142adys\u0142aw Sobu\u015b \u2013 7 rocznica \u015bmierci<br>08.00 + El\u017cbieta Wacnik \u2013 od c\u00f3rki Bo\u017ceny z rodzin\u0105<br>10.30 Za parafian<br>15.00 + Edward Ryznar \u2013 (greg.)<\/p>\n\n\n\n<p><strong>Wtorek \u2013 7 stycze\u0144<br><\/strong>1. + Edward Ryznar \u2013 (greg.)<br>2. + Agata, Micha\u0142 Kurek<br>3. + Aniela, Franciszek, Stanis\u0142aw, Tadeusz Kojder<\/p>\n\n\n\n<p><strong>\u015aroda \u2013 8 stycze\u0144<br><\/strong>1. + Edward Ryznar \u2013 (greg.)<br>2. + Jan Cebulak \u2013 od c\u00f3rki Anny z Chicago<br>3. + Jan Kurek &#8211; rocznica \u015bmierci<\/p>\n\n\n\n<p><strong>Czwartek \u2013 9 stycze\u0144<\/strong><br>1. + Edward Ryznar \u2013 (greg.)<br>2. + Ma\u0142gorzata Kotli\u0144ska \u2013 od Gda\u0144skich i Korzeniowskich<br>3. + Stanis\u0142awa, W\u0142adys\u0142aw Blok (r. \u015bm.) i zmarli Rodzice<\/p>\n\n\n\n<p><strong>Pi\u0105tek \u2013 10 stycze\u0144<br><\/strong>1. + Edward Ryznar \u2013 (greg.)<br>2. + Stanis\u0142awa Kurek \u2013 od Por\u0119bny, Kie\u0142b<br>3. O zdrowie i b\u0142og. Bo\u017ce dla brata Wac\u0142awa<\/p>\n\n\n\n<p><strong>Sobota \u2013 11 stycze\u0144<br><\/strong>1. + Edward Ryznar &#8211; (greg.)<br>2. + Stanis\u0142aw Cebula \u2013 od parafian ze Zg\u0142obnia<br>3. + Henryka Bartnik \u2013 od Syna z rodzin\u0105<\/p>\n\n\n\n<p><strong>Niedziela \u2013 12 stycze\u0144<br><\/strong>06.30 + W\u0142adys\u0142awa i J\u00f3zef Kurek oraz Maria, Antoni i Maria Golenia<br>08.00 + Stanis\u0142awa i J\u00f3zef Bosak<br>08.00 + El\u017cbieta Wacnik \u2013 od c\u00f3rki Katarzyny z m\u0119\u017cem z Cmolasu<br>10.30 Za parafian<br>15.00 + Edward Ryznar \u2013 (greg.)<\/p>\n\n\n\n<h3 class=\"wp-block-heading\"><strong>Modlitw\u0119 r\u00f3\u017ca\u0144cow\u0105 prowadz\u0105<\/strong><\/h3>\n\n\n\n<p>06. Pn. R\u00f3\u017ca Matki Bo\u017cej Szkaplerznej \u2013 (Maria K\u0142os)<br>07. Wt. Akcja Katolicka \u2013 (Modlitwa w intencji Rodzin)<br>08. \u015ar. R\u00f3\u017ca Matki Bo\u017cej Bolesnej \u2013 (Krystyna Szostek)<br>09. Cz. R\u00f3\u017ca Matki Bo\u017cej R\u00f3\u017ca\u0144cowej \u2013 (Zofia \u015awizdor)<br>10. Pt. KSM<br>11. Sb. R\u00f3\u017ca \u015aw. Jadwigi \u015al\u0105skiej \u2013 (Edyta Wal)<br>12. Nd. R\u00f3\u017ca \u015aw. Andrzeja Aposto\u0142a \u2013 (J\u00f3zef M\u0105dry)<\/p>\n\n\n\n<p>Wyznaczona R\u00f3\u017ca jest proszona o prowadzenie modlitwy r\u00f3\u017ca\u0144cowej.<\/p>\n","protected":false},"excerpt":{"rendered":"<p>II Niedziela po Bo\u017cym Narodzeniu \u2013 05-01-2025 Og\u0142oszenia Intencje mszalne od 6 stycznia 2025 do 12 stycznia 2025 Gdyby zbyt d\u0142ugi czas nie by\u0142a og\u0142oszona zam\u00f3wiona intencja mszalna \u2013 prosimy &hellip; <a href=\"https:\/\/budy.przemyska.pl\/index.php\/2025\/01\/04\/ogloszenia-parafialne-5-stycznia-2025\/\" class=\"more-link\">Czytaj dalej <span class=\"screen-reader-text\">Og\u0142oszenia parafialne 5 stycznia 2025<\/span> <span class=\"meta-nav\">&rarr;<\/span><\/a><\/p>\n","protected":false},"author":1,"featured_media":4007,"comment_status":"closed","ping_status":"closed","sticky":false,"template":"","format":"standard","meta":{"footnotes":""},"categories":[6,4],"tags":[],"class_list":["post-4118","post","type-post","status-publish","format-standard","has-post-thumbnail","hentry","category-aktualnosci","category-ogloszenia"],"_links":{"self":[{"href":"https:\/\/budy.przemyska.pl\/index.php\/wp-json\/wp\/v2\/posts\/4118","targetHints":{"allow":["GET"]}}],"collection":[{"href":"https:\/\/budy.przemyska.pl\/index.php\/wp-json\/wp\/v2\/posts"}],"about":[{"href":"https:\/\/budy.przemyska.pl\/index.php\/wp-json\/wp\/v2\/types\/post"}],"author":[{"embeddable":true,"href":"https:\/\/budy.przemyska.pl\/index.php\/wp-json\/wp\/v2\/users\/1"}],"replies":[{"embeddable":true,"href":"https:\/\/budy.przemyska.pl\/index.php\/wp-json\/wp\/v2\/comments?post=4118"}],"version-history":[{"count":1,"href":"https:\/\/budy.przemyska.pl\/index.php\/wp-json\/wp\/v2\/posts\/4118\/revisions"}],"predecessor-version":[{"id":4119,"href":"https:\/\/budy.przemyska.pl\/index.php\/wp-json\/wp\/v2\/posts\/4118\/revisions\/4119"}],"wp:featuredmedia":[{"embeddable":true,"href":"https:\/\/budy.przemyska.pl\/index.php\/wp-json\/wp\/v2\/media\/4007"}],"wp:attachment":[{"href":"https:\/\/budy.przemyska.pl\/index.php\/wp-json\/wp\/v2\/media?parent=4118"}],"wp:term":[{"taxonomy":"category","embeddable":true,"href":"https:\/\/budy.przemyska.pl\/index.php\/wp-json\/wp\/v2\/categories?post=4118"},{"taxonomy":"post_tag","embeddable":true,"href":"https:\/\/budy.przemyska.pl\/index.php\/wp-json\/wp\/v2\/tags?post=4118"}],"curies":[{"name":"wp","href":"https:\/\/api.w.org\/{rel}","templated":true}]}}