{"id":4103,"date":"2024-12-22T11:17:22","date_gmt":"2024-12-22T10:17:22","guid":{"rendered":"https:\/\/budy.przemyska.pl\/?p=4103"},"modified":"2024-12-29T07:23:47","modified_gmt":"2024-12-29T06:23:47","slug":"ogloszenia-parafialne-22-grudnia-2024","status":"publish","type":"post","link":"https:\/\/budy.przemyska.pl\/index.php\/2024\/12\/22\/ogloszenia-parafialne-22-grudnia-2024\/","title":{"rendered":"Og\u0142oszenia parafialne 22 grudnia 2024"},"content":{"rendered":"\n<h2 class=\"wp-block-heading\">IV Niedziela Adwentu<strong>\u00a0\u2013 22-12-2024<\/strong><\/h2>\n\n\n\n<h2 class=\"wp-block-heading\"><strong>Og\u0142oszenia<\/strong><\/h2>\n\n\n\n<ol class=\"wp-block-list\">\n<li>Dzi\u015b o godz.15.00 Nabo\u017ce\u0144stwo do \u015bw. J\u00f3zefa, a po Nim Msza \u015bw.<\/li>\n\n\n\n<li>Jutro, w poniedzia\u0142ek, Msza \u015bw. Roratnia o godz. 06.00 rano. Jutro te\u017c, na zako\u0144czenie Rorat szczeg\u00f3lnie zapraszamy dzieci, kt\u00f3re w procesji nosi\u0142y lampiony, aby \u2013 w podzi\u0119ce za wytrwa\u0142o\u015b\u0107 \u2013 odebra\u0142y ma\u0142e upominki.<\/li>\n\n\n\n<li>We wtorek Msza \u015bw. o godz. 7.00 rano. Jest to zarazem dzie\u0144 Wigilii Bo\u017cego Narodzenia. \u015awi\u0119towanie tej Uroczysto\u015bci rozpoczynamy w naszych rodzinach; wsp\u00f3ln\u0105 modlitw\u0105, odczytaniem fragmentu Ewangelii o Narodzeniu Jezusa, wsp\u00f3lnym dzieleniem si\u0119 op\u0142atkiem, sk\u0142adaniem sobie \u017cycze\u0144, wieczerz\u0105 w gronie rodziny, kol\u0119dowaniem.<\/li>\n\n\n\n<li>W \u015brod\u0119 Uroczysto\u015b\u0107 Bo\u017cego Narodzenia. O p\u00f3\u0142nocy tradycyjnie Pasterka. Pozosta\u0142e Msze \u015bw. w tym dniu o godz. 7.30, nast\u0119pnie o godz. 9.00 oraz Suma o godz. 10.30. Po po\u0142udniu Mszy \u015bw. nie b\u0119dzie.<\/li>\n\n\n\n<li>W czwartek \u015awi\u0119to \u015awi\u0119tego Szczepana, pierwszego m\u0119czennika. Msze \u015bw. o godz. 6.30, 8.00, 10.30. Po po\u0142udniu Mszy \u015bw. nie b\u0119dzie.<\/li>\n\n\n\n<li>W pi\u0105tek \u015awi\u0119to \u015bw. Jana, Aposto\u0142a i Ewangelisty. Podczas Mszy \u015bw. po\u015bwi\u0119cenie i mo\u017cliwo\u015b\u0107 skosztowania wina. W sobot\u0119 za\u015b \u015awi\u0119to \u015awi\u0119tych M\u0142odziank\u00f3w, m\u0119czennik\u00f3w.<\/li>\n\n\n\n<li>Mo\u017cliwo\u015b\u0107 Spowiedzi \u015bw. codziennie przed rann\u0105 Msz\u0105 \u015bw. Spowiada\u0107 b\u0119dziemy r\u00f3wnie\u017c w poniedzia\u0142ek (23.12) w godz. 15.30 &#8211; 17.30. Podczas Spowiedzi \u015bw. udzielana b\u0119dzie Komunia \u015bw. Bardzo prosimy o wcze\u015bniejsze skorzystanie z Sakramentu Pojednania, aby dobrze duchowo przygotowa\u0107 si\u0119 do w\u0142a\u015bciwego prze\u017cycia \u015awi\u0105t Bo\u017cego Narodzenia.<\/li>\n\n\n\n<li>Po \u015awi\u0119tach rozpoczniemy Wizyt\u0119 Duszpastersk\u0105 w parafii, tradycyjn\u0105 Kol\u0119d\u0119, wg. programu rozpisanego w gazetce parafialnej i na stronie internetowej parafii. Podczas Kol\u0119dy nie sk\u0142adamy \u017cadnych ofiar. Je\u015bli kto\u015b ma \u017cyczenie mo\u017ce to uczyni\u0107 sk\u0142adaj\u0105c ofiar\u0119 na tac\u0119, tak jak, czynili\u015bmy to do tej pory. Pocz\u0105tek Kol\u0119dy o godz. 08.30.<\/li>\n\n\n\n<li>W kaplicy \u015bw. Maksymiliana mo\u017cna naby\u0107 op\u0142atki Wigilijne. Ofiary sk\u0142adane przy tej okazji s\u0105 cz\u0119\u015bci\u0105 wynagrodzenia Pana Organisty i Ko\u015bcielnego. Na stoliku z gazetami mo\u017cemy za\u015b, naby\u0107 ozdoby \u015bwi\u0105teczne wykonane przez nasze dzieci i m\u0142odzie\u017c. Dobrowolna ofiara z tej racji przeznaczona zostanie na potrzeby naszej m\u0142odzie\u017cy.<\/li>\n\n\n\n<li>W najbli\u017csz\u0105 niedziel\u0119 \u015awi\u0119to \u015awi\u0119tej Rodziny. Rozpoczynamy zarazem obch\u00f3d Roku Jubileuszowego 2025 we wszystkich diecezjach.<\/li>\n\n\n\n<li>Sk\u0142adam serdeczne B\u00f3g zap\u0142a\u0107 dla os\u00f3b sprz\u0105taj\u0105cych i stroj\u0105cych ko\u015bci\u00f3\u0142 oraz za wszystkie ofiary sk\u0142adane na potrzeby parafii, w tym ofiary na utrzymanie pracownik\u00f3w ko\u015bcielnych i ogrzewanie ko\u015bcio\u0142a.<\/li>\n<\/ol>\n\n\n\n<h3 class=\"wp-block-heading\"><strong>Intencje mszalne<\/strong><\/h3>\n\n\n\n<h4 class=\"wp-block-heading\"><strong>od 23 grudnia 2024 do 29 grudnia 2024<\/strong><\/h4>\n\n\n\n<h4 class=\"wp-block-heading\"><strong>Gdyby zbyt d\u0142ugi czas nie by\u0142a og\u0142oszona zam\u00f3wiona intencja mszalna \u2013 prosimy o zg\u0142oszenie tego kap\u0142anowi.&nbsp; Zam\u00f3wiona intencja nie mo\u017ce zgin\u0105\u0107.<\/strong><\/h4>\n\n\n\n<p><strong>Poniedzia\u0142ek \u2013 23 grudzie\u0144<br><\/strong>1. + Helena Bartnik\u2013 (greg.)<br>2. + Ma\u0142gorzata Kotli\u0144ska \u2013 od rodziny Skawina<br>3. + Stanis\u0142aw Por\u0119bny (r. \u015bm.) \u2013 od \u017cony<\/p>\n\n\n\n<p><strong>Wtorek \u2013 24 grudzie\u0144<br><\/strong>1. + Helena Bartnik \u2013 (greg.)<br>2. + Tadeusz, Cecylia i Stanis\u0142aw \u015awizdor oraz + J\u00f3zef Olejarka<br>3. + Stanis\u0142aw Szczupak \u2013 rocznica \u015bmierci<\/p>\n\n\n\n<p>PASTERKA:<br>1.  Za parafian<br>2. + Stanis\u0142aw Cebula<br>3. + Stanis\u0142aw Por\u0119bny \u2013 od \u017cony<\/p>\n\n\n\n<p><strong>\u015aroda \u2013 25 grudzie\u0144<br><\/strong>07.30 + Helena Bartnik \u2013 (greg.)<br>09.00 + Krystyna, W\u0142adys\u0142aw, J\u00f3zefa, Stanis\u0142aw Hypnar<br>10.30 + Stanis\u0142aw Kochman \u2013 od c\u00f3rki Moniki z rodzin\u0105<\/p>\n\n\n\n<p><strong>Czwartek \u2013 26 grudzie\u0144<\/strong><br>06.30 + Helena Bartnik \u2013 (greg.)<br>08.00 + Stanis\u0142aw Cebula \u2013 z R\u00f3\u017cy \u015bw. Franciszka<br>08.00 + Zofia i Jan Kubis, Stanis\u0142aw Biel\u00f3wka, Adam Por\u0119bny<br>10.30 + Maria i Franciszek \u015alimak \u2013 od c\u00f3rki<br>10.30 O \u0142ask\u0119 zdrowia i wytrwa\u0142o\u015b\u0107 w cierpieniu dla Zdzis\u0142awy<\/p>\n\n\n\n<p><strong>Pi\u0105tek \u2013 27 grudzie\u0144<br><\/strong>1. + Helena Bartnik \u2013 (greg.)<br>2. + Janusz Buty\u0144ski \u2013 od rodziny Domk\u00f3w<br>3. + Maria, Micha\u0142 Wacnik<\/p>\n\n\n\n<p><strong>Sobota \u2013 28 grudzie\u0144<br><\/strong>1. + Helena Bartnik \u2013 (greg.)<br>2. + Ma\u0142gorzata Kotli\u0144ska \u2013 od Ewy i Piotra Hejnosz<br>3. + Julia Syka\u0142a, Stanis\u0142awa i W\u0142adys\u0142aw Pi\u0105tek<\/p>\n\n\n\n<p><strong>Niedziela \u2013 29 grudzie\u0144<br><\/strong>06.30 + Albina, Stefania Ciupi\u0144ska: ich Rodzice i Rodze\u0144stwo<br>08.00 + Janina \u015awizdor i ++ Rodzice: Katarzyna i Stanis\u0142aw<br>08.00 + Maria i W\u0142adys\u0142aw \u015awizdor<br>10.30 Za parafian<br>15.00 + Helena Bartnik \u2013 (greg.)<\/p>\n\n\n\n<h3 class=\"wp-block-heading\"><strong>Modlitw\u0119 r\u00f3\u017ca\u0144cow\u0105 prowadz\u0105<\/strong><\/h3>\n\n\n\n<p>25. \u015ar. R\u00f3\u017ca \u015aw. Jadwigi Kr\u00f3lowej \u2013 (Halina Dyrda)<br>26. Cz. R\u00f3\u017ca \u015aw. Heleny \u2013 (Halina Dyl)<br>27. Pt. KSM<br>28. Sb.. R\u00f3\u017ca \u015aw. Katarzyny \u2013 (Anna Kurek)<br>29. Nd. R\u00f3\u017ca \u015aw. Klary \u2013 (Teresa G\u0142owiak)<\/p>\n\n\n\n<p>Wyznaczona R\u00f3\u017ca jest proszona o prowadzenie modlitwy r\u00f3\u017ca\u0144cowej.<\/p>\n\n\n\n<p><\/p>\n","protected":false},"excerpt":{"rendered":"<p>IV Niedziela Adwentu\u00a0\u2013 22-12-2024 Og\u0142oszenia Intencje mszalne od 23 grudnia 2024 do 29 grudnia 2024 Gdyby zbyt d\u0142ugi czas nie by\u0142a og\u0142oszona zam\u00f3wiona intencja mszalna \u2013 prosimy o zg\u0142oszenie tego &hellip; <a href=\"https:\/\/budy.przemyska.pl\/index.php\/2024\/12\/22\/ogloszenia-parafialne-22-grudnia-2024\/\" class=\"more-link\">Czytaj dalej <span class=\"screen-reader-text\">Og\u0142oszenia parafialne 22 grudnia 2024<\/span> <span class=\"meta-nav\">&rarr;<\/span><\/a><\/p>\n","protected":false},"author":1,"featured_media":4007,"comment_status":"closed","ping_status":"closed","sticky":false,"template":"","format":"standard","meta":{"footnotes":""},"categories":[6,4],"tags":[],"class_list":["post-4103","post","type-post","status-publish","format-standard","has-post-thumbnail","hentry","category-aktualnosci","category-ogloszenia"],"_links":{"self":[{"href":"https:\/\/budy.przemyska.pl\/index.php\/wp-json\/wp\/v2\/posts\/4103","targetHints":{"allow":["GET"]}}],"collection":[{"href":"https:\/\/budy.przemyska.pl\/index.php\/wp-json\/wp\/v2\/posts"}],"about":[{"href":"https:\/\/budy.przemyska.pl\/index.php\/wp-json\/wp\/v2\/types\/post"}],"author":[{"embeddable":true,"href":"https:\/\/budy.przemyska.pl\/index.php\/wp-json\/wp\/v2\/users\/1"}],"replies":[{"embeddable":true,"href":"https:\/\/budy.przemyska.pl\/index.php\/wp-json\/wp\/v2\/comments?post=4103"}],"version-history":[{"count":1,"href":"https:\/\/budy.przemyska.pl\/index.php\/wp-json\/wp\/v2\/posts\/4103\/revisions"}],"predecessor-version":[{"id":4104,"href":"https:\/\/budy.przemyska.pl\/index.php\/wp-json\/wp\/v2\/posts\/4103\/revisions\/4104"}],"wp:featuredmedia":[{"embeddable":true,"href":"https:\/\/budy.przemyska.pl\/index.php\/wp-json\/wp\/v2\/media\/4007"}],"wp:attachment":[{"href":"https:\/\/budy.przemyska.pl\/index.php\/wp-json\/wp\/v2\/media?parent=4103"}],"wp:term":[{"taxonomy":"category","embeddable":true,"href":"https:\/\/budy.przemyska.pl\/index.php\/wp-json\/wp\/v2\/categories?post=4103"},{"taxonomy":"post_tag","embeddable":true,"href":"https:\/\/budy.przemyska.pl\/index.php\/wp-json\/wp\/v2\/tags?post=4103"}],"curies":[{"name":"wp","href":"https:\/\/api.w.org\/{rel}","templated":true}]}}