{"id":4096,"date":"2024-12-08T09:23:09","date_gmt":"2024-12-08T08:23:09","guid":{"rendered":"https:\/\/budy.przemyska.pl\/?p=4096"},"modified":"2024-12-15T09:22:49","modified_gmt":"2024-12-15T08:22:49","slug":"ogloszeni-parafialne-8-grudnia-2024","status":"publish","type":"post","link":"https:\/\/budy.przemyska.pl\/index.php\/2024\/12\/08\/ogloszeni-parafialne-8-grudnia-2024\/","title":{"rendered":"Og\u0142oszenia parafialne  8 grudnia 2024"},"content":{"rendered":"\n<h2 class=\"wp-block-heading\">Uroczysto\u015b\u0107 Niepokalanego Pocz\u0119cia NMP<strong>\u00a0\u2013 08-12-2024<\/strong><\/h2>\n\n\n\n<h2 class=\"wp-block-heading\"><strong>Og\u0142oszenia<\/strong><\/h2>\n\n\n\n<ol class=\"wp-block-list\">\n<li>Dzi\u015b o godz. 15.00 Nabo\u017ce\u0144stwo R\u00f3\u017ca\u0144cowe, a potem Msza \u015bw.<\/li>\n\n\n\n<li>Codzienna Msza \u015bw. Roratnia o godz. 17.00. Zapraszamy do uczestnictwa wszystkich parafian, a zw\u0142aszcza dzieci z lampionami. Na pocz\u0105tku Mszy \u015bw. dzieci zgromadz\u0105 si\u0119 pod ch\u00f3rem i we wsp\u00f3lnej procesji wraz z asyst\u0105 liturgiczn\u0105 podejd\u0105 do o\u0142tarza. Po III Niedzieli Adwentu Msza \u015bw. Roratnia b\u0119dzie odprawiana o godz. 06.00 rano.<\/li>\n\n\n\n<li>W tym tygodniu w liturgii Ko\u015bcio\u0142a wspominamy: w pi\u0105tek \u2013 wspomnienie \u015bw. \u0141ucji; w sobot\u0119 \u2013 wspomnienie \u015bw. Jana od Krzy\u017ca.<\/li>\n\n\n\n<li>W czwartek Adoracja Naj\u015bwi\u0119tszego Sakramentu od godz. 16.00.<br>Po Mszy \u015bw. spotkanie Akcji Katolickiej.<\/li>\n\n\n\n<li>Za tydzie\u0144 III niedziela miesi\u0105ca. Sk\u0142adka na inwestycje.<\/li>\n\n\n\n<li>Na stoliku z gazetami s\u0105 r\u00f3wnie\u017c \u015bwiece wigilijne w cenie 10 z\u0142.<\/li>\n\n\n\n<li>W kaplicy \u015bw. Maksymiliana mo\u017cna naby\u0107 op\u0142atki Wigilijne. Ofiary sk\u0142adane przy tej okazji s\u0105 cz\u0119\u015bci\u0105 wynagrodzenia Pana Organisty i Ko\u015bcielnego.<\/li>\n\n\n\n<li>Sk\u0142adam serdeczne B\u00f3g zap\u0142a\u0107 dla os\u00f3b sprz\u0105taj\u0105cych i stroj\u0105cych ko\u015bci\u00f3\u0142 oraz za wszystkie ofiary sk\u0142adane na potrzeby parafii, w tym ofiary na utrzymanie pracownik\u00f3w ko\u015bcielnych i ogrzewanie ko\u015bcio\u0142a.<\/li>\n<\/ol>\n\n\n\n<h3 class=\"wp-block-heading\"><strong>Intencje mszalne<\/strong><\/h3>\n\n\n\n<h4 class=\"wp-block-heading\"><strong>od 9 grudnia 2024 do 15 grudnia 2024<\/strong><\/h4>\n\n\n\n<h4 class=\"wp-block-heading\"><strong>Gdyby zbyt d\u0142ugi czas nie by\u0142a og\u0142oszona zam\u00f3wiona intencja mszalna \u2013 prosimy o zg\u0142oszenie tego kap\u0142anowi.&nbsp; Zam\u00f3wiona intencja nie mo\u017ce zgin\u0105\u0107.<\/strong><\/h4>\n\n\n\n<p><strong>Poniedzia\u0142ek \u2013 9 grudzie\u0144<br><\/strong>1. + Helena Bartnik\u2013 (greg.)<br>2. + Ma\u0142gorzata Kotli\u0144ska \u2013 od rodziny \u017belaznych<br>3. Dzi\u0119kczynna za 80 lat \u017cycia; z pro\u015bb\u0105 o b\u0142og. Bo\u017ce i opiek\u0119 Matki Bo\u017cej na ka\u017cdy dzie\u0144 \u017cycia dla Marii<\/p>\n\n\n\n<p><strong>Wtorek \u2013 10 grudzie\u0144<br><\/strong>1. + Helena Bartnik \u2013 (greg.)<br>2. + Stanis\u0142aw Cebula \u2013 od Anny i Mariana Ciebiera z rodzin\u0105<br>3. + Emilia i Jakub Rupar<\/p>\n\n\n\n<p><strong>\u015aroda \u2013 11 grudzie\u0144<br><\/strong>1. + Helena Bartnik \u2013 (greg.)<br>2. + Boles\u0142aw Migas \u2013 1 rocznica \u015bmierci<br>3. + Zofia i Wies\u0142aw Wikiera \u2013 od Dzieci<\/p>\n\n\n\n<p><strong>Czwartek \u2013 12 grudzie\u0144<\/strong><br>1. + Helena Bartnik \u2013 (greg.)<br>2. + Stanis\u0142awa i Andrzej Bartnik oraz W\u0142adys\u0142aw Pelc<br>3. + Czes\u0142aw Piestrak \u2013 rocznica \u015bmierci<\/p>\n\n\n\n<p><strong>Pi\u0105tek \u2013 13 grudzie\u0144<br><\/strong>1. + Helena Bartnik \u2013 (greg.)<br>2. + Anna Dr\u0105\u017cek \u2013 od rodziny Sobusi\u00f3w<br>3. + Andrzej Krupa (2 r. \u015bm.) oraz zmarli Rodzice i Brat<\/p>\n\n\n\n<p><strong>Sobota \u2013 14 grudzie\u0144<br><\/strong>1. + Helena Bartnik \u2013 (greg.)<br>2. + Ma\u0142gorzata Kotli\u0144ska \u2013 z R\u00f3\u017cy \u015bw. Agnieszki<br>3. + W\u0142adys\u0142awa i J\u00f3zef Stafiej<\/p>\n\n\n\n<p><strong>Niedziela \u2013 15 grudzie\u0144<br><\/strong>06.30 + Wojciech, Zofia, Danuta Por\u0119bny<br>08.00 + Katarzyna i Franciszek Kojder oraz Marian Worek<br>08.00 + Jan, Katarzyna, Maria, J\u00f3zef Bielecki<br>10.30 Za parafian<br>15.00 + Helena Bartnik \u2013 (greg.)<\/p>\n\n\n\n<h3 class=\"wp-block-heading\"><strong>Modlitw\u0119 r\u00f3\u017ca\u0144cow\u0105 prowadz\u0105<\/strong><\/h3>\n\n\n\n<p>09. Pn. R\u00f3\u017ca \u015aw. Agnieszki \u2013 (Ma\u0142gorzata Markowicz)<br>10. Wt. R\u00f3\u017ca \u015aw. Zofii \u2013 (Zofia Kurek)<br>11. \u015ar. R\u00f3\u017ca \u015aw. Cecylii \u2013 (Krystyna Markowicz)<br>12. Cz. Akcja Katolicka<br>13. Pt. KSM<br>14. Sb. R\u00f3\u017ca \u015aw. El\u017cbiety \u2013 (Alina Trojnar)<br>15. Nd. R\u00f3\u017ca \u015aw. Faustyny \u2013 (Eugenia \u015awizdor)<\/p>\n\n\n\n<p>Wyznaczona R\u00f3\u017ca jest proszona o prowadzenie modlitwy r\u00f3\u017ca\u0144cowej.<\/p>\n","protected":false},"excerpt":{"rendered":"<p>Uroczysto\u015b\u0107 Niepokalanego Pocz\u0119cia NMP\u00a0\u2013 08-12-2024 Og\u0142oszenia Intencje mszalne od 9 grudnia 2024 do 15 grudnia 2024 Gdyby zbyt d\u0142ugi czas nie by\u0142a og\u0142oszona zam\u00f3wiona intencja mszalna \u2013 prosimy o zg\u0142oszenie &hellip; <a href=\"https:\/\/budy.przemyska.pl\/index.php\/2024\/12\/08\/ogloszeni-parafialne-8-grudnia-2024\/\" class=\"more-link\">Czytaj dalej <span class=\"screen-reader-text\">Og\u0142oszenia parafialne  8 grudnia 2024<\/span> <span class=\"meta-nav\">&rarr;<\/span><\/a><\/p>\n","protected":false},"author":1,"featured_media":4007,"comment_status":"closed","ping_status":"closed","sticky":false,"template":"","format":"standard","meta":{"footnotes":""},"categories":[6,4],"tags":[],"class_list":["post-4096","post","type-post","status-publish","format-standard","has-post-thumbnail","hentry","category-aktualnosci","category-ogloszenia"],"_links":{"self":[{"href":"https:\/\/budy.przemyska.pl\/index.php\/wp-json\/wp\/v2\/posts\/4096","targetHints":{"allow":["GET"]}}],"collection":[{"href":"https:\/\/budy.przemyska.pl\/index.php\/wp-json\/wp\/v2\/posts"}],"about":[{"href":"https:\/\/budy.przemyska.pl\/index.php\/wp-json\/wp\/v2\/types\/post"}],"author":[{"embeddable":true,"href":"https:\/\/budy.przemyska.pl\/index.php\/wp-json\/wp\/v2\/users\/1"}],"replies":[{"embeddable":true,"href":"https:\/\/budy.przemyska.pl\/index.php\/wp-json\/wp\/v2\/comments?post=4096"}],"version-history":[{"count":3,"href":"https:\/\/budy.przemyska.pl\/index.php\/wp-json\/wp\/v2\/posts\/4096\/revisions"}],"predecessor-version":[{"id":4100,"href":"https:\/\/budy.przemyska.pl\/index.php\/wp-json\/wp\/v2\/posts\/4096\/revisions\/4100"}],"wp:featuredmedia":[{"embeddable":true,"href":"https:\/\/budy.przemyska.pl\/index.php\/wp-json\/wp\/v2\/media\/4007"}],"wp:attachment":[{"href":"https:\/\/budy.przemyska.pl\/index.php\/wp-json\/wp\/v2\/media?parent=4096"}],"wp:term":[{"taxonomy":"category","embeddable":true,"href":"https:\/\/budy.przemyska.pl\/index.php\/wp-json\/wp\/v2\/categories?post=4096"},{"taxonomy":"post_tag","embeddable":true,"href":"https:\/\/budy.przemyska.pl\/index.php\/wp-json\/wp\/v2\/tags?post=4096"}],"curies":[{"name":"wp","href":"https:\/\/api.w.org\/{rel}","templated":true}]}}