{"id":4075,"date":"2024-11-30T17:43:14","date_gmt":"2024-11-30T16:43:14","guid":{"rendered":"https:\/\/budy.przemyska.pl\/?p=4075"},"modified":"2024-12-08T09:23:28","modified_gmt":"2024-12-08T08:23:28","slug":"ogloszenia-parafialne-1-grudnia-2024","status":"publish","type":"post","link":"https:\/\/budy.przemyska.pl\/index.php\/2024\/11\/30\/ogloszenia-parafialne-1-grudnia-2024\/","title":{"rendered":"Og\u0142oszeni parafialne 1 grudnia 2024"},"content":{"rendered":"\n<h2 class=\"wp-block-heading\">I Niedziela Adwentu &#8222;C&#8221;<strong>\u00a0\u2013 01-12-2024<\/strong><\/h2>\n\n\n\n<h2 class=\"wp-block-heading\"><strong>Og\u0142oszenia<\/strong><\/h2>\n\n\n\n<ol class=\"wp-block-list\">\n<li>Dzi\u015b o godz. 15.00 Nabo\u017ce\u0144stwo do Naj\u015bwi\u0119tszego Serca Pana Jezusa, a potem Msza \u015bw.<\/li>\n\n\n\n<li>Dzisiejsz\u0105 Niedziel\u0105 rozpoczynamy tegoroczny obch\u00f3d Adwentu. Codzienna Msza \u015bw. Roratnia o godz. 17.00. Zapraszamy do uczestnictwa wszystkich parafian, a zw\u0142aszcza dzieci z lampionami. Na pocz\u0105tku Mszy \u015bw. dzieci zgromadz\u0105 si\u0119 pod ch\u00f3rem i we wsp\u00f3lnej procesji wraz z asyst\u0105 liturgiczn\u0105 podejd\u0105 do o\u0142tarza. Po III Niedzieli Adwentu Msza \u015bw. Roratnia b\u0119dzie odprawiana o godz. 06.00 rano. Zapraszamy r\u00f3wnie\u017c dzieci nios\u0105ce lampiony, aby do koszyczka przy o\u0142tarzu sk\u0142ada\u0142y karteczki z imieniem i nazwiskiem. Po Mszy \u015bw. b\u0119dzie losowanie ma\u0142ych upomink\u00f3w.<\/li>\n\n\n\n<li>W tym tygodniu w liturgii Ko\u015bcio\u0142a wspominamy: we wtorek \u2013 wspomnienie \u015bw. Franciszka Ksawerego; w sobot\u0119 \u2013 wspomnienie \u015bw. Ambro\u017cego.<\/li>\n\n\n\n<li>W tym tygodniu wypada: I czwartek, I pi\u0105tek i I sobota miesi\u0105ca.<\/li>\n\n\n\n<li>W I czwartek Adoracja Naj\u015bwi\u0119tszego Sakramentu od godz. 16.00. Modlimy si\u0119 za powo\u0142anych i o nowe powo\u0142ania do S\u0142u\u017cby Bo\u017cej.<\/li>\n\n\n\n<li>W I pi\u0105tek czcimy Naj\u015bwi\u0119tsze Serce Pana Jezusa. Rano Msza \u015bw. o godz. 6.45 i o godz.17.00. Po rannej Mszy \u015bw. odwiedziny chorych z Komuni\u0105 \u015bw.<br>Po wieczornej Mszy \u015bw. miko\u0142ajkowe spotkanie dla ministrant\u00f3w.<\/li>\n\n\n\n<li>W I sobot\u0119 czcimy Niepokalane Serce NMP. O godz.17.00 Msza \u015bw., po Niej nabo\u017ce\u0144stwo r\u00f3\u017ca\u0144cowe, procesja z figur\u0105 Matki Bo\u017cej Fatimskiej wewn\u0105trz ko\u015bcio\u0142a i zmiana tajemnic r\u00f3\u017ca\u0144cowych.<br>W tym dniu dzieci z klas III przygotowuj\u0105ce si\u0119 do I Komunii \u015bw. otrzymaj\u0105 po\u015bwi\u0119cone medaliki.<br>15 minut przed Msz\u0105 \u015bw. zostan\u0105 odm\u00f3wione modlitwy za rodziny z naszej parafii za przyczyn\u0105 B\u0142ogos\u0142awionej Rodziny Ulm\u00f3w.<\/li>\n\n\n\n<li>Mo\u017cliwo\u015b\u0107 Spowiedzi \u015bw. codziennie godzin\u0119 przed Msz\u0105 \u015bw. Bardzo prosimy aby, w miar\u0119 mo\u017cliwo\u015bci, wcze\u015bniej skorzysta\u0107 ze Spowiedzi \u015bw., gdy\u017c w I pi\u0105tek po po\u0142udniu b\u0119dzie spowiada\u0142o tylko dw\u00f3ch kap\u0142an\u00f3w.<\/li>\n\n\n\n<li>Na stoliku z gazetami s\u0105 r\u00f3wnie\u017c \u015bwiece wigilijne w cenie 10 z\u0142.<\/li>\n\n\n\n<li>W kaplicy \u015bw. Maksymiliana mo\u017cna naby\u0107 op\u0142atki Wigilijne. Ofiary sk\u0142adane przy tej okazji s\u0105 cz\u0119\u015bci\u0105 wynagrodzenia Pana Organisty i Ko\u015bcielnego.<\/li>\n\n\n\n<li>Sk\u0142adam serdeczne B\u00f3g zap\u0142a\u0107 dla os\u00f3b sprz\u0105taj\u0105cych i stroj\u0105cych ko\u015bci\u00f3\u0142 oraz za wszystkie ofiary sk\u0142adane na potrzeby parafii, w tym ofiary na utrzymanie pracownik\u00f3w ko\u015bcielnych i ogrzewanie ko\u015bcio\u0142a.<\/li>\n<\/ol>\n\n\n\n<h3 class=\"wp-block-heading\"><strong>Intencje mszalne<\/strong><\/h3>\n\n\n\n<h4 class=\"wp-block-heading\"><strong>od 2 grudnia 2024 do 8 grudnia 2024<\/strong><\/h4>\n\n\n\n<h4 class=\"wp-block-heading\"><strong>Gdyby zbyt d\u0142ugi czas nie by\u0142a og\u0142oszona zam\u00f3wiona intencja mszalna \u2013 prosimy o zg\u0142oszenie tego kap\u0142anowi.&nbsp; Zam\u00f3wiona intencja nie mo\u017ce zgin\u0105\u0107.<\/strong><\/h4>\n\n\n\n<p><strong>Poniedzia\u0142ek \u2013 2 grudzie\u0144<br><\/strong>1. + Helena Bartnik\u2013 (greg.)<br>2. + Marian Kr\u00f3l \u2013 od syn\u00f3w: Artura i Miros\u0142awa<br>3. + Barbara Ko\u0142cz \u2013 od m\u0119\u017ca i dzieci<\/p>\n\n\n\n<p><strong>Wtorek \u2013 3 grudzie\u0144<br><\/strong>1. + Helena Bartnik \u2013 (greg.)<br>2. + Stanis\u0142aw, Magdalena, Stefan Kojder i zmarli z rodziny<br>3. + Stanis\u0142aw W\u0119grzyn \u2013 od rodziny Socha z Husowa<\/p>\n\n\n\n<p><strong>\u015aroda \u2013 4 grudzie\u0144<br><\/strong>1. + Helena Bartnik \u2013 (greg.)<br>2. + Ma\u0142gorzata Kotli\u0144ska \u2013 od Bratowej<br>3. + Stanis\u0142aw Bosak (3r. \u015bm.) oraz zmarli Rodzice: Karolina i J\u00f3zef<\/p>\n\n\n\n<p><strong>Czwartek \u2013 5 grudzie\u0144<\/strong><br>1. + Helena Bartnik \u2013 (greg.)<br>2. + Stefan Bartnik \u2013 od \u017cony; oraz za zmar\u0142ych Rodzic\u00f3w: Julia, Franciszek<br>3. + Jan, Stanis\u0142awa Panek oraz + Genowefa Kojder<\/p>\n\n\n\n<p><strong>Pi\u0105tek \u2013 6 grudzie\u0144<br><\/strong>06.45 + Helena Bartnik \u2013 (greg.)<br>06.45 + Ma\u0142gorzata Kotli\u0144ska \u2013 od Karoliny i Micha\u0142a<br>17.00 + Julianna, Franciszek, Stefan Joniec i zmarli z rodziny<\/p>\n\n\n\n<p><strong>Sobota \u2013 7 grudzie\u0144<br><\/strong>1. + Helena Bartnik \u2013 (greg.)<br>2. + Stanis\u0142aw Cebula \u2013 od wnuczki Anny z rodzin\u0105<br>3. + Ma\u0142gorzata Kotli\u0144ska \u2013 od rodzic\u00f3w i dzieci klas III z Bud \u0141a\u0144cuckich (Lewa Strona)<\/p>\n\n\n\n<p><strong>Niedziela \u2013 8 grudzie\u0144<br><\/strong>06.30 + Katarzyna i Antoni Kurek oraz zmarli Rodzice<br>08.00 + Jan i Stanis\u0142aw Kurek oraz + Anna i Marian Biel\u00f3wka<br>10.30 + Maria Kubis<br>15.00 + Helena Bartnik \u2013 (greg.)<br>(\u2026) Za parafian &#8211; (odprawiana poza parafi\u0105)<\/p>\n\n\n\n<h3 class=\"wp-block-heading\"><strong>Modlitw\u0119 r\u00f3\u017ca\u0144cow\u0105 prowadz\u0105<\/strong><\/h3>\n\n\n\n<p>02. Pn. R\u00f3\u017ca \u015aw. Teresy od Dzieci\u0105tka Jezus \u2013 (Dorota Dzierga)<br>03. Wt. R\u00f3\u017ca \u015aw. Teresy Wielkiej \u2013 (Zofia Wierzbicka)<br>04. \u015ar. R\u00f3\u017ca \u015aw. Tomasza Aposto\u0142a \u2013 (Stanis\u0142aw \u015alimak)<br>05. Cz. Dzie\u0142o Pomocy Powo\u0142aniom \u2013 (Anna Szular)<br>06. Pt. KSM<br>07. Sb. Kap\u0142an<br>08. Nd. R\u00f3\u017ca \u015aw. Agaty \u2013 (Patrycja Por\u0119bna)<\/p>\n\n\n\n<p>Wyznaczona R\u00f3\u017ca jest proszona o prowadzenie modlitwy r\u00f3\u017ca\u0144cowej.<\/p>\n\n\n\n<p><\/p>\n","protected":false},"excerpt":{"rendered":"<p>I Niedziela Adwentu &#8222;C&#8221;\u00a0\u2013 01-12-2024 Og\u0142oszenia Intencje mszalne od 2 grudnia 2024 do 8 grudnia 2024 Gdyby zbyt d\u0142ugi czas nie by\u0142a og\u0142oszona zam\u00f3wiona intencja mszalna \u2013 prosimy o zg\u0142oszenie &hellip; <a href=\"https:\/\/budy.przemyska.pl\/index.php\/2024\/11\/30\/ogloszenia-parafialne-1-grudnia-2024\/\" class=\"more-link\">Czytaj dalej <span class=\"screen-reader-text\">Og\u0142oszeni parafialne 1 grudnia 2024<\/span> <span class=\"meta-nav\">&rarr;<\/span><\/a><\/p>\n","protected":false},"author":1,"featured_media":4007,"comment_status":"closed","ping_status":"closed","sticky":false,"template":"","format":"standard","meta":{"footnotes":""},"categories":[6,4],"tags":[],"class_list":["post-4075","post","type-post","status-publish","format-standard","has-post-thumbnail","hentry","category-aktualnosci","category-ogloszenia"],"_links":{"self":[{"href":"https:\/\/budy.przemyska.pl\/index.php\/wp-json\/wp\/v2\/posts\/4075","targetHints":{"allow":["GET"]}}],"collection":[{"href":"https:\/\/budy.przemyska.pl\/index.php\/wp-json\/wp\/v2\/posts"}],"about":[{"href":"https:\/\/budy.przemyska.pl\/index.php\/wp-json\/wp\/v2\/types\/post"}],"author":[{"embeddable":true,"href":"https:\/\/budy.przemyska.pl\/index.php\/wp-json\/wp\/v2\/users\/1"}],"replies":[{"embeddable":true,"href":"https:\/\/budy.przemyska.pl\/index.php\/wp-json\/wp\/v2\/comments?post=4075"}],"version-history":[{"count":3,"href":"https:\/\/budy.przemyska.pl\/index.php\/wp-json\/wp\/v2\/posts\/4075\/revisions"}],"predecessor-version":[{"id":4078,"href":"https:\/\/budy.przemyska.pl\/index.php\/wp-json\/wp\/v2\/posts\/4075\/revisions\/4078"}],"wp:featuredmedia":[{"embeddable":true,"href":"https:\/\/budy.przemyska.pl\/index.php\/wp-json\/wp\/v2\/media\/4007"}],"wp:attachment":[{"href":"https:\/\/budy.przemyska.pl\/index.php\/wp-json\/wp\/v2\/media?parent=4075"}],"wp:term":[{"taxonomy":"category","embeddable":true,"href":"https:\/\/budy.przemyska.pl\/index.php\/wp-json\/wp\/v2\/categories?post=4075"},{"taxonomy":"post_tag","embeddable":true,"href":"https:\/\/budy.przemyska.pl\/index.php\/wp-json\/wp\/v2\/tags?post=4075"}],"curies":[{"name":"wp","href":"https:\/\/api.w.org\/{rel}","templated":true}]}}