{"id":4068,"date":"2024-11-23T12:34:09","date_gmt":"2024-11-23T11:34:09","guid":{"rendered":"https:\/\/budy.przemyska.pl\/?p=4068"},"modified":"2024-11-30T17:43:36","modified_gmt":"2024-11-30T16:43:36","slug":"ogloszenia-parafialne-24-listopada-2024","status":"publish","type":"post","link":"https:\/\/budy.przemyska.pl\/index.php\/2024\/11\/23\/ogloszenia-parafialne-24-listopada-2024\/","title":{"rendered":"Og\u0142oszenia parafialne 24 listopada 2024"},"content":{"rendered":"\n<h2 class=\"wp-block-heading\">Uroczysto\u015b\u0107 Chrystusa Kr\u00f3la<strong> &#8211; 24-11-2024<\/strong><\/h2>\n\n\n\n<h2 class=\"wp-block-heading\"><strong>Og\u0142oszenia<\/strong><\/h2>\n\n\n\n<ol class=\"wp-block-list\">\n<li>Dzi\u015b o godz. 15.00 Nabo\u017ce\u0144stwo do Naj\u015bwi\u0119tszego Serca Pana Jezusa, a potem Msza \u015bw.<\/li>\n\n\n\n<li>W tym tygodniu w Liturgii Ko\u015bcio\u0142a wspominamy: w sobot\u0119 \u2013 \u015awi\u0119to \u015bw. Andrzeja, Aposto\u0142a.<\/li>\n\n\n\n<li>W czwartek Adoracja Naj\u015bwi\u0119tszego Sakramentu od godz. 16.00.<\/li>\n\n\n\n<li>Za tydzie\u0144 I Niedziela Adwentu.<\/li>\n\n\n\n<li>Sk\u0142adam serdeczne B\u00f3g zap\u0142a\u0107 dla os\u00f3b sprz\u0105taj\u0105cych i stroj\u0105cych ko\u015bci\u00f3\u0142 oraz za wszystkie ofiary sk\u0142adane na potrzeby parafii, w tym ofiary na utrzymanie pracownik\u00f3w ko\u015bcielnych i ogrzewanie ko\u015bcio\u0142a..<\/li>\n<\/ol>\n\n\n\n<h3 class=\"wp-block-heading\"><strong>Intencje mszalne<\/strong><\/h3>\n\n\n\n<h4 class=\"wp-block-heading\"><strong>od 25 listopada 2024 do 1 grudnia 2024<\/strong><\/h4>\n\n\n\n<h4 class=\"wp-block-heading has-small-font-size\"><strong>Gdyby zbyt d\u0142ugi czas nie by\u0142a og\u0142oszona zam\u00f3wiona intencja mszalna \u2013 prosimy o zg\u0142oszenie tego kap\u0142anowi.&nbsp; Zam\u00f3wiona intencja nie mo\u017ce zgin\u0105\u0107.<\/strong><\/h4>\n\n\n\n<p><strong>Poniedzia\u0142ek &#8211; 25 listopad<br><\/strong>1. + Julia Pasiak\u2013 (greg.)<br>2. + Ma\u0142gorzata Kotli\u0144ska \u2013 od Te\u015bciowej<br>3. + Stanis\u0142aw W\u0119grzyn \u2013 od rodziny Kochman<\/p>\n\n\n\n<p><strong>Wtorek &#8211; 26 listopad<br><\/strong>1. + Julia Pasiak \u2013 (greg.)<br>2. + Stanis\u0142aw Cebula \u2013 od chrze\u015bnicy Haliny z rodzin\u0105<br>3. + Jan, Zofia Wilk<\/p>\n\n\n\n<p><strong>\u015aroda &#8211; 27 listopad<br><\/strong>1. + Julia Pasiak \u2013 (greg.)<br>2. + Tomasz Blok \u2013 od Anny z Chicago<br>3. Za zmar\u0142ych wspominanych w Wypominkach<\/p>\n\n\n\n<p><strong>Czwartek &#8211; 28 listopad<\/strong><br>1. + Julia Pasiak \u2013 (greg.)<br>2. Dzi\u0119kczynna za 90 lat \u017cycia; z pro\u015bb\u0105 o b\u0142ogos\u0142awie\u0144stwo Bo\u017ce dla Marii B.<br>3. + Kazimiera i Roman Cebulak oraz + Aniela i Antoni \u017bak<\/p>\n\n\n\n<p><strong>Pi\u0105tek &#8211; 29 listopad<br><\/strong>1. + Julia Pasiak \u2013 (greg.)<br>2. + Stanis\u0142aw Cebula \u2013 od Marii i Franciszka<br>3. + Marek Kojder \u2013 od rodziny Gromelskich<\/p>\n\n\n\n<p><strong>Sobota &#8211; 30 listopad<br><\/strong>1. + Julia Pasiak \u2013 (zak. greg.)<br>2. + Renata Nowak i jej zmarli Rodzice: Zofia i Franciszek<br>3. Dzi\u0119kczynna za otrzymane \u0142aski; z pro\u015bb\u0105 o Bo\u017ce b\u0142ogos\u0142awie\u0144stwo i zdrowie dla Joanny<\/p>\n\n\n\n<p><strong>Niedziela &#8211; 1 grudzie\u0144<br><\/strong>06.30 + Stanis\u0142aw Cebula \u2013 od wnuczki Anny z rodzin\u0105<br>08.00 + W\u0142adys\u0142aw Sobu\u015b i zmarli Rodzice \u2013 od Wiktorii Wo\u015b<br>08.00 W intencji Pielgrzym\u00f3w do Haczowa; o Bo\u017ce b\u0142ogos\u0142awie\u0144stwo i potrzebne \u0142aski dla ich rodzin<br>10.30 Za parafian<br>15.00 + Helena Bartnik \u2013 (pocz. greg.)<\/p>\n\n\n\n<h3 class=\"wp-block-heading\"><strong>Modlitw\u0119 r\u00f3\u017ca\u0144cow\u0105 prowadz\u0105<\/strong><\/h3>\n\n\n\n<p>25. Pn. R\u00f3\u017ca Matki Bo\u017cej Szkaplerznej \u2013 (Maria K\u0142os)<br>26. Wt. R\u00f3\u017ca Matki Bo\u017cej Bolesnej \u2013 (Krystyna Szostek)<br>27. \u015ar. R\u00f3\u017ca Matki Bo\u017cej R\u00f3\u017ca\u0144cowej \u2013 (Zofia \u015awizdor)<br>28. Cz. R\u00f3\u017ca \u015aw. Jadwigi \u015al\u0105skiej \u2013 (Edyta Wal)<br>29. Pt. KSM<br>30. Sb. R\u00f3\u017ca \u015aw. Andrzeja Aposto\u0142a \u2013 (J\u00f3zef M\u0105dry)<br>01. Nd. R\u00f3\u017ca \u015aw. Stanis\u0142awa Biskupa \u2013 (Wojciech Pelc)<\/p>\n\n\n\n<p>Wyznaczona R\u00f3\u017ca jest proszona o prowadzenie modlitwy r\u00f3\u017ca\u0144cowej.<\/p>\n","protected":false},"excerpt":{"rendered":"<p>Uroczysto\u015b\u0107 Chrystusa Kr\u00f3la &#8211; 24-11-2024 Og\u0142oszenia Intencje mszalne od 25 listopada 2024 do 1 grudnia 2024 Gdyby zbyt d\u0142ugi czas nie by\u0142a og\u0142oszona zam\u00f3wiona intencja mszalna \u2013 prosimy o zg\u0142oszenie &hellip; <a href=\"https:\/\/budy.przemyska.pl\/index.php\/2024\/11\/23\/ogloszenia-parafialne-24-listopada-2024\/\" class=\"more-link\">Czytaj dalej <span class=\"screen-reader-text\">Og\u0142oszenia parafialne 24 listopada 2024<\/span> <span class=\"meta-nav\">&rarr;<\/span><\/a><\/p>\n","protected":false},"author":1,"featured_media":4007,"comment_status":"closed","ping_status":"closed","sticky":false,"template":"","format":"standard","meta":{"footnotes":""},"categories":[6,4],"tags":[],"class_list":["post-4068","post","type-post","status-publish","format-standard","has-post-thumbnail","hentry","category-aktualnosci","category-ogloszenia"],"_links":{"self":[{"href":"https:\/\/budy.przemyska.pl\/index.php\/wp-json\/wp\/v2\/posts\/4068","targetHints":{"allow":["GET"]}}],"collection":[{"href":"https:\/\/budy.przemyska.pl\/index.php\/wp-json\/wp\/v2\/posts"}],"about":[{"href":"https:\/\/budy.przemyska.pl\/index.php\/wp-json\/wp\/v2\/types\/post"}],"author":[{"embeddable":true,"href":"https:\/\/budy.przemyska.pl\/index.php\/wp-json\/wp\/v2\/users\/1"}],"replies":[{"embeddable":true,"href":"https:\/\/budy.przemyska.pl\/index.php\/wp-json\/wp\/v2\/comments?post=4068"}],"version-history":[{"count":1,"href":"https:\/\/budy.przemyska.pl\/index.php\/wp-json\/wp\/v2\/posts\/4068\/revisions"}],"predecessor-version":[{"id":4069,"href":"https:\/\/budy.przemyska.pl\/index.php\/wp-json\/wp\/v2\/posts\/4068\/revisions\/4069"}],"wp:featuredmedia":[{"embeddable":true,"href":"https:\/\/budy.przemyska.pl\/index.php\/wp-json\/wp\/v2\/media\/4007"}],"wp:attachment":[{"href":"https:\/\/budy.przemyska.pl\/index.php\/wp-json\/wp\/v2\/media?parent=4068"}],"wp:term":[{"taxonomy":"category","embeddable":true,"href":"https:\/\/budy.przemyska.pl\/index.php\/wp-json\/wp\/v2\/categories?post=4068"},{"taxonomy":"post_tag","embeddable":true,"href":"https:\/\/budy.przemyska.pl\/index.php\/wp-json\/wp\/v2\/tags?post=4068"}],"curies":[{"name":"wp","href":"https:\/\/api.w.org\/{rel}","templated":true}]}}