{"id":4065,"date":"2024-11-17T10:34:11","date_gmt":"2024-11-17T09:34:11","guid":{"rendered":"https:\/\/budy.przemyska.pl\/?p=4065"},"modified":"2024-11-23T12:34:44","modified_gmt":"2024-11-23T11:34:44","slug":"ogloszenia-parafialne-17-listopada-2024","status":"publish","type":"post","link":"https:\/\/budy.przemyska.pl\/index.php\/2024\/11\/17\/ogloszenia-parafialne-17-listopada-2024\/","title":{"rendered":"Og\u0142oszenia parafialne 17 listopada 2024"},"content":{"rendered":"\n<h2 class=\"wp-block-heading\"><strong>XXXIII Niedziela Zwyk\u0142a &#8211; 17-11-2024<\/strong><\/h2>\n\n\n\n<h2 class=\"wp-block-heading\"><strong>Og\u0142oszenia<\/strong><\/h2>\n\n\n\n<ol class=\"wp-block-list\">\n<li>Dzi\u015b o godz. 15.00 Nabo\u017ce\u0144stwo do Bo\u017cego Mi\u0142osierdzia, a potem Msza \u015bw.<\/li>\n\n\n\n<li>W tym tygodniu w Liturgii Ko\u015bcio\u0142a wspominamy: w poniedzia\u0142ek \u2013 wspomnienie b\u0142. Karoliny K\u00f3zk\u00f3wny; w \u015brod\u0119 \u2013 \u015bw. Rafa\u0142a Kalinowskiego; w czwartek \u2013 wspomnienie Ofiarowania NMP; w pi\u0105tek \u2013 wspomnienie \u015bw. Cecylii.<\/li>\n\n\n\n<li>W czwartek Adoracja Naj\u015bwi\u0119tszego Sakramentu od godz. 16.00. Po Mszy \u015bw. spotkanie dla uczni\u00f3w klas VII i VIII w ramach przygotowania do Sakramentu Bierzmowania, jak r\u00f3wnie\u017c spotkanie Akcji Katolickiej.<\/li>\n\n\n\n<li>W sobot\u0119 Pielgrzymka Akcji Katolickiej i KSM-u do Archikatedry w Przemy\u015blu z racji Patronalnego \u015awi\u0119ta. Wyjazd o godz. 07.30 z parkingu spod ko\u015bcio\u0142a.<\/li>\n\n\n\n<li>Za tydzie\u0144 Uroczysto\u015b\u0107 Chrystusa Kr\u00f3la. Jest to ostatnia niedziela Roku Liturgicznego.<\/li>\n\n\n\n<li>Sk\u0142adam serdeczne B\u00f3g zap\u0142a\u0107 dla os\u00f3b sprz\u0105taj\u0105cych i stroj\u0105cych ko\u015bci\u00f3\u0142 oraz za wszystkie ofiary sk\u0142adane na potrzeby parafii, w tym ofiary na utrzymanie pracownik\u00f3w ko\u015bcielnych i ogrzewanie ko\u015bcio\u0142a.<\/li>\n<\/ol>\n\n\n\n<h3 class=\"wp-block-heading\"><strong>Intencje mszalne<\/strong><\/h3>\n\n\n\n<h4 class=\"wp-block-heading\"><strong>od 18 listopada 2024 do 24 listopada 2024<\/strong><\/h4>\n\n\n\n<h4 class=\"wp-block-heading has-small-font-size\"><strong>Gdyby zbyt d\u0142ugi czas nie by\u0142a og\u0142oszona zam\u00f3wiona intencja mszalna \u2013 prosimy o zg\u0142oszenie tego kap\u0142anowi.\u00a0 Zam\u00f3wiona intencja nie mo\u017ce zgin\u0105\u0107.<\/strong><\/h4>\n\n\n\n<p><strong>Poniedzia\u0142ek &#8211; 18 listopad<br><\/strong>1. + Julia Pasiak\u2013 (greg.)<br>2. + Stanis\u0142aw Cebula \u2013 od chrze\u015bnicy Lucyny z rodzin\u0105<br>3. + Wies\u0142aw, Zdzis\u0142aw Dyrda<\/p>\n\n\n\n<p><strong>Wtorek &#8211; 19 listopad<br><\/strong>1. + Julia Pasiak \u2013 (greg.)<br>2. + Ma\u0142gorzata Kotli\u0144ska \u2013 od zespo\u0142u \u201eWIS\u0141OK\u201d<br>3. + Stanis\u0142aw Kochman \u2013 od rodziny Socha z Husowa<\/p>\n\n\n\n<p><strong>\u015aroda &#8211; 20 listopad<br><\/strong>1. + Julia Pasiak \u2013 (greg.)<br>2. + Stanis\u0142awa Szozda \u2013 od Zofii z rodzin\u0105<br>3. + Stanis\u0142aw, Magdalena, Arkadiusz Sanok<\/p>\n\n\n\n<p><strong>Czwartek &#8211; 21 listopad<\/strong><br>1. + Julia Pasiak \u2013 (greg.)<br>2. + W\u0142adys\u0142aw i Stefania W\u0119grzyn oraz zmarli z rodziny<br>3. + Salomea i W\u0142adys\u0142aw Rupar<\/p>\n\n\n\n<p><strong>Pi\u0105tek &#8211; 22 listopad<br><\/strong>1. + Julia Pasiak \u2013 (greg.)<br>2. + Ma\u0142gorzata Kotli\u0144ska \u2013 od chrze\u015bnicy Weroniki z m\u0119\u017cem<br>3. Dzi\u0119kczynna za otrzymane \u0142aski; z pro\u015bb\u0105 o b\u0142og. Bo\u017ce i zdrowie dla Bernardetty<\/p>\n\n\n\n<p><strong>Sobota &#8211; 23 listopad<br><\/strong>1. + Julia Pasiak \u2013 (greg.)<br>2. + Stanis\u0142aw Cebula \u2013 od Jana Bartnik<br>3. Za zmar\u0142ych wspominanych w Wypominkach<\/p>\n\n\n\n<p><strong>Niedziela &#8211; 24 listopad<br><\/strong>06.30 + Jan Kojder \u2013 w rocznic\u0119 \u015bmierci<br>08.00 + Franciszek Bosak oraz + Zofia i Franciszek Dyrda<br>08.00 + Stanis\u0142aw (8 r. \u015bm.), Tadeusz, \u0141ukasz, Wincenty, Aniela Czech<br>10.30 Za parafian<br>15.00 + Julia Pasiak \u2013 (greg.)<\/p>\n\n\n\n<h3 class=\"wp-block-heading\"><strong>Modlitw\u0119 r\u00f3\u017ca\u0144cow\u0105 prowadz\u0105<\/strong><\/h3>\n\n\n\n<ol start=\"18\" class=\"wp-block-list\">\n<li>Pn. R\u00f3\u017ca \u015bw. Klary \u2013 (Teresa G\u0142owiak)<\/li>\n\n\n\n<li>Wt. R\u00f3\u017ca \u015aw. Kingi \u2013 (El\u017cbieta Wacnik)<\/li>\n\n\n\n<li>\u015ar. R\u00f3\u017ca \u015aw. Marii Magdaleny \u2013 (Janina Rachwa\u0142)<\/li>\n\n\n\n<li>Cz. Akcja Katolicka<\/li>\n\n\n\n<li>Pt. KSM<\/li>\n\n\n\n<li>Sb. R\u00f3\u017ca \u015aw. Marii Goretti \u2013 (El\u017cbieta Kukulska)<\/li>\n\n\n\n<li>Nd. R\u00f3\u017ca \u015aw. Marty \u2013 (Czes\u0142awa Por\u0119bna)<\/li>\n<\/ol>\n\n\n\n<p>Wyznaczona R\u00f3\u017ca jest proszona o prowadzenie modlitwy r\u00f3\u017ca\u0144cowej.<\/p>\n","protected":false},"excerpt":{"rendered":"<p>XXXIII Niedziela Zwyk\u0142a &#8211; 17-11-2024 Og\u0142oszenia Intencje mszalne od 18 listopada 2024 do 24 listopada 2024 Gdyby zbyt d\u0142ugi czas nie by\u0142a og\u0142oszona zam\u00f3wiona intencja mszalna \u2013 prosimy o zg\u0142oszenie &hellip; <a href=\"https:\/\/budy.przemyska.pl\/index.php\/2024\/11\/17\/ogloszenia-parafialne-17-listopada-2024\/\" class=\"more-link\">Czytaj dalej <span class=\"screen-reader-text\">Og\u0142oszenia parafialne 17 listopada 2024<\/span> <span class=\"meta-nav\">&rarr;<\/span><\/a><\/p>\n","protected":false},"author":1,"featured_media":4007,"comment_status":"closed","ping_status":"closed","sticky":false,"template":"","format":"standard","meta":{"footnotes":""},"categories":[6,4],"tags":[],"class_list":["post-4065","post","type-post","status-publish","format-standard","has-post-thumbnail","hentry","category-aktualnosci","category-ogloszenia"],"_links":{"self":[{"href":"https:\/\/budy.przemyska.pl\/index.php\/wp-json\/wp\/v2\/posts\/4065","targetHints":{"allow":["GET"]}}],"collection":[{"href":"https:\/\/budy.przemyska.pl\/index.php\/wp-json\/wp\/v2\/posts"}],"about":[{"href":"https:\/\/budy.przemyska.pl\/index.php\/wp-json\/wp\/v2\/types\/post"}],"author":[{"embeddable":true,"href":"https:\/\/budy.przemyska.pl\/index.php\/wp-json\/wp\/v2\/users\/1"}],"replies":[{"embeddable":true,"href":"https:\/\/budy.przemyska.pl\/index.php\/wp-json\/wp\/v2\/comments?post=4065"}],"version-history":[{"count":1,"href":"https:\/\/budy.przemyska.pl\/index.php\/wp-json\/wp\/v2\/posts\/4065\/revisions"}],"predecessor-version":[{"id":4066,"href":"https:\/\/budy.przemyska.pl\/index.php\/wp-json\/wp\/v2\/posts\/4065\/revisions\/4066"}],"wp:featuredmedia":[{"embeddable":true,"href":"https:\/\/budy.przemyska.pl\/index.php\/wp-json\/wp\/v2\/media\/4007"}],"wp:attachment":[{"href":"https:\/\/budy.przemyska.pl\/index.php\/wp-json\/wp\/v2\/media?parent=4065"}],"wp:term":[{"taxonomy":"category","embeddable":true,"href":"https:\/\/budy.przemyska.pl\/index.php\/wp-json\/wp\/v2\/categories?post=4065"},{"taxonomy":"post_tag","embeddable":true,"href":"https:\/\/budy.przemyska.pl\/index.php\/wp-json\/wp\/v2\/tags?post=4065"}],"curies":[{"name":"wp","href":"https:\/\/api.w.org\/{rel}","templated":true}]}}