{"id":3894,"date":"2024-11-10T10:25:45","date_gmt":"2024-11-10T09:25:45","guid":{"rendered":"http:\/\/www.budylancuckie.przemyska.pl\/?p=3894"},"modified":"2024-11-17T10:37:29","modified_gmt":"2024-11-17T09:37:29","slug":"ogloszenia-parafialne-10-listopada-2024","status":"publish","type":"post","link":"https:\/\/budy.przemyska.pl\/index.php\/2024\/11\/10\/ogloszenia-parafialne-10-listopada-2024\/","title":{"rendered":"Og\u0142oszenia parafialne 10 listopada 2024"},"content":{"rendered":"<h2 style=\"text-align: center;\"><strong><span style=\"color: #000080;\">XXXII Niedziela Zwyk\u0142a &#8211; 10-11-2024<\/span><\/strong><\/h2>\n<h2 style=\"text-align: center;\"><strong><span style=\"color: #000080;\">Og\u0142oszenia<br \/>\n<\/span><\/strong><\/h2>\n<ol>\n<li>Dzi\u015b o godz. 15.00 Nabo\u017ce\u0144stwo R\u00f3\u017ca\u0144cowe, a potem Msza \u015bw.<\/li>\n<li>W tym tygodniu w Liturgii Ko\u015bcio\u0142a wspominamy: w poniedzia\u0142ek \u2013 wspomnienie \u015bw. Marcina z Tours; we wtorek \u2013 wspomnienie \u015bw. Jozafata, biskupa i m\u0119czennika; w \u015brod\u0119 \u2013 wspomnienie \u015bw. Benedykta, Jana, Mateusza, Izaaka i Krystyna, pierwszych m\u0119czennik\u00f3w Polski.<\/li>\n<li>W poniedzia\u0142ek o godz. 09.00 Uroczysta Msza \u015bw. z racji Rocznicy Odzyskania Niepodleg\u0142o\u015bci, rozpoczynaj\u0105ca zarazem kolejny Marsz Korniaktowski. Serdecznie zapraszamy do wzi\u0119cia udzia\u0142u dla upami\u0119tnienia \u015awi\u0119ta Niepodleg\u0142o\u015bci.<\/li>\n<li>W czwartek Adoracja Naj\u015bwi\u0119tszego Sakramentu od godz. 16.00. Spotkanie Akcji Katolickiej wyj\u0105tkowo przeniesione na III czwartek miesi\u0105ca.<\/li>\n<li>W listopadzie mo\u017cemy w ka\u017cdym dniu zyskiwa\u0107 Odpusty za zmar\u0142ych, nawiedzaj\u0105c cmentarze i odmawiaj\u0105c modlitwy za zmar\u0142ych. W tych dniach mamy mo\u017cliwo\u015b\u0107 zyskiwania Odpust\u00f3w cz\u0105stkowych.<\/li>\n<li>Modlitwa r\u00f3\u017ca\u0144cowa z racji wypominek b\u0119dzie odmawiana o godz. 16.30. Imiona naszych zmar\u0142ych wypisujemy na karteczkach i mo\u017cemy je z\u0142o\u017cy\u0107 na tac\u0119, b\u0105d\u017a do koszyczka przed ambonk\u0105.<\/li>\n<li>Prosimy, aby przy porz\u0105dkowaniu grob\u00f3w naszych bliskich zmar\u0142ych, w spos\u00f3b w\u0142a\u015bciwy segregowa\u0107 wszelkie odpady.<\/li>\n<li>Zach\u0119camy do czytania prasy i literatury religijnej, aby pog\u0142\u0119bia\u0107 swoj\u0105 wiar\u0119. Czas listopadowy szczeg\u00f3lnie temu sprzyja.<\/li>\n<li>Za tydzie\u0144 III niedziela miesi\u0105ca. Sk\u0142adka na inwestycje.<\/li>\n<li>W najbli\u017csz\u0105 sobot\u0119 w godz. 10.00 \u2013 13.00 Pan So\u0142tys z Korniaktowa P\u00f3\u0142nocnego organizuje zbi\u00f3rk\u0119 z\u0142omu i elektro\u015bmieci. Zach\u0119camy do w\u0142\u0105czenia si\u0119 do tej akcji.<\/li>\n<li>Sk\u0142adam serdeczne B\u00f3g zap\u0142a\u0107 dla os\u00f3b sprz\u0105taj\u0105cych i stroj\u0105cych ko\u015bci\u00f3\u0142 oraz za wszystkie ofiary sk\u0142adane na potrzeby parafii, w tym ofiary na utrzymanie pracownik\u00f3w ko\u015bcielnych i ogrzewanie ko\u015bcio\u0142a.<\/li>\n<\/ol>\n<h3 style=\"text-align: center;\"><strong><span style=\"color: #000080;\">Intencje mszalne<\/span><\/strong><\/h3>\n<h4 style=\"text-align: center;\"><strong><span style=\"color: #000080;\">od 11 listopada 2024 do 17 listopada 2024<\/span><\/strong><\/h4>\n<h4 style=\"text-align: center;\"><\/h4>\n<h4><strong>Gdyby zbyt d\u0142ugi czas nie by\u0142a og\u0142oszona zam\u00f3wiona intencja mszalna \u2013 prosimy o zg\u0142oszenie tego kap\u0142anowi.\u00a0 Zam\u00f3wiona intencja nie mo\u017ce zgin\u0105\u0107.<br \/>\n<\/strong><\/h4>\n<p><u><strong>Poniedzia\u0142ek &#8211; 11 listopad<br \/>\n<\/strong><\/u>1. + Julia Pasiak\u2013 (greg.)<br \/>\n2. + Janusz Piotr Buty\u0144ski \u2013 od koleg\u00f3w<br \/>\n3. + Ma\u0142gorzata Kotli\u0144ska \u2013 od siostry Barbary z rodzin\u0105<\/p>\n<p><u><strong>Wtorek &#8211; 12 listopad<br \/>\n<\/strong><\/u>1. + Julia Pasiak \u2013 (greg.)<br \/>\n2. + Zofia (r. \u015bm.), Stanis\u0142aw, Bogdan Blok<br \/>\n3. + Stanis\u0142aw Cebula \u2013 od Barbary Ni\u017anik z rodzin\u0105<\/p>\n<p><u><strong>\u015aroda &#8211; 13 listopad<br \/>\n<\/strong><\/u>1. + Julia Pasiak \u2013 (greg.)<br \/>\n2. + Maria, Stanis\u0142aw Miara i ich Dzieci<br \/>\n3. + Stanis\u0142aw Kochman \u2013 od \u017cony<\/p>\n<p><u><strong>Czwartek &#8211; 14 listopad<\/strong><\/u><br \/>\n1. + Julia Pasiak \u2013 (greg.)<br \/>\n2. + Janina, Mieczys\u0142aw Mi\u015b oraz zmarli z rodziny<br \/>\n3. + Stanis\u0142aw Cebula \u2013 od rodziny Magoni\u00f3w<\/p>\n<p><u><strong>Pi\u0105tek &#8211; 15 listopad<br \/>\n<\/strong><\/u>1. + Julia Pasiak \u2013 (greg.)<br \/>\n2. + Ma\u0142gorzata Kotli\u0144ska \u2013 od Wies\u0142awy i Janusza Bosak z rodzin\u0105<br \/>\n3. + Maria, W\u0142adys\u0142aw, Edward Por\u0119bny oraz + Cecylia Bartnik<\/p>\n<p><u><strong>Sobota &#8211; 16 listopad<br \/>\n<\/strong><\/u>1. + Julia Pasiak \u2013 (greg.)<br \/>\n2. + Stanis\u0142aw Cebula \u2013 od Heleny Golak z rodzin\u0105<br \/>\n3. Dzi\u0119kczynna za otrzymane \u0142aski; z pro\u015bb\u0105 o Bo\u017ce b\u0142ogos\u0142awie\u0144stwo i zdrowie dla Arkadiusza<\/p>\n<p><u><strong>Niedziela &#8211; 17 listopad<br \/>\n<\/strong><\/u>06.30 ++ Aniela i W\u0142adys\u0142aw Bartnik; Stanis\u0142awa Konieczny ++ Stefania i Stanis\u0142aw Rachwa\u0142 oraz zmarli z rodziny<br \/>\n08.00 + Zofia, Karolina \u015alimak oraz + Zofia , Maria Rybak<br \/>\n08.00 + Stanis\u0142aw Cebula \u2013 od LSO ze Zg\u0142obnia<br \/>\n10.30 Za parafian<br \/>\n15.00 + Julia Pasiak \u2013 (greg.)<\/p>\n<h3 style=\"text-align: center;\"><strong><span style=\"color: #000080;\">Modlitw\u0119 r\u00f3\u017ca\u0144cow\u0105 prowadz\u0105<\/span><\/strong><\/h3>\n<p>17. Nd. R\u00f3\u017ca \u015aw. Katarzyny \u2013 (Anna Kurek)<\/p>\n<p>Wyznaczona R\u00f3\u017ca jest proszona o prowadzenie modlitwy r\u00f3\u017ca\u0144cowej.<\/p>\n","protected":false},"excerpt":{"rendered":"<p>XXXII Niedziela Zwyk\u0142a &#8211; 10-11-2024 Og\u0142oszenia Dzi\u015b o godz. 15.00 Nabo\u017ce\u0144stwo R\u00f3\u017ca\u0144cowe, a potem Msza \u015bw. W tym tygodniu w Liturgii Ko\u015bcio\u0142a wspominamy: w poniedzia\u0142ek \u2013 wspomnienie \u015bw. Marcina z &hellip; <a href=\"https:\/\/budy.przemyska.pl\/index.php\/2024\/11\/10\/ogloszenia-parafialne-10-listopada-2024\/\" class=\"more-link\">Czytaj dalej <span class=\"screen-reader-text\">Og\u0142oszenia parafialne 10 listopada 2024<\/span> <span class=\"meta-nav\">&rarr;<\/span><\/a><\/p>\n","protected":false},"author":1,"featured_media":4007,"comment_status":"closed","ping_status":"closed","sticky":false,"template":"","format":"standard","meta":{"footnotes":""},"categories":[6,4],"tags":[],"class_list":["post-3894","post","type-post","status-publish","format-standard","has-post-thumbnail","hentry","category-aktualnosci","category-ogloszenia"],"_links":{"self":[{"href":"https:\/\/budy.przemyska.pl\/index.php\/wp-json\/wp\/v2\/posts\/3894","targetHints":{"allow":["GET"]}}],"collection":[{"href":"https:\/\/budy.przemyska.pl\/index.php\/wp-json\/wp\/v2\/posts"}],"about":[{"href":"https:\/\/budy.przemyska.pl\/index.php\/wp-json\/wp\/v2\/types\/post"}],"author":[{"embeddable":true,"href":"https:\/\/budy.przemyska.pl\/index.php\/wp-json\/wp\/v2\/users\/1"}],"replies":[{"embeddable":true,"href":"https:\/\/budy.przemyska.pl\/index.php\/wp-json\/wp\/v2\/comments?post=3894"}],"version-history":[{"count":1,"href":"https:\/\/budy.przemyska.pl\/index.php\/wp-json\/wp\/v2\/posts\/3894\/revisions"}],"predecessor-version":[{"id":4004,"href":"https:\/\/budy.przemyska.pl\/index.php\/wp-json\/wp\/v2\/posts\/3894\/revisions\/4004"}],"wp:featuredmedia":[{"embeddable":true,"href":"https:\/\/budy.przemyska.pl\/index.php\/wp-json\/wp\/v2\/media\/4007"}],"wp:attachment":[{"href":"https:\/\/budy.przemyska.pl\/index.php\/wp-json\/wp\/v2\/media?parent=3894"}],"wp:term":[{"taxonomy":"category","embeddable":true,"href":"https:\/\/budy.przemyska.pl\/index.php\/wp-json\/wp\/v2\/categories?post=3894"},{"taxonomy":"post_tag","embeddable":true,"href":"https:\/\/budy.przemyska.pl\/index.php\/wp-json\/wp\/v2\/tags?post=3894"}],"curies":[{"name":"wp","href":"https:\/\/api.w.org\/{rel}","templated":true}]}}