{"id":3890,"date":"2024-11-03T12:44:42","date_gmt":"2024-11-03T11:44:42","guid":{"rendered":"http:\/\/www.budylancuckie.przemyska.pl\/?p=3890"},"modified":"2024-11-11T19:33:44","modified_gmt":"2024-11-11T18:33:44","slug":"ogloszenia-parafialne-3-listopada-2024","status":"publish","type":"post","link":"https:\/\/budy.przemyska.pl\/index.php\/2024\/11\/03\/ogloszenia-parafialne-3-listopada-2024\/","title":{"rendered":"Og\u0142oszenia parafialne 3 listopada 2024"},"content":{"rendered":"<h2 style=\"text-align: center;\"><strong><span style=\"color: #000080;\">XXXI Niedziela Zwyk\u0142a &#8211; 03-11-2024<\/span><\/strong><\/h2>\n<h2 style=\"text-align: center;\"><strong><span style=\"color: #000080;\">Og\u0142oszenia<br \/>\n<\/span><\/strong><\/h2>\n<ol>\n<li>Dzi\u015b o godz. 15.00 Nabo\u017ce\u0144stwo Adoracyjne, a potem Msza \u015bw.<\/li>\n<li>W tym tygodniu w Liturgii Ko\u015bcio\u0142a wspominamy: w poniedzia\u0142ek \u2013 wspomnienie \u015bw. Karola Boromeusza; w sobot\u0119 \u2013 \u015awi\u0119to rocznicy po\u015bwi\u0119cenia Bazyliki Latera\u0144skiej.<\/li>\n<li>We wtorek w naszej Parafii wypada Adoracja Naj\u015bwi\u0119tszego Sakramentu. Intencj\u0105 tej Adoracji jest usilna pro\u015bba i modlitwa o liczne i \u015bwi\u0119te powo\u0142ania do S\u0142u\u017cby Bo\u017cej oraz modlitwa za powo\u0142anych. Adoracj\u0119 rozpoczniemy Msz\u0105 \u015bw. o godz. 08.00 i trwa\u0107 b\u0119dzie do wieczornej Mszy \u015bw. o godz.17.00. Zach\u0119camy wszystkich do w\u0142\u0105czenia si\u0119, w miar\u0119 mo\u017cliwo\u015bci, do tej modlitwy przed Naj\u015bwi\u0119tszym Sakramentem. Porz\u0105dek Adoracji wed\u0142ug zamieszczonego grafiku.<\/li>\n<li>W I miesi\u0105ca czwartek Adoracja Naj\u015bwi\u0119tszego Sakramentu od godz. 16.00. W tym dniu modlimy si\u0119 o \u0142ask\u0119 powo\u0142a\u0144 i za powo\u0142anych do S\u0142u\u017cby Bo\u017cej oraz za nasze rodziny.<\/li>\n<li>W tym tygodniu zako\u0144czyli\u015bmy peregrynacj\u0119 obrazu Serca Jezusowego w naszych rodzinach. Wierzymy, \u017ce wsp\u00f3lna modlitwa ca\u0142ej rodziny, umocni nasz\u0105 wiar\u0119 i o\u017cywi mi\u0142o\u015b\u0107 do Pana Boga i siebie nawzajem, a jednocze\u015bnie b\u0119dzie zarzewiem zgody i pojednania w rodzinie i mi\u0119dzy s\u0105siadami. Gdyby kto\u015b nie m\u00f3g\u0142 w tamtym czasie przyj\u0105\u0107 obraz, mo\u017ce to uczyni\u0107 w tych najbli\u017cszych dniach.<\/li>\n<li>W listopadzie mo\u017cemy w ka\u017cdym dniu zyskiwa\u0107 Odpusty za zmar\u0142ych, nawiedzaj\u0105c cmentarze i odmawiaj\u0105c modlitwy za zmar\u0142ych. W dniach od 1 do 8 listopada Odpust jest zupe\u0142ny, w pozosta\u0142ych dniach mamy mo\u017cliwo\u015b\u0107 zyskiwania Odpust\u00f3w cz\u0105stkowych.<\/li>\n<li>Codzienny r\u00f3\u017caniec z racji wypominek b\u0119dzie odmawiany o godz. 16.30. Imiona naszych zmar\u0142ych wypisujemy na karteczkach i mo\u017cemy je z\u0142o\u017cy\u0107 na tac\u0119, b\u0105d\u017a do koszyczka przed ambonk\u0105.<\/li>\n<li>Prosimy, aby przy porz\u0105dkowaniu grob\u00f3w naszych bliskich zmar\u0142ych, w spos\u00f3b w\u0142a\u015bciwy segregowa\u0107 wszelkie odpady.<\/li>\n<li>Sk\u0142adam serdeczne B\u00f3g zap\u0142a\u0107 dla os\u00f3b sprz\u0105taj\u0105cych i stroj\u0105cych ko\u015bci\u00f3\u0142 oraz za wszystkie ofiary sk\u0142adane na potrzeby parafii, w tym ofiary na utrzymanie pracownik\u00f3w ko\u015bcielnych i ogrzewanie ko\u015bcio\u0142a.<\/li>\n<\/ol>\n<h3 style=\"text-align: center;\"><strong><span style=\"color: #000080;\">Intencje mszalne<\/span><\/strong><\/h3>\n<h4 style=\"text-align: center;\"><strong><span style=\"color: #000080;\">od 4 listopada 2024 do 10 listopada 2024<\/span><\/strong><\/h4>\n<h4 style=\"text-align: center;\"><\/h4>\n<h4><strong>Gdyby zbyt d\u0142ugi czas nie by\u0142a og\u0142oszona zam\u00f3wiona intencja mszalna \u2013 prosimy o zg\u0142oszenie tego kap\u0142anowi.\u00a0 Zam\u00f3wiona intencja nie mo\u017ce zgin\u0105\u0107.<br \/>\n<\/strong><\/h4>\n<p><u><strong>Poniedzia\u0142ek &#8211; 4 listopad<br \/>\n<\/strong><\/u>1. + Julia Pasiak\u2013 (greg.)<br \/>\n2. + Maria Wikiera \u2013 od Janiny Szczupak<br \/>\n3. + Franciszek, Wies\u0142aw, Jan, Cecylia<\/p>\n<p><u><strong>Wtorek &#8211; 5 listopad<br \/>\n<\/strong><\/u>1. + Julia Pasiak \u2013 (greg.)<br \/>\n2. + Stanis\u0142aw Cebula \u2013 od s\u0105siad\u00f3w: Golenia, Dzierga<br \/>\n3. O \u0142ask\u0119 szcz\u0119\u015bliwej operacji dla Romana<\/p>\n<p><u><strong>\u015aroda &#8211; 6 listopad<br \/>\n<\/strong><\/u>1. + Julia Pasiak \u2013 (greg.)<br \/>\n2. + Marek Kojder \u2013 od kol. i kol. Lucyny z Dzia\u0142u Technicznego Muzeum w \u0141a\u0144cucie<br \/>\n3. O \u0142ask\u0119 zdrowia dla Zofii<\/p>\n<p><u><strong>Czwartek &#8211; 7 listopad<\/strong><\/u><br \/>\n1. + Julia Pasiak \u2013 (greg.)<br \/>\n2. + Poli\u0144scy Weronika i Tadeusz oraz + Niemiec Zofia i Jan<br \/>\n3. Za dusze w czy\u015b\u0107cu cierpi\u0105ce<\/p>\n<p><u><strong>Pi\u0105tek &#8211; 8 listopad<br \/>\n<\/strong><\/u>1. + Julia Pasiak \u2013 (greg.)<br \/>\n2. + Maria Wikiera \u2013 od Barbary Wojtyna<br \/>\n3. + Franciszek, Anna, Franciszek<\/p>\n<p><u><strong>Sobota &#8211; 9 listopad<br \/>\n<\/strong><\/u>1. + Julia Pasiak \u2013 (greg.)<br \/>\n2. + Antoni Golak \u2013 rocznica \u015bmieci<br \/>\n3. + Aniela, Stefania, W\u0142adys\u0142aw Mach oraz + Maria Sakelos \u2013 od siostrzenicy<\/p>\n<p><u><strong>Niedziela &#8211; 10 listopad<br \/>\n<\/strong><\/u>06.30 + Julia Pasiak \u2013 (greg.)<br \/>\n08.00 Dzi\u0119kczynna; z pro\u015bb\u0105 o b\u0142og. Bo\u017ce i dary Ducha \u015awi\u0119tego dla Ireny w 70 rocznic\u0119 urodzin<br \/>\n08.00 + Zofia Marek \u2013 od c\u00f3rki Lucyny z rodzin\u0105<br \/>\n10.30 Za parafian<br \/>\n15.00 + Stefania, J\u00f3zef Jurowicz + Krystyna, Beata Jurowicz + Joachim, Adam Kucz<\/p>\n<h3 style=\"text-align: center;\"><strong><span style=\"color: #000080;\">Modlitw\u0119 r\u00f3\u017ca\u0144cow\u0105 prowadz\u0105<\/span><\/strong><\/h3>\n<p>07. Cz. Dzie\u0142o Pomocy Powo\u0142aniom i Akcja Katolicka \u2013 (Anna Szular)<br \/>\n10. Nd. R\u00f3\u017ca \u015aw. Heleny \u2013 (Helena Dyrda)<\/p>\n<p>Wyznaczona R\u00f3\u017ca jest proszona o prowadzenie modlitwy r\u00f3\u017ca\u0144cowej.<\/p>\n<h3 style=\"text-align: center;\"><strong><span style=\"color: #000080;\">ADORACJA NAJ\u015aWI\u0118TSZEGO SAKRAMENTU WE WTOREK &#8211; 05.11.2024 r. <\/span><\/strong><strong><span style=\"color: #000080;\"><br \/>\n<\/span><\/strong><\/h3>\n<p>08.00 \u2013 Msza \u015bw. \/rozpocz\u0119cie\/<br \/>\n08.30 &#8211; 09.30 \u2013 R\u00f3\u017ca \u015bw. Agaty, \u015bw. Stanis\u0142awa Biskupa i \u015bw. Tomasza Aposto\u0142a<br \/>\n09.30 \u2013 10.30 \u2013 R\u00f3\u017ca \u015bw. Heleny, \u015bw. Teresy od Dzieci\u0105tka Jezus i \u015bw. Cecylii<br \/>\n10.30 \u2013 11.30 &#8211; R\u00f3\u017ca \u015bw. Marii Goretti, i \u015bw. Marii Magdaleny, \u015bw. Agnieszki, \u015bw. Teresy Wielkiej<br \/>\n11.30 \u2013 12.30 &#8211; R\u00f3\u017ca \u015bw. Anny, \u015bw. Andrzeja Aposto\u0142a i \u015bw. El\u017cbiety, \u015bw. Zofii<br \/>\n12.30 \u2013 13.30 \u2013 R\u00f3\u017ca \u015bw. Faustyny, Matki Bo\u017cej Szkaplerznej i \u015bw. Jadwigi Kr\u00f3lowej<br \/>\n13.30 \u2013 14.30 \u2013 R\u00f3\u017ca \u015bw. Franciszka z Asy\u017cu, \u015bw. Jadwigi \u015al\u0105skiej, \u015bw. Katarzyny<br \/>\n14.30 \u2013 15.30 \u2013 R\u00f3\u017ca \u015bw. Kingi, \u015bw. Klary i \u015bw. Marii Ma\u0142gorzaty<br \/>\n15.30 \u2013 16.30 \u2013 R\u00f3\u017ca \u015bw. Marty, Matki Bo\u017cej Bolesnej i Matki Bo\u017cej R\u00f3\u017ca\u0144cowej<br \/>\n16.30 \u2013 Dzie\u0142o Pomocy Powo\u0142aniom, Akcja Katolicka i R\u00f3\u017ca \u015bw. Genowefy<br \/>\n17.00 \u2013 Msza \u015bw. \/zako\u0144czenie\/<\/p>\n","protected":false},"excerpt":{"rendered":"<p>XXXI Niedziela Zwyk\u0142a &#8211; 03-11-2024 Og\u0142oszenia Dzi\u015b o godz. 15.00 Nabo\u017ce\u0144stwo Adoracyjne, a potem Msza \u015bw. W tym tygodniu w Liturgii Ko\u015bcio\u0142a wspominamy: w poniedzia\u0142ek \u2013 wspomnienie \u015bw. Karola Boromeusza; &hellip; <a href=\"https:\/\/budy.przemyska.pl\/index.php\/2024\/11\/03\/ogloszenia-parafialne-3-listopada-2024\/\" class=\"more-link\">Czytaj dalej <span class=\"screen-reader-text\">Og\u0142oszenia parafialne 3 listopada 2024<\/span> <span class=\"meta-nav\">&rarr;<\/span><\/a><\/p>\n","protected":false},"author":1,"featured_media":4007,"comment_status":"closed","ping_status":"closed","sticky":false,"template":"","format":"standard","meta":{"footnotes":""},"categories":[6,4],"tags":[],"class_list":["post-3890","post","type-post","status-publish","format-standard","has-post-thumbnail","hentry","category-aktualnosci","category-ogloszenia"],"_links":{"self":[{"href":"https:\/\/budy.przemyska.pl\/index.php\/wp-json\/wp\/v2\/posts\/3890","targetHints":{"allow":["GET"]}}],"collection":[{"href":"https:\/\/budy.przemyska.pl\/index.php\/wp-json\/wp\/v2\/posts"}],"about":[{"href":"https:\/\/budy.przemyska.pl\/index.php\/wp-json\/wp\/v2\/types\/post"}],"author":[{"embeddable":true,"href":"https:\/\/budy.przemyska.pl\/index.php\/wp-json\/wp\/v2\/users\/1"}],"replies":[{"embeddable":true,"href":"https:\/\/budy.przemyska.pl\/index.php\/wp-json\/wp\/v2\/comments?post=3890"}],"version-history":[{"count":2,"href":"https:\/\/budy.przemyska.pl\/index.php\/wp-json\/wp\/v2\/posts\/3890\/revisions"}],"predecessor-version":[{"id":4046,"href":"https:\/\/budy.przemyska.pl\/index.php\/wp-json\/wp\/v2\/posts\/3890\/revisions\/4046"}],"wp:featuredmedia":[{"embeddable":true,"href":"https:\/\/budy.przemyska.pl\/index.php\/wp-json\/wp\/v2\/media\/4007"}],"wp:attachment":[{"href":"https:\/\/budy.przemyska.pl\/index.php\/wp-json\/wp\/v2\/media?parent=3890"}],"wp:term":[{"taxonomy":"category","embeddable":true,"href":"https:\/\/budy.przemyska.pl\/index.php\/wp-json\/wp\/v2\/categories?post=3890"},{"taxonomy":"post_tag","embeddable":true,"href":"https:\/\/budy.przemyska.pl\/index.php\/wp-json\/wp\/v2\/tags?post=3890"}],"curies":[{"name":"wp","href":"https:\/\/api.w.org\/{rel}","templated":true}]}}