{"id":3886,"date":"2024-10-27T13:17:08","date_gmt":"2024-10-27T12:17:08","guid":{"rendered":"http:\/\/www.budylancuckie.przemyska.pl\/?p=3886"},"modified":"2024-10-27T13:17:08","modified_gmt":"2024-10-27T12:17:08","slug":"ogloszenia-parafialne-27-pazdziernik-2024","status":"publish","type":"post","link":"https:\/\/budy.przemyska.pl\/index.php\/2024\/10\/27\/ogloszenia-parafialne-27-pazdziernik-2024\/","title":{"rendered":"Og\u0142oszenia parafialne 27 pa\u017adziernik 2024"},"content":{"rendered":"<h2 style=\"text-align: center;\"><strong><span style=\"color: rgb(0, 0, 128);\">Uroczysto\u015b\u0107 Rocznicy Po\u015bwi\u0119cenia W\u0142asnego Ko\u015bcio\u0142a &#8211; 27-10-2024<\/span><\/strong><\/h2>\n<h2 style=\"text-align: center;\"><strong><span style=\"color: rgb(0, 0, 128);\">Og\u0142oszenia<br \/>\n\t<\/span><\/strong><\/h2>\n<ol>\n<li>Dzi\u015b Uroczysto\u015b\u0107 rocznicy po\u015bwi\u0119cenia w\u0142asnego ko\u015bcio\u0142a. O godz. 15.00 Nabo\u017ce\u0144stwo R&oacute;\u017ca\u0144cowe, a potem Msza \u015bw.<\/li>\n<li>W tym tygodniu w Liturgii Ko\u015bcio\u0142a wspominamy: w poniedzia\u0142ek &ndash; \u015awi\u0119to \u015aw. Aposto\u0142&oacute;w Szymona i Judy Tadeusza; w pi\u0105tek &ndash; Uroczysto\u015b\u0107 Wszystkich \u015awi\u0119tych; w sobot\u0119 &ndash; wspomnienie Wszystkich Wiernych Zmar\u0142ych.<\/li>\n<li>W czwartek Adoracja Naj\u015bwi\u0119tszego Sakramentu od godz. 16.00. W tym dniu r&oacute;wnie\u017c zako\u0144czenie Nabo\u017ce\u0144stw r&oacute;\u017ca\u0144cowych.<\/li>\n<li>W Uroczysto\u015b\u0107 Wszystkich \u015awi\u0119tych Msze \u015bw. przed po\u0142udniem tak, jak w niedziele, po po\u0142udniu o godz.14.00 Nieszpory \u017ca\u0142obne z kazaniem i procesj\u0105 na cmentarz. Po powrocie Msza \u015bw. w ko\u015bciele za zmar\u0142ych wspominanych w Wypominkach. Jest to zarazem I pi\u0105tek miesi\u0105ca. Pami\u0119tajmy o uczczeniu Naj\u015bwi\u0119tszego Serca Pana Jezusa.<\/li>\n<li>W sobot\u0119 Dzie\u0144 Zaduszny. Msze \u015bw. o godz. 06.30 oraz 07.00. Po po\u0142udniu o godz. 14.00 Nieszpory za zmar\u0142ych z kazaniem i Procesja r&oacute;\u017ca\u0144cowa na cmentarz z wypominkami. Po powrocie z cmentarza Msza \u015bw. w ko\u015bciele. Po rannej Mszy \u015bw. odwiedziny chorych z Komuni\u0105 \u015bw. Jest to zarazem I sobota miesi\u0105ca. Pami\u0119tajmy o uczczeniu Niepokalanego Serca NMP. Bezpo\u015brednio po Mszy \u015bw. popo\u0142udniowej b\u0119dzie mia\u0142a r&oacute;wnie\u017c miejsce zmiana tajemnic r&oacute;\u017ca\u0144cowych<\/li>\n<li>W Uroczysto\u015b\u0107 Wszystkich \u015awi\u0119tych mo\u017cna zyska\u0107 Odpust zupe\u0142ny, kt&oacute;ry mo\u017ce by\u0107 ofiarowany za zmar\u0142ych. Warunki zyskania Odpustu:<br \/>\n\t\t&#8211; wyzbycie si\u0119 przywi\u0105zania do grzech&oacute;w, nawet powszednich<br \/>\n\t\t&#8211; przyst\u0105pienie do Sakramentu pokuty<br \/>\n\t\t&#8211; przyj\u0119cie Komunii \u015bw.<br \/>\n\t\t&#8211; pobo\u017cne nawiedzenie ko\u015bcio\u0142a oraz odm&oacute;wienie tam modlitw: Ojcze nasz, Wierz\u0119 w Boga oraz dowolnej modlitwy w intencjach Ojca \u015bw.<\/li>\n<li>W listopadzie mo\u017cemy w ka\u017cdym dniu zyskiwa\u0107 Odpusty za zmar\u0142ych, nawiedzaj\u0105c cmentarze i odmawiaj\u0105c tam powy\u017csze modlitwy. W dniach od 1 do 8 listopada Odpust jest zupe\u0142ny, w pozosta\u0142ych dniach mamy mo\u017cliwo\u015b\u0107 zyskiwania Odpust&oacute;w cz\u0105stkowych.<\/li>\n<li>Mo\u017cliwo\u015b\u0107 Spowiedzi \u015bwi\u0119tej, codziennie, godzin\u0119 przed Msz\u0105 \u015bw.<\/li>\n<li>Codzienny r&oacute;\u017caniec z racji wypominek b\u0119dzie odmawiany o godz. 16.30. Imiona naszych zmar\u0142ych wypisujemy na karteczkach i mo\u017cemy je z\u0142o\u017cy\u0107 na tac\u0119, b\u0105d\u017a do koszyczka przed ambonk\u0105.<\/li>\n<li>Prosimy, aby przy porz\u0105dkowaniu grob&oacute;w naszych bliskich zmar\u0142ych, w spos&oacute;b w\u0142a\u015bciwy segregowa\u0107 wszelkie odpady.<\/li>\n<li>Na stoliku z gazetami znajdziemy r&oacute;wnie\u017c &bdquo;Kalendarz Rolnik&oacute;w&rdquo; w cenie 30 z\u0142.<\/li>\n<li>Sk\u0142adam serdeczne B&oacute;g zap\u0142a\u0107 dla os&oacute;b sprz\u0105taj\u0105cych i stroj\u0105cych ko\u015bci&oacute;\u0142 oraz za wszystkie ofiary sk\u0142adane na potrzeby parafii, w tym ofiary na utrzymanie pracownik&oacute;w ko\u015bcielnych i ogrzewanie ko\u015bcio\u0142a.<\/li>\n<\/ol>\n<h3 style=\"text-align: center;\"><strong><span style=\"color: rgb(0, 0, 128);\">Intencje mszalne<\/span><\/strong><\/h3>\n<h4 style=\"text-align: center;\"><strong><span style=\"color: rgb(0, 0, 128);\">od 28 pa\u017adziernika 2024 do 3 listopada 2024<\/span><\/strong><\/h4>\n<h4 style=\"text-align: center;\">&nbsp;<\/h4>\n<h4><strong>Gdyby zbyt d\u0142ugi czas nie by\u0142a og\u0142oszona zam&oacute;wiona intencja mszalna &ndash; prosimy o zg\u0142oszenie tego kap\u0142anowi.&nbsp; Zam&oacute;wiona intencja nie mo\u017ce zgin\u0105\u0107.<br \/>\n\t<\/strong><\/h4>\n<p><u><strong>Poniedzia\u0142ek &#8211; 28 pa\u017adziernik<br \/>\n\t<\/strong><\/u>1. + J&oacute;zef Mazur &ndash; (greg.)<br \/>\n\t2. + Marek Kojder &ndash; od Zofii Wierzbi\u0144skiej <br \/>\n\t3. + Tadeusz, Cecylia i Stanis\u0142aw \u015awizdor oraz + J&oacute;zef Olejarka<\/p>\n<p><u><strong>Wtorek &#8211; 29 pa\u017adziernik<br \/>\n\t<\/strong><\/u>1. + J&oacute;zef Mazur &ndash; (greg.)<br \/>\n\t2. + Cecylia i Ignacy Stafiej &ndash; rocznica \u015bmierci<br \/>\n\t3. + Wies\u0142aw Baran &ndash; 2 rocznica \u015bmierci<\/p>\n<p><u><strong>\u015aroda &#8211; 30 pa\u017adziernik<br \/>\n\t<\/strong><\/u>1. + J&oacute;zef Mazur &ndash; (zak. greg.)<br \/>\n\t2. + Jan Walanus &ndash; w rocznic\u0119 \u015bmierci <br \/>\n\t3. + Franciszek, Maria Cebulak; Stanis\u0142aw i siostra Czes\u0142awa<\/p>\n<p><u><strong>Czwartek &#8211; 31 pa\u017adziernik<\/strong><\/u><br \/>\n\t1. + Marek Kojder &ndash; od Dyrekcji i Pracownik&oacute;w Muzeum &ndash; Zamek w \u0141a\u0144cucie <br \/>\n\t2. + Maria Wikiera &ndash; od Jacka i Agnieszki Wikiera <br \/>\n\t3. + Aurelia i Boles\u0142aw Gromelscy<\/p>\n<p>\t<u><strong>Pi\u0105tek &#8211; 1 listopad<br \/>\n\t<\/strong><\/u>06.30 + Julia Pasiak &ndash; (pocz. greg.)<br \/>\n\t08.00 + Teresa, Stanis\u0142aw Cebula<br \/>\n\t08.00 + Stanis\u0142aw Rupar<br \/>\n\t10.30 Za parafian<br \/>\n\tok. 15.30 + Ks. Tadeusz Szmyd &ndash; od parafian<br \/>\n\tok. 15.30 Za zmar\u0142ych wspominanych w Wypominkach<\/p>\n<p><u><strong>Sobota &#8211; 2 listopad<br \/>\n\t<\/strong><\/u>06.30<br \/>\n\t1. + Julia Pasiak &ndash; (greg.);<br \/>\n\t2. Za wiernych zmar\u0142ych;<br \/>\n\t3. Wed\u0142ug intencji Ojca \u015bw. <br \/>\n\t07.00<br \/>\n\t1. Wed\u0142ug intencji Ojca \u015bw.;<br \/>\n\t2. + Janina i Stanis\u0142aw Wacnik i zmarli z rodziny;<br \/>\n\t3. Za wiernych zmar\u0142ych <br \/>\n\tok.15.45<br \/>\n\t1. Za wiernych zmar\u0142ych;<br \/>\n\t2. Wed\u0142ug intencji Ojca \u015bw.; <br \/>\n\t3. + Stanis\u0142aw, Paulina, Franciszek Bosak i zmarli z rodziny<\/p>\n<p><u><strong>Niedziela &#8211; 3 listopad<br \/>\n\t<\/strong><\/u>06.30 + Wikiera Micha\u0142, Wojciech, Antonina<br \/>\n\t08.00 W podzi\u0119kowaniu za 18 lat \u017cycia; z pro\u015bb\u0105 o dalsz\u0105 Bo\u017c\u0105 opiek\u0119 dla Weroniki <br \/>\n\t08.00 + Zofia, Tadeusz, Salomea, Jan Kr&oacute;l i Jan Kojder &ndash; od Stanis\u0142awa Kr&oacute;l z rodzin\u0105<br \/>\n\t10.30 Za parafian<br \/>\n\t15.00 + Julia Pasiak &ndash; (greg.)<\/p>\n<h3 style=\"text-align: center;\"><strong><span style=\"color: rgb(0, 0, 128);\">Modlitw\u0119 r&oacute;\u017ca\u0144cow\u0105 prowadz\u0105<\/span><\/strong><\/h3>\n<p>03. Nd. R&oacute;\u017ca \u015aw. Jadwigi Kr&oacute;lowej &ndash; (Halina Dyrda)<\/p>\n<p>Wyznaczona R&oacute;\u017ca jest proszona o prowadzenie modlitwy r&oacute;\u017ca\u0144cowej.<\/p>\n<h3 style=\"text-align: center;\"><strong><span style=\"color: rgb(0, 0, 128);\">Propozycja intencji do przekazania do odprawienia <br \/>\n\t<\/span><\/strong><strong><span style=\"color: rgb(0, 0, 128);\">w Wy\u017cszym Seminarium Duchownym w Przemy\u015blu<br \/>\n\t<\/span><\/strong><\/h3>\n<p>01.&nbsp;&nbsp;&nbsp; + J&oacute;zef Ciupi\u0144ski &ndash; od Dyrektor&oacute;w Plac&oacute;wek O\u015bwiatowych i Samorz\u0105dowych Gminy Bia\u0142obrzegi<br \/>\n\t02.&nbsp;&nbsp;&nbsp; + J&oacute;zef Ciupi\u0144ski &ndash; od Dyrektor&oacute;w Plac&oacute;wek O\u015bwiatowych i Samorz\u0105dowych Gminy Bia\u0142obrzegi<br \/>\n\t03.&nbsp;&nbsp;&nbsp; + J&oacute;zef Ciupi\u0144ski &ndash; od kol. i kol. syna Krzysztofa z firmy Transsystem<br \/>\n\t04.&nbsp;&nbsp;&nbsp; + J&oacute;zef Ciupi\u0144ski &ndash; od kol. i kol. syna Krzysztofa z firmy Transsystem <br \/>\n\t05.&nbsp;&nbsp;&nbsp; + J&oacute;zef Ciupi\u0144ski &ndash; od kol. i kol. syna Krzysztofa z firmy Transsystem <br \/>\n\t06.&nbsp;&nbsp;&nbsp; + J&oacute;zef Ciupi\u0144ski &ndash; od kol. i kol. syna Krzysztofa z firmy Transsystem <br \/>\n\t07.&nbsp;&nbsp;&nbsp; + J&oacute;zef Ciupi\u0144ski &ndash; od kol. i kol. syna Krzysztofa z firmy Transsystem <br \/>\n\t08.&nbsp;&nbsp;&nbsp; + J&oacute;zef Ciupi\u0144ski &ndash; od kol. i kol. syna Krzysztofa z firmy Transsystem <br \/>\n\t09.&nbsp;&nbsp;&nbsp; + J&oacute;zef Ciupi\u0144ski &ndash; od pracownik&oacute;w Centrum Us\u0142ug Wsp&oacute;lnych w Bia\u0142obrzegach<br \/>\n\t10.&nbsp;&nbsp;&nbsp; + J&oacute;zef Ciupi\u0144ski &ndash; od Katarzyny i Grzegorza \u0141uksik z rodzin\u0105 <br \/>\n\t11.&nbsp;&nbsp;&nbsp; + J&oacute;zef Ciupi\u0144ski &ndash; od Dyrekcji i Grona Pedagogicznego oraz Pracownik&oacute;w Zespo\u0142u Szk&oacute;\u0142 im. KEN w Woli Dalszej<br \/>\n\t12.&nbsp;&nbsp;&nbsp; + J&oacute;zef Ciupi\u0144ski &ndash; od Dzieci i rodzic&oacute;w klasy 3 Szko\u0142y Podstawowej nr 1 w Budach \u0141a\u0144cuckich<br \/>\n\t13.&nbsp;&nbsp;&nbsp; + J&oacute;zef Ciupi\u0144ski &ndash; od Dyrekcji i Pracownik&oacute;w O\u015brodka Pomocy Spo\u0142ecznej Gminy \u0141a\u0144cut<br \/>\n\t14.&nbsp;&nbsp;&nbsp; + J&oacute;zef Ciupi\u0144ski &ndash; od Dyrekcji i Pracownik&oacute;w O\u015brodka Pomocy Spo\u0142ecznej Gminy \u0141a\u0144cut<br \/>\n\t15.&nbsp;&nbsp;&nbsp; + J&oacute;zef Ciupi\u0144ski &ndash; od by\u0142ej Kierownik GOPS-u w \u0141a\u0144cucie<br \/>\n\t16.&nbsp;&nbsp;&nbsp; + Ma\u0142gorzata Kotli\u0144ska &ndash; od rodziny Witowskich i J\u0119drzejec<br \/>\n\t17.&nbsp;&nbsp;&nbsp; + Ma\u0142gorzata Kotli\u0144ska &ndash; od rodziny Bie\u0144kowskich<br \/>\n\t18.&nbsp;&nbsp;&nbsp; + Ma\u0142gorzata Kotli\u0144ska &ndash; od rodziny Weso\u0142owskich i Motyki<br \/>\n\t19.&nbsp;&nbsp;&nbsp; + Ma\u0142gorzata Kotli\u0144ska &ndash; od rodziny Kus&oacute;w i Grocholskich<br \/>\n\t20.&nbsp;&nbsp;&nbsp; + Ma\u0142gorzata Kotli\u0144ska &ndash; od uczni&oacute;w wraz z rodzicami z klasy 6<\/p>\n","protected":false},"excerpt":{"rendered":"<p>Uroczysto\u015b\u0107 Rocznicy Po\u015bwi\u0119cenia W\u0142asnego Ko\u015bcio\u0142a &#8211; 27-10-2024 Og\u0142oszenia Dzi\u015b Uroczysto\u015b\u0107 rocznicy po\u015bwi\u0119cenia w\u0142asnego ko\u015bcio\u0142a. O godz. 15.00 Nabo\u017ce\u0144stwo R&oacute;\u017ca\u0144cowe, a potem Msza \u015bw. W tym tygodniu w Liturgii Ko\u015bcio\u0142a wspominamy: &hellip; <a href=\"https:\/\/budy.przemyska.pl\/index.php\/2024\/10\/27\/ogloszenia-parafialne-27-pazdziernik-2024\/\" class=\"more-link\">Czytaj dalej <span class=\"screen-reader-text\">Og\u0142oszenia parafialne 27 pa\u017adziernik 2024<\/span> <span class=\"meta-nav\">&rarr;<\/span><\/a><\/p>\n","protected":false},"author":1,"featured_media":0,"comment_status":"closed","ping_status":"closed","sticky":false,"template":"","format":"standard","meta":{"footnotes":""},"categories":[6,4],"tags":[],"class_list":["post-3886","post","type-post","status-publish","format-standard","hentry","category-aktualnosci","category-ogloszenia"],"_links":{"self":[{"href":"https:\/\/budy.przemyska.pl\/index.php\/wp-json\/wp\/v2\/posts\/3886","targetHints":{"allow":["GET"]}}],"collection":[{"href":"https:\/\/budy.przemyska.pl\/index.php\/wp-json\/wp\/v2\/posts"}],"about":[{"href":"https:\/\/budy.przemyska.pl\/index.php\/wp-json\/wp\/v2\/types\/post"}],"author":[{"embeddable":true,"href":"https:\/\/budy.przemyska.pl\/index.php\/wp-json\/wp\/v2\/users\/1"}],"replies":[{"embeddable":true,"href":"https:\/\/budy.przemyska.pl\/index.php\/wp-json\/wp\/v2\/comments?post=3886"}],"version-history":[{"count":0,"href":"https:\/\/budy.przemyska.pl\/index.php\/wp-json\/wp\/v2\/posts\/3886\/revisions"}],"wp:attachment":[{"href":"https:\/\/budy.przemyska.pl\/index.php\/wp-json\/wp\/v2\/media?parent=3886"}],"wp:term":[{"taxonomy":"category","embeddable":true,"href":"https:\/\/budy.przemyska.pl\/index.php\/wp-json\/wp\/v2\/categories?post=3886"},{"taxonomy":"post_tag","embeddable":true,"href":"https:\/\/budy.przemyska.pl\/index.php\/wp-json\/wp\/v2\/tags?post=3886"}],"curies":[{"name":"wp","href":"https:\/\/api.w.org\/{rel}","templated":true}]}}