{"id":3883,"date":"2024-10-20T12:38:59","date_gmt":"2024-10-20T10:38:59","guid":{"rendered":"http:\/\/www.budylancuckie.przemyska.pl\/?p=3883"},"modified":"2024-10-20T12:38:59","modified_gmt":"2024-10-20T10:38:59","slug":"ogloszenia-parafialne-20-pazdziernik-2024","status":"publish","type":"post","link":"https:\/\/budy.przemyska.pl\/index.php\/2024\/10\/20\/ogloszenia-parafialne-20-pazdziernik-2024\/","title":{"rendered":"Og\u0142oszenia parafialne 20 pa\u017adziernik 2024"},"content":{"rendered":"<h2 style=\"text-align: center;\"><strong><span style=\"color: rgb(0, 0, 128);\">XXIX Niedziela Zwyk\u0142a &#8211; 20-10-2024<\/span><\/strong><\/h2>\n<h2 style=\"text-align: center;\"><strong><span style=\"color: rgb(0, 0, 128);\">Og\u0142oszenia<br \/>\n\t<\/span><\/strong><\/h2>\n<ol>\n<li>Dzi\u015b Niedziela Misyjna, kt&oacute;ra rozpoczyna w Ko\u015bciele Tydzie\u0144 Misyjny. W tym czasie wspieramy Misjonarzy nasz\u0105 modlitw\u0105. O godz. 15.00 Nabo\u017ce\u0144stwo R&oacute;\u017ca\u0144cowe, a po Nim Msza \u015bw.<\/li>\n<li>W tym tygodniu w Liturgii Ko\u015bcio\u0142a wspominamy: we wtorek &ndash; wspomnienie \u015bw. Jana Paw\u0142a II; w czwartek &ndash; wspomnienie b\u0142. ks. Jana Wojciecha Balickiego.<\/li>\n<li>W tych dniach wraz z ca\u0142ym Ko\u015bcio\u0142em w Polsce odchodzimy 40 rocznic\u0119 m\u0119cze\u0144skiej \u015bmierci b\u0142. ks. Jerzego Popie\u0142uszko.<\/li>\n<li>W czwartek Adoracja Naj\u015bwi\u0119tszego Sakramentu od godz. 16.00.<\/li>\n<li>Bardzo serdecznie zach\u0119camy do codziennego odmawiania Modlitwy R&oacute;\u017ca\u0144cowej. Codzienny R&oacute;\u017caniec w ko\u015bciele bezpo\u015brednio po Mszy \u015bw., w czwartek za\u015b na zako\u0144czenie Adoracji.<\/li>\n<li>Na stoliku z gazetami znajdziemy r&oacute;wnie\u017c kartki wypominkowe. Bardzo prosimy o ich czytelne wype\u0142nienie.<\/li>\n<li>Prosimy r&oacute;wnie\u017c, aby przy porz\u0105dkowaniu grob&oacute;w naszych bliskich zmar\u0142ych, w spos&oacute;b w\u0142a\u015bciwy segregowa\u0107 wszelkie odpady. Sami zadbajmy o porz\u0105dek na naszym cmentarzu.<\/li>\n<li>Sk\u0142adam serdeczne B&oacute;g zap\u0142a\u0107 dla os&oacute;b sprz\u0105taj\u0105cych i stroj\u0105cych ko\u015bci&oacute;\u0142 oraz za wszystkie ofiary sk\u0142adane na potrzeby parafii, w tym tak\u017ce na utrzymanie pracownik&oacute;w ko\u015bcielnych. <br \/>\n\t\tDzi\u0119kuj\u0119 r&oacute;wnie\u017c za przekazan\u0105 ofiar\u0119 na Parafi\u0119 by\u0142ej Radzie So\u0142eckiej. <\/li>\n<\/ol>\n<h3 style=\"text-align: center;\"><strong><span style=\"color: rgb(0, 0, 128);\">Intencje mszalne<\/span><\/strong><\/h3>\n<h4 style=\"text-align: center;\"><strong><span style=\"color: rgb(0, 0, 128);\">od 21 pa\u017adziernika 2024 do 27 pa\u017adziernika 2024<\/span><\/strong><\/h4>\n<h4 style=\"text-align: center;\">&nbsp;<\/h4>\n<h4><strong>Gdyby zbyt d\u0142ugi czas nie by\u0142a og\u0142oszona zam&oacute;wiona intencja mszalna &ndash; prosimy o zg\u0142oszenie tego kap\u0142anowi.&nbsp; Zam&oacute;wiona intencja nie mo\u017ce zgin\u0105\u0107.<br \/>\n\t<\/strong><\/h4>\n<p><u><strong>Poniedzia\u0142ek &#8211; 21 pa\u017adziernik<br \/>\n\t<\/strong><\/u>1. + J&oacute;zef Mazur &ndash; (greg.)<br \/>\n\t2. + Jan Blok &ndash; rocznica \u015bmierci <br \/>\n\t3. + Marek Kojder &ndash; od rodziny Ziemann<\/p>\n<p><u><strong>Wtorek &#8211; 22 pa\u017adziernik<br \/>\n\t<\/strong><\/u>1. + J&oacute;zef Mazur &ndash; (greg.)<br \/>\n\t2. + Marta Zi\u0119zio &ndash; rocznica \u015bmierci <br \/>\n\t3. + Stanis\u0142aw Cebula &ndash; od syna J&oacute;zefa<\/p>\n<p><u><strong>\u015aroda &#8211; 23 pa\u017adziernik<br \/>\n\t<\/strong><\/u>1. + J&oacute;zef Mazur &ndash; (greg.)<br \/>\n\t2. + Tadeusz Nowak oraz zmarli dziadkowie: Maria i Wojciech <br \/>\n\t3. + Stanis\u0142aw i Teresa Cebula &ndash; od rodziny Wo\u017aniak <\/p>\n<p><u><strong>Czwartek &#8211; 24 pa\u017adziernik<\/strong><\/u><br \/>\n\t1. + J&oacute;zef Mazur &ndash; (greg.) <br \/>\n\t2. + Maria Wikiera &ndash; od Jana Szczupaka<br \/>\n\t3. + Marek Kojder &ndash; od Adriana Rybak z Rodzin\u0105<\/p>\n<p>\t<u><strong>Pi\u0105tek &#8211; 25 pa\u017adziernik<br \/>\n\t<\/strong><\/u>1. + J&oacute;zef Mazur &ndash; (greg.)<br \/>\n\t2. + Helena Stafiej &ndash; w rocznic\u0119 \u015bmierci <br \/>\n\t3. + Stanis\u0142aw i Zofia Bartnik &ndash; rocznica \u015bmierci <\/p>\n<p><u><strong>Sobota &#8211; 26 pa\u017adziernik<br \/>\n\t<\/strong><\/u>1. + J&oacute;zef Mazur &ndash; (greg.) <br \/>\n\t2. + Maria Wikiera &ndash; od Jadwigi Kot z Rodzin\u0105<br \/>\n\t3. + Franciszek, Anna, Franciszek<\/p>\n<p><u><strong>Niedziela &#8211; 27 pa\u017adziernik<br \/>\n\t<\/strong><\/u>06.30 + Stanis\u0142aw Cebula &ndash; od wnuka Dominika z \u017con\u0105<br \/>\n\t08.00 + Janina, S. Augustyna Czes\u0142awa Marek, Genowefa Kie\u0142b<br \/>\n\t08.00 + Tadeusz, Maria i Wojciech Nowak<br \/>\n\t10.30 Za parafian<br \/>\n\t15.00 + J&oacute;zef Mazur &ndash; (greg.)<\/p>\n<h3 style=\"text-align: center;\"><strong><span style=\"color: rgb(0, 0, 128);\">Modlitw\u0119 r&oacute;\u017ca\u0144cow\u0105 prowadz\u0105<\/span><\/strong><\/h3>\n<p>27. Nd. R&oacute;\u017ca \u015aw. Genowefy &ndash; (Genowefa Dr\u0105\u017cek)<\/p>\n<p>Wyznaczona R&oacute;\u017ca jest proszona o prowadzenie modlitwy r&oacute;\u017ca\u0144cowej.<\/p>\n","protected":false},"excerpt":{"rendered":"<p>XXIX Niedziela Zwyk\u0142a &#8211; 20-10-2024 Og\u0142oszenia Dzi\u015b Niedziela Misyjna, kt&oacute;ra rozpoczyna w Ko\u015bciele Tydzie\u0144 Misyjny. W tym czasie wspieramy Misjonarzy nasz\u0105 modlitw\u0105. O godz. 15.00 Nabo\u017ce\u0144stwo R&oacute;\u017ca\u0144cowe, a po Nim &hellip; <a href=\"https:\/\/budy.przemyska.pl\/index.php\/2024\/10\/20\/ogloszenia-parafialne-20-pazdziernik-2024\/\" class=\"more-link\">Czytaj dalej <span class=\"screen-reader-text\">Og\u0142oszenia parafialne 20 pa\u017adziernik 2024<\/span> <span class=\"meta-nav\">&rarr;<\/span><\/a><\/p>\n","protected":false},"author":1,"featured_media":0,"comment_status":"closed","ping_status":"closed","sticky":false,"template":"","format":"standard","meta":{"footnotes":""},"categories":[6,4],"tags":[],"class_list":["post-3883","post","type-post","status-publish","format-standard","hentry","category-aktualnosci","category-ogloszenia"],"_links":{"self":[{"href":"https:\/\/budy.przemyska.pl\/index.php\/wp-json\/wp\/v2\/posts\/3883","targetHints":{"allow":["GET"]}}],"collection":[{"href":"https:\/\/budy.przemyska.pl\/index.php\/wp-json\/wp\/v2\/posts"}],"about":[{"href":"https:\/\/budy.przemyska.pl\/index.php\/wp-json\/wp\/v2\/types\/post"}],"author":[{"embeddable":true,"href":"https:\/\/budy.przemyska.pl\/index.php\/wp-json\/wp\/v2\/users\/1"}],"replies":[{"embeddable":true,"href":"https:\/\/budy.przemyska.pl\/index.php\/wp-json\/wp\/v2\/comments?post=3883"}],"version-history":[{"count":0,"href":"https:\/\/budy.przemyska.pl\/index.php\/wp-json\/wp\/v2\/posts\/3883\/revisions"}],"wp:attachment":[{"href":"https:\/\/budy.przemyska.pl\/index.php\/wp-json\/wp\/v2\/media?parent=3883"}],"wp:term":[{"taxonomy":"category","embeddable":true,"href":"https:\/\/budy.przemyska.pl\/index.php\/wp-json\/wp\/v2\/categories?post=3883"},{"taxonomy":"post_tag","embeddable":true,"href":"https:\/\/budy.przemyska.pl\/index.php\/wp-json\/wp\/v2\/tags?post=3883"}],"curies":[{"name":"wp","href":"https:\/\/api.w.org\/{rel}","templated":true}]}}