{"id":3881,"date":"2024-10-13T09:20:03","date_gmt":"2024-10-13T07:20:03","guid":{"rendered":"http:\/\/www.budylancuckie.przemyska.pl\/?p=3881"},"modified":"2024-10-13T09:20:03","modified_gmt":"2024-10-13T07:20:03","slug":"ogloszenia-parafialne-13-pazdziernik-2024","status":"publish","type":"post","link":"https:\/\/budy.przemyska.pl\/index.php\/2024\/10\/13\/ogloszenia-parafialne-13-pazdziernik-2024\/","title":{"rendered":"Og\u0142oszenia parafialne 13 pa\u017adziernik 2024"},"content":{"rendered":"<h2 style=\"text-align: center;\"><strong><span style=\"color: rgb(0, 0, 128);\">XXVIII Niedziela Zwyk\u0142a &#8211; 13-10-2024<\/span><\/strong><\/h2>\n<h2 style=\"text-align: center;\"><strong><span style=\"color: rgb(0, 0, 128);\">Og\u0142oszenia<br \/>\n\t<\/span><\/strong><\/h2>\n<ol>\n<li>Dzi\u015b wraz z ca\u0142ym Ko\u015bcio\u0142em w Polsce obchodzimy Dzie\u0144 Papieski. O godz. 15.00 Nabo\u017ce\u0144stwo R&oacute;\u017ca\u0144cowe, a po Nim Msza \u015bw.<\/li>\n<li>W tym tygodniu w Liturgii Ko\u015bcio\u0142a wspominamy: we wtorek &ndash; wspomnienie \u015bw. Teresy od Jezusa; w \u015brod\u0119 &ndash; wspomnienie \u015bw. Jadwigi \u015al\u0105skiej; w czwartek &ndash; wspomnienie \u015bw. Ignacego Antioche\u0144skiego; w pi\u0105tek &ndash; \u015awi\u0119to \u015bw. \u0141ukasza, Ewangelisty, patrona S\u0142u\u017cby Zdrowia.<\/li>\n<li>W czwartek Adoracja Naj\u015bwi\u0119tszego Sakramentu od godz. 16.00.<\/li>\n<li>Za tydzie\u0144 III niedziela miesi\u0105ca. W naszej parafii sk\u0142adka na inwestycje. <\/li>\n<li>Najbli\u017csza niedziela to r&oacute;wnie\u017c niedziela misyjna, rozpoczynaj\u0105ca w Ko\u015bciele Tydzie\u0144 Misyjny.<\/li>\n<li>Bardzo serdecznie zach\u0119camy do codziennego odmawiania Modlitwy R&oacute;\u017ca\u0144cowej. Codzienny R&oacute;\u017caniec w ko\u015bciele bezpo\u015brednio po Mszy \u015bw., w czwartek za\u015b na zako\u0144czenie Adoracji.<\/li>\n<li>Sk\u0142adam serdeczne B&oacute;g zap\u0142a\u0107 dla os&oacute;b sprz\u0105taj\u0105cych i stroj\u0105cych ko\u015bci&oacute;\u0142 oraz za wszystkie ofiary sk\u0142adane na potrzeby parafii, w tym tak\u017ce na utrzymanie pracownik&oacute;w ko\u015bcielnych. <\/li>\n<\/ol>\n<h3 style=\"text-align: center;\"><strong><span style=\"color: rgb(0, 0, 128);\">Intencje mszalne<\/span><\/strong><\/h3>\n<h4 style=\"text-align: center;\"><strong><span style=\"color: rgb(0, 0, 128);\">od 14 pa\u017adziernika 2024 do 20 pa\u017adziernika 2024<\/span><\/strong><\/h4>\n<h4 style=\"text-align: center;\">&nbsp;<\/h4>\n<h4><strong>Gdyby zbyt d\u0142ugi czas nie by\u0142a og\u0142oszona zam&oacute;wiona intencja mszalna &ndash; prosimy o zg\u0142oszenie tego kap\u0142anowi.&nbsp; Zam&oacute;wiona intencja nie mo\u017ce zgin\u0105\u0107.<br \/>\n\t<\/strong><\/h4>\n<p><u><strong>Poniedzia\u0142ek &#8211; 14 pa\u017adziernik<br \/>\n\t<\/strong><\/u>1. + J&oacute;zef Mazur &ndash; (greg.)<br \/>\n\t2. + Krystyna, Agata, Zbigniew Kie\u0142b <br \/>\n\t3. + Tomasz, Maria Kojder; Bronis\u0142aw Mach<\/p>\n<p><u><strong>Wtorek &#8211; 15 pa\u017adziernik<br \/>\n\t<\/strong><\/u>1. + J&oacute;zef Mazur &ndash; (greg.)<br \/>\n\t2. + Stanis\u0142aw i Franciszka Rupar <br \/>\n\t3. + Stanis\u0142aw Cebula &ndash; od rodziny Garbacz&oacute;w z Bielawy<\/p>\n<p><u><strong>\u015aroda &#8211; 16 pa\u017adziernik<br \/>\n\t<\/strong><\/u>1. + J&oacute;zef Mazur &ndash; (greg.)<br \/>\n\t2. + Stefania, Franciszek, Janina, Apolonia, Andrzej Kojder oraz + Anna, Jan Por\u0119bny <br \/>\n\t3. + Ma\u0142gorzata Kotli\u0144ska &ndash; od m\u0119\u017ca Tadeusza <\/p>\n<p><u><strong>Czwartek &#8211; 17 pa\u017adziernik<\/strong><\/u><br \/>\n\t1. + J&oacute;zef Mazur &ndash; (greg.) <br \/>\n\t2. + Teresa, Tomasz Mach<br \/>\n\t3. + Antoni, Maria, Marta, Maria Golenia<\/p>\n<p>\t<u><strong>Pi\u0105tek &#8211; 18 pa\u017adziernik<br \/>\n\t<\/strong><\/u>1. + J&oacute;zef Mazur &ndash; (greg.)<br \/>\n\t2. + Andrzej, Micha\u0142, J&oacute;zef Kie\u0142b <br \/>\n\t3. + Jan Gog&oacute;j, W\u0142adys\u0142aw Cebulak i zmarli z rodziny <\/p>\n<p><u><strong>Sobota &#8211; 19 pa\u017adziernik<br \/>\n\t<\/strong><\/u>1. + J&oacute;zef Mazur &ndash; (greg.) <br \/>\n\t2. Dzi\u0119kczynna; z pro\u015bb\u0105 o b\u0142og. Bo\u017ce i opiek\u0119 Matki Bo\u017cej dla Sylwii z okazji 18-tych urodzin <br \/>\n\t3. + Weronika i Agata Mach<\/p>\n<p><u><strong>Niedziela &#8211; 20 pa\u017adziernik<br \/>\n\t<\/strong><\/u>06.30 + Paulina, Franciszek Pelc oraz + Krystyna, Stanis\u0142aw Czyrek i zmarli z rodziny <br \/>\n\t08.00 Dzi\u0119kczynna za otrzymane \u0142aski; z pro\u015bb\u0105 o b\u0142og. Bo\u017ce dla Agaty i Wac\u0142awa w 20 -t\u0105 rocznic\u0119 \u015blubu<br \/>\n\t08.00 + Kazimierz Kania (r. \u015bm.) &ndash; od syna z Rodzin\u0105<br \/>\n\t10.30 Za parafian<br \/>\n\t15.00 + J&oacute;zef Mazur &ndash; (greg.)<\/p>\n<h3 style=\"text-align: center;\"><strong><span style=\"color: rgb(0, 0, 128);\">Modlitw\u0119 r&oacute;\u017ca\u0144cow\u0105 prowadz\u0105<\/span><\/strong><\/h3>\n<p>20. Nd. R&oacute;\u017ca \u015aw. Faustyny &ndash; (Eugenia \u015awizdor)<\/p>\n<p>Wyznaczona R&oacute;\u017ca jest proszona o prowadzenie modlitwy r&oacute;\u017ca\u0144cowej.<\/p>\n<h3 style=\"text-align: center;\"><strong><span style=\"color: rgb(0, 0, 128);\">Propozycja intencji do przekazania do odprawienia <br \/>\n\t<\/span><\/strong><strong><span style=\"color: rgb(0, 0, 128);\">w Wy\u017cszym Seminarium Duchownym w Przemy\u015blu<br \/>\n\t<\/span><\/strong><\/h3>\n<p>01.&nbsp;&nbsp;&nbsp; + Stanis\u0142aw Cebula &ndash; od parafian ze Zg\u0142obnia<br \/>\n\t02.&nbsp;&nbsp;&nbsp; + Stanis\u0142aw Cebula &ndash; od parafian ze Zg\u0142obnia<br \/>\n\t03.&nbsp;&nbsp;&nbsp; + Stanis\u0142aw Cebula &ndash; od parafian ze Zg\u0142obnia<br \/>\n\t04.&nbsp;&nbsp;&nbsp; + Stanis\u0142aw Cebula &ndash; od parafian ze Zg\u0142obnia<br \/>\n\t05.&nbsp;&nbsp;&nbsp; + Janusz Buty\u0144ski &ndash; od Micha\u0142a i Karoliny<br \/>\n\t06.&nbsp;&nbsp;&nbsp; + Ma\u0142gorzata Kotli\u0144ska &ndash; od kol. i kol. syna Jakuba z KPP w \u0141a\u0144.<br \/>\n\t07.&nbsp;&nbsp;&nbsp; + Ma\u0142gorzata Kotli\u0144ska &ndash; od kol. i kol. syna Jakuba z KPP w \u0141a\u0144.<br \/>\n\t08.&nbsp;&nbsp;&nbsp; + Ma\u0142gorzata Kotli\u0144ska &ndash; od Kol. i kol. syna Jakuba z KPP w \u0141a\u0144.<br \/>\n\t09.&nbsp;&nbsp;&nbsp; + Ma\u0142gorzata Kotli\u0144ska &ndash; od kol. i kol. syna Jakuba z KPP w \u0141a\u0144.<br \/>\n\t10.&nbsp;&nbsp;&nbsp; + Ma\u0142gorzata Kotli\u0144ska &ndash; od kol. i kol. syna Jakuba z KPP w \u0141a\u0144.<br \/>\n\t11.&nbsp;&nbsp;&nbsp; + Ma\u0142gorzata Kotli\u0144ska &ndash; od kol. i kol. Syna Jakuba z KPP w \u0141a\u0144.<br \/>\n\t12.&nbsp;&nbsp;&nbsp; + Ma\u0142gorzata Kotli\u0144ska &ndash; od kol. i kol. z Inspekcji<\/p>\n<p>&nbsp;<\/p>\n","protected":false},"excerpt":{"rendered":"<p>XXVIII Niedziela Zwyk\u0142a &#8211; 13-10-2024 Og\u0142oszenia Dzi\u015b wraz z ca\u0142ym Ko\u015bcio\u0142em w Polsce obchodzimy Dzie\u0144 Papieski. O godz. 15.00 Nabo\u017ce\u0144stwo R&oacute;\u017ca\u0144cowe, a po Nim Msza \u015bw. W tym tygodniu w &hellip; <a href=\"https:\/\/budy.przemyska.pl\/index.php\/2024\/10\/13\/ogloszenia-parafialne-13-pazdziernik-2024\/\" class=\"more-link\">Czytaj dalej <span class=\"screen-reader-text\">Og\u0142oszenia parafialne 13 pa\u017adziernik 2024<\/span> <span class=\"meta-nav\">&rarr;<\/span><\/a><\/p>\n","protected":false},"author":1,"featured_media":0,"comment_status":"closed","ping_status":"closed","sticky":false,"template":"","format":"standard","meta":{"footnotes":""},"categories":[6,4],"tags":[],"class_list":["post-3881","post","type-post","status-publish","format-standard","hentry","category-aktualnosci","category-ogloszenia"],"_links":{"self":[{"href":"https:\/\/budy.przemyska.pl\/index.php\/wp-json\/wp\/v2\/posts\/3881","targetHints":{"allow":["GET"]}}],"collection":[{"href":"https:\/\/budy.przemyska.pl\/index.php\/wp-json\/wp\/v2\/posts"}],"about":[{"href":"https:\/\/budy.przemyska.pl\/index.php\/wp-json\/wp\/v2\/types\/post"}],"author":[{"embeddable":true,"href":"https:\/\/budy.przemyska.pl\/index.php\/wp-json\/wp\/v2\/users\/1"}],"replies":[{"embeddable":true,"href":"https:\/\/budy.przemyska.pl\/index.php\/wp-json\/wp\/v2\/comments?post=3881"}],"version-history":[{"count":0,"href":"https:\/\/budy.przemyska.pl\/index.php\/wp-json\/wp\/v2\/posts\/3881\/revisions"}],"wp:attachment":[{"href":"https:\/\/budy.przemyska.pl\/index.php\/wp-json\/wp\/v2\/media?parent=3881"}],"wp:term":[{"taxonomy":"category","embeddable":true,"href":"https:\/\/budy.przemyska.pl\/index.php\/wp-json\/wp\/v2\/categories?post=3881"},{"taxonomy":"post_tag","embeddable":true,"href":"https:\/\/budy.przemyska.pl\/index.php\/wp-json\/wp\/v2\/tags?post=3881"}],"curies":[{"name":"wp","href":"https:\/\/api.w.org\/{rel}","templated":true}]}}