{"id":3879,"date":"2024-10-06T09:58:21","date_gmt":"2024-10-06T07:58:21","guid":{"rendered":"http:\/\/www.budylancuckie.przemyska.pl\/?p=3879"},"modified":"2024-10-06T09:58:21","modified_gmt":"2024-10-06T07:58:21","slug":"ogloszenia-parafialne-6-pazdziernik-2024","status":"publish","type":"post","link":"https:\/\/budy.przemyska.pl\/index.php\/2024\/10\/06\/ogloszenia-parafialne-6-pazdziernik-2024\/","title":{"rendered":"Og\u0142oszenia parafialne 6 pa\u017adziernik 2024"},"content":{"rendered":"<h2 style=\"text-align: center;\"><strong><span style=\"color: rgb(0, 0, 128);\">XXVII Niedziela Zwyk\u0142a &#8211; 06-10-2024<\/span><\/strong><\/h2>\n<h2 style=\"text-align: center;\"><strong><span style=\"color: rgb(0, 0, 128);\">Og\u0142oszenia<br \/>\n\t<\/span><\/strong><\/h2>\n<ol>\n<li>Dzi\u015b o godz. 15.00 Nabo\u017ce\u0144stwo R&oacute;\u017ca\u0144cowe, a po Nim Msza \u015bw.<\/li>\n<li>W tym tygodniu w Liturgii Ko\u015bcio\u0142a wspominamy: w poniedzia\u0142ek &ndash; wspomnienie NMP R&oacute;\u017ca\u0144cowej.<\/li>\n<li>W czwartek Adoracja Naj\u015bwi\u0119tszego Sakramentu od godz. 16.00. <br \/>\n\t\tPo Mszy \u015bw. spotkanie Akcji Katolickiej.<\/li>\n<li>Bardzo serdecznie zach\u0119camy do codziennego odmawiania Modlitwy R&oacute;\u017ca\u0144cowej. Codzienny R&oacute;\u017caniec w ko\u015bciele bezpo\u015brednio po Mszy \u015bw., ale mo\u017cemy r&oacute;wnie\u017c modli\u0107 si\u0119 w naszych rodzinach, czy te\u017c indywidualnie. Zapraszamy dzieci i m\u0142odzie\u017c, ale te\u017c i wszystkich Parafian, kt&oacute;rym na sercu le\u017cy pro\u015bba Matki Bo\u017cej o codzienne odmawianie Modlitwy R&oacute;\u017ca\u0144cowej.<\/li>\n<li>Sk\u0142adam serdeczne B&oacute;g zap\u0142a\u0107 dla os&oacute;b sprz\u0105taj\u0105cych i stroj\u0105cych ko\u015bci&oacute;\u0142 oraz za wszystkie ofiary sk\u0142adane na potrzeby parafii, w tym tak\u017ce na utrzymanie pracownik&oacute;w ko\u015bcielnych.<\/li>\n<li>Zbi&oacute;rka na powodzian z ostatniej niedzieli wynios\u0142a 16 250 z\u0142. Ofiary te, poprzez Caritas, trafi\u0105 do potrzebuj\u0105cych. <\/li>\n<\/ol>\n<h3 style=\"text-align: center;\"><strong><span style=\"color: rgb(0, 0, 128);\">Intencje mszalne<\/span><\/strong><\/h3>\n<h4 style=\"text-align: center;\"><strong><span style=\"color: rgb(0, 0, 128);\">od 7 pa\u017adziernika 2024 do 13 pa\u017adziernika 2024<\/span><\/strong><\/h4>\n<h4 style=\"text-align: center;\">&nbsp;<\/h4>\n<h4><strong>Gdyby zbyt d\u0142ugi czas nie by\u0142a og\u0142oszona zam&oacute;wiona intencja mszalna &ndash; prosimy o zg\u0142oszenie tego kap\u0142anowi.&nbsp; Zam&oacute;wiona intencja nie mo\u017ce zgin\u0105\u0107.<br \/>\n\t<\/strong><\/h4>\n<p><u><strong>Poniedzia\u0142ek &#8211; 7 pa\u017adziernik<br \/>\n\t<\/strong><\/u>1. + J&oacute;zef Mazur &ndash; (greg.)<br \/>\n\t2. Dzi\u0119kczynna; z pro\u015bb\u0105 o zdrowie i b\u0142og. Bo\u017ce, z okazji urodzin Mamy &ndash; od c&oacute;rki Agnieszki z rodzin\u0105 <br \/>\n\t3. + Stanis\u0142aw, Anna Kruk<\/p>\n<p><u><strong>Wtorek &#8211; 8 pa\u017adziernik<br \/>\n\t<\/strong><\/u>1. + J&oacute;zef Mazur &ndash; (greg.)<br \/>\n\t2. O \u0142ask\u0119 zdrowia<br \/>\n\t3. + W\u0142adys\u0142awa i W\u0142adys\u0142aw Por\u0119bny<\/p>\n<p><u><strong>\u015aroda &#8211; 9 pa\u017adziernik<br \/>\n\t<\/strong><\/u>1. + J&oacute;zef Mazur &ndash; (greg.)<br \/>\n\t2. + El\u017cbieta, Barbara, Andrzej, Stanis\u0142aw Malach <br \/>\n\t3. + Agnieszka Cebulak &ndash; od c&oacute;rki z Chicago <\/p>\n<p><u><strong>Czwartek &#8211; 10 pa\u017adziernik<\/strong><\/u><br \/>\n\t1. + J&oacute;zef Mazur &ndash; (greg.) <br \/>\n\t2. + Marek Kojder &ndash; od Heleny Rupar z rodzin\u0105<br \/>\n\t3. + Stanis\u0142aw Cebula &ndash; od c&oacute;rki z rodzin\u0105<\/p>\n<p>\t<u><strong>Pi\u0105tek &#8211; 11 pa\u017adziernik<br \/>\n\t<\/strong><\/u>1. + J&oacute;zef Mazur &ndash; (greg.)<br \/>\n\t2. + Marek Kojder &ndash; od babci Kozery <br \/>\n\t3. + Boles\u0142aw Migas &ndash; od Eli Soja z rodzin\u0105 <\/p>\n<p><u><strong>Sobota &#8211; 12 pa\u017adziernik<br \/>\n\t<\/strong><\/u>1. + J&oacute;zef Mazur &ndash; (greg.) <br \/>\n\t2. + Boles\u0142aw Migas &ndash; od Marii Siwak<br \/>\n\t3. + Marcin Rupar &ndash; w rocznic\u0119 \u015bmierci<\/p>\n<p><u><strong>Niedziela &#8211; 13 pa\u017adziernik<br \/>\n\t<\/strong><\/u>06.30 + Stanis\u0142aw Cebula &ndash; od syna Jana <br \/>\n\t08.00 O b\u0142og. Bo\u017ce i opiek\u0119 Matki Bo\u017cej dla Dawida w dniu 18-stych urodzin<br \/>\n\t08.00 Za parafian<br \/>\n\t10.30 Dzi\u0119kczynna w 6 rocz. \u015blubu Joanny i Piotra oraz o b\u0142og. Bo\u017ce w 1 rocz. urodzin dla Marysi i o opiek\u0119 Matki Bo\u017cej dla rodziny<br \/>\n\t15.00 + J&oacute;zef Mazur &ndash; (greg.)<\/p>\n<h3 style=\"text-align: center;\"><strong><span style=\"color: rgb(0, 0, 128);\">Modlitw\u0119 r&oacute;\u017ca\u0144cow\u0105 prowadz\u0105<\/span><\/strong><\/h3>\n<p>07. Pn. Akcja Katolicka &ndash; (Modlitwy w intencji Rodzin)<br \/>\n\t10. Cz. Akcja Katolicka <br \/>\n\t13. Nd. R&oacute;\u017ca \u015aw. El\u017cbiety &ndash; (Alina Trojnar)<\/p>\n<p>Wyznaczona R&oacute;\u017ca jest proszona o prowadzenie modlitwy r&oacute;\u017ca\u0144cowej.<\/p>\n","protected":false},"excerpt":{"rendered":"<p>XXVII Niedziela Zwyk\u0142a &#8211; 06-10-2024 Og\u0142oszenia Dzi\u015b o godz. 15.00 Nabo\u017ce\u0144stwo R&oacute;\u017ca\u0144cowe, a po Nim Msza \u015bw. W tym tygodniu w Liturgii Ko\u015bcio\u0142a wspominamy: w poniedzia\u0142ek &ndash; wspomnienie NMP R&oacute;\u017ca\u0144cowej. &hellip; <a href=\"https:\/\/budy.przemyska.pl\/index.php\/2024\/10\/06\/ogloszenia-parafialne-6-pazdziernik-2024\/\" class=\"more-link\">Czytaj dalej <span class=\"screen-reader-text\">Og\u0142oszenia parafialne 6 pa\u017adziernik 2024<\/span> <span class=\"meta-nav\">&rarr;<\/span><\/a><\/p>\n","protected":false},"author":1,"featured_media":0,"comment_status":"closed","ping_status":"closed","sticky":false,"template":"","format":"standard","meta":{"footnotes":""},"categories":[6,4],"tags":[],"class_list":["post-3879","post","type-post","status-publish","format-standard","hentry","category-aktualnosci","category-ogloszenia"],"_links":{"self":[{"href":"https:\/\/budy.przemyska.pl\/index.php\/wp-json\/wp\/v2\/posts\/3879","targetHints":{"allow":["GET"]}}],"collection":[{"href":"https:\/\/budy.przemyska.pl\/index.php\/wp-json\/wp\/v2\/posts"}],"about":[{"href":"https:\/\/budy.przemyska.pl\/index.php\/wp-json\/wp\/v2\/types\/post"}],"author":[{"embeddable":true,"href":"https:\/\/budy.przemyska.pl\/index.php\/wp-json\/wp\/v2\/users\/1"}],"replies":[{"embeddable":true,"href":"https:\/\/budy.przemyska.pl\/index.php\/wp-json\/wp\/v2\/comments?post=3879"}],"version-history":[{"count":0,"href":"https:\/\/budy.przemyska.pl\/index.php\/wp-json\/wp\/v2\/posts\/3879\/revisions"}],"wp:attachment":[{"href":"https:\/\/budy.przemyska.pl\/index.php\/wp-json\/wp\/v2\/media?parent=3879"}],"wp:term":[{"taxonomy":"category","embeddable":true,"href":"https:\/\/budy.przemyska.pl\/index.php\/wp-json\/wp\/v2\/categories?post=3879"},{"taxonomy":"post_tag","embeddable":true,"href":"https:\/\/budy.przemyska.pl\/index.php\/wp-json\/wp\/v2\/tags?post=3879"}],"curies":[{"name":"wp","href":"https:\/\/api.w.org\/{rel}","templated":true}]}}