{"id":3875,"date":"2024-09-29T19:43:47","date_gmt":"2024-09-29T17:43:47","guid":{"rendered":"http:\/\/www.budylancuckie.przemyska.pl\/?p=3875"},"modified":"2024-09-29T19:43:47","modified_gmt":"2024-09-29T17:43:47","slug":"ogloszenia-parafialne-29-wrzesien-2024","status":"publish","type":"post","link":"https:\/\/budy.przemyska.pl\/index.php\/2024\/09\/29\/ogloszenia-parafialne-29-wrzesien-2024\/","title":{"rendered":"Og\u0142oszenia parafialne 29 wrzesie\u0144 2024"},"content":{"rendered":"<h2 style=\"text-align: center;\"><strong><span style=\"color: rgb(0, 0, 128);\">XXVI Niedziela Zwyk\u0142a &#8211; 29-09-2024<\/span><\/strong><\/h2>\n<h2 style=\"text-align: center;\"><strong><span style=\"color: rgb(0, 0, 128);\">Og\u0142oszenia<br \/>\n\t<\/span><\/strong><\/h2>\n<ol>\n<li>Dzi\u015b o godz. 15.00 Nabo\u017ce\u0144stwo do \u015bw. J&oacute;zefa, a po Nim Msza \u015bw.<\/li>\n<li>W tym tygodniu w Liturgii Ko\u015bcio\u0142a wspominamy: w poniedzia\u0142ek &ndash; wspomnienie \u015bw. Hieronima; we wtorek &ndash; wspomnienie \u015bw. Teresy od Dzieciatka Jezus; w \u015brod\u0119 &ndash; wspomnienie \u015awi\u0119tych Anio\u0142&oacute;w Str&oacute;\u017c&oacute;w; w pi\u0105tek &ndash; wspomnienie \u015bw. Franciszka z Asy\u017cu; w sobot\u0119 &ndash; wspomnienie \u015bw. Faustyny Kowalskiej.<\/li>\n<li>Od jutra Msze \u015bw. b\u0119d\u0105 odprawiane o godz. 17.00. Jutro, po Mszy \u015bw., spotkanie dla samych rodzic&oacute;w dzieci, kt&oacute;re przygotowuj\u0105 si\u0119 do I Komunii \u015bw.<\/li>\n<li>W tym tygodniu wypada I czwartek, I pi\u0105tek i I sobota miesi\u0105ca.<br \/>\n\t\tW I czwartek Adoracja Naj\u015bwi\u0119tszego Sakramentu od godz. 16.00. <br \/>\n\t\tW spos&oacute;b szczeg&oacute;lny modlimy si\u0119 o \u0142ask\u0119 powo\u0142a\u0144 do S\u0142u\u017cby Bo\u017cej i za powo\u0142anych.<\/li>\n<li>W I pi\u0105tek oddajemy cze\u015b\u0107 Naj\u015bwi\u0119tszemu Sercu Pana Jezusa. Msza \u015bw. rano o godz. 06.45 oraz o godz. 17.00. Po rannej Mszy \u015bw. odwiedziny chorych z Komuni\u0105 \u015bw. Po Mszach \u015bw. nabo\u017ce\u0144stwo do Naj\u015bwi\u0119tszego Serca Pana Jezusa.<\/li>\n<li>W I sobot\u0119 oddajemy cze\u015b\u0107 Niepokalanemu Sercu NMP. Msza \u015bw. o godz. 17.00, po Niej Nabo\u017ce\u0144stwo R&oacute;\u017ca\u0144cowe, procesja z figur\u0105 Matki Bo\u017cej Fatimskiej i zmiana tajemnic r&oacute;\u017ca\u0144cowych. <br \/>\n\t\tW tym te\u017c dniu dzieci przygotowuj\u0105ce si\u0119 do I Komunii \u015bw. otrzymaj\u0105 po\u015bwi\u0119cone r&oacute;\u017ca\u0144ce. Bardzo serdecznie zapraszamy wszystkie dzieci, ich rodzic&oacute;w i bliskich na to wydarzenie.<\/li>\n<li>Serdecznie zach\u0119camy do uczestnictwa w codziennej Modlitwie R&oacute;\u017ca\u0144cowej, kt&oacute;r\u0105 rozpoczynamy od wtorku, po Mszy \u015bw. T\u0119 zach\u0119t\u0119 szczeg&oacute;lnie kierujemy do dzieci szkolnych i m\u0142odzie\u017cy, przygotowuj\u0105cych si\u0119 do I Komunii \u015bw. i Sakramentu Bierzmowania. R&oacute;wnocze\u015bnie zwracamy si\u0119 do Wszystkich Parafian, aby ten pa\u017adziernikowy miesi\u0105c, po\u015bwi\u0119cony odmawianiu Modlitwy R&oacute;\u017ca\u0144cowej, by\u0142 rzeczywi\u015bcie naszym wo\u0142aniem do Boga za przyczyn\u0105 NMP, o potrzebne \u0142aski i dary, tak bardzo potrzebne w naszym \u017cyciu.<\/li>\n<li>Sk\u0142adam serdeczne B&oacute;g zap\u0142a\u0107 dla os&oacute;b sprz\u0105taj\u0105cych i stroj\u0105cych ko\u015bci&oacute;\u0142 oraz za wszystkie ofiary sk\u0142adane na potrzeby parafii, w tym tak\u017ce na utrzymanie pracownik&oacute;w ko\u015bcielnych.<\/li>\n<\/ol>\n<h3 style=\"text-align: center;\"><strong><span style=\"color: rgb(0, 0, 128);\">Intencje mszalne<\/span><\/strong><\/h3>\n<h4 style=\"text-align: center;\"><strong><span style=\"color: rgb(0, 0, 128);\">od 30 wrze\u015bnia 2024 do 6 pa\u017adziernika 2024<\/span><\/strong><\/h4>\n<h4 style=\"text-align: center;\">&nbsp;<\/h4>\n<h4><strong>Gdyby zbyt d\u0142ugi czas nie by\u0142a og\u0142oszona zam&oacute;wiona intencja mszalna &ndash; prosimy o zg\u0142oszenie tego kap\u0142anowi.&nbsp; Zam&oacute;wiona intencja nie mo\u017ce zgin\u0105\u0107.<br \/>\n\t<\/strong><\/h4>\n<p><u><strong>Poniedzia\u0142ek &#8211; 30 wrzesie\u0144<br \/>\n\t<\/strong><\/u>1. + Boles\u0142aw Migas &ndash; (zak. greg.)<br \/>\n\t2. + J&oacute;zef Konieczny &ndash; od rodziny Nawrot&oacute;w <br \/>\n\t3. + Edward Murat&oacute;w &ndash; od Damiana z rodzin\u0105<\/p>\n<p><u><strong>Wtorek &#8211; 1 pa\u017adziernik<br \/>\n\t<\/strong><\/u>1. + J&oacute;zef Mazur &ndash; (pocz. greg.)<br \/>\n\t2. + Teresa, Tomasz Mach<br \/>\n\t3. + Emilia, Franciszek, Tadeusz Mach<\/p>\n<p><u><strong>\u015aroda &#8211; 2 pa\u017adziernik<br \/>\n\t<\/strong><\/u>1. + J&oacute;zef Mazur &ndash; (greg.)<br \/>\n\t2. + Marek Kojder &ndash; od rodziny Blok&oacute;w <br \/>\n\t3. Za zmar\u0142ych z rodziny Siuzdak i Zygmunt<\/p>\n<p><u><strong>Czwartek &#8211; 3 pa\u017adziernik<\/strong><\/u><br \/>\n\t1. + J&oacute;zef Mazur &ndash; (greg.) <br \/>\n\t2. + Boles\u0142aw Migas &ndash; od Anny Pieluszczak<br \/>\n\t3. + Maria Wikiera &ndash; od rodziny Preis&oacute;w<\/p>\n<p>\t<u><strong>Pi\u0105tek &#8211; 4 pa\u017adziernik<br \/>\n\t<\/strong><\/u>06.45 + J&oacute;zef Mazur &ndash; (greg.)<br \/>\n\t06.45 + J&oacute;zef Konieczny &ndash; od rodziny Kurk&oacute;w <br \/>\n\t17.00 + Tomasz, Agata Kruk<br \/>\n\t17.00 + Stanis\u0142aw Cebulak &ndash; 23 rocznica \u015bmierci<\/p>\n<p><u><strong>Sobota &#8211; 5 pa\u017adziernik<br \/>\n\t<\/strong><\/u>1. + J&oacute;zef Mazur &ndash; (greg.) <br \/>\n\t2. + Zofia, Stanis\u0142aw Skiba i ich Rodzice<br \/>\n\t3. + Bogus\u0142aw Czyrek (3 r. \u015bm.) i zmarli z rodziny<\/p>\n<p><u><strong>Niedziela &#8211; 6 pa\u017adziernik<br \/>\n\t<\/strong><\/u>06.30 + Zofia Wikiera (r. \u015bm.), Stanis\u0142aw, El\u017cbieta, Antoni oraz + Aleksandra Kojder <br \/>\n\t08.00 Dzi\u0119kczynna za otrzymane \u0142aski; z pro\u015bb\u0105 o b\u0142og. Bo\u017ce dla Marii &ndash; od Rodziny<br \/>\n\t08.00 W intencji rodziny Bartnik&oacute;w<br \/>\n\t10.30 Za parafian<br \/>\n\t15.00 + J&oacute;zef Mazur &ndash; (greg.)<\/p>\n<h3 style=\"text-align: center;\"><strong><span style=\"color: rgb(0, 0, 128);\">Modlitw\u0119 r&oacute;\u017ca\u0144cow\u0105 prowadz\u0105<\/span><\/strong><\/h3>\n<p>30. Pn. R&oacute;\u017ca \u015aw. Zofii &ndash; (Zofia Kurek)<br \/>\n\t03. Cz. Dzie\u0142o Pomocy Powo\u0142aniom &ndash; (Anna Szular) <br \/>\n\t06. Nd. R&oacute;\u017ca \u015aw. Cecylii &ndash; (Krystyna Markowicz)<\/p>\n<p>Wyznaczona R&oacute;\u017ca jest proszona o prowadzenie modlitwy r&oacute;\u017ca\u0144cowej.<\/p>\n<h3 style=\"text-align: center;\"><strong><span style=\"color: rgb(0, 0, 128);\">Propozycja intencji do przekazania do odprawienia <br \/>\n\t<\/span><\/strong><strong><span style=\"color: rgb(0, 0, 128);\">w Wy\u017cszym Seminarium Duchownym w Przemy\u015blu<br \/>\n\t<\/span><\/strong><\/h3>\n<p>01.&nbsp;&nbsp;&nbsp; + Marek Kojder &ndash; od Eleonory i Teresy W\u0142adyka i rodziny Cisk&oacute;w z \u0141a\u0144cuta<br \/>\n\t02.&nbsp;&nbsp;&nbsp; + Marek Kojder &ndash; od Aliny \u017belaznej (Muzeum &#8211; Zamek w \u0141a\u0144cucie)<br \/>\n\t03.&nbsp;&nbsp;&nbsp; + Marek Kojder &ndash; od Pracownik&oacute;w Muzeum &ndash; Zamek w \u0141a\u0144cucie<br \/>\n\t04.&nbsp;&nbsp;&nbsp; + Marek Kojder &ndash; od Pracownik&oacute;w Muzeum &ndash; Zamek w \u0141a\u0144cucie<br \/>\n\t05.&nbsp;&nbsp;&nbsp; + Stanis\u0142aw Cebula &ndash; od rodziny Musz<br \/>\n\t06.&nbsp;&nbsp;&nbsp; + Stanis\u0142aw Cebula &ndash; od \u0141ukasza Brudniak z rodzin\u0105<br \/>\n\t07.&nbsp;&nbsp;&nbsp; + Stanis\u0142aw Cebula &ndash; od Si&oacute;str Albertynek<br \/>\n\t08.&nbsp;&nbsp;&nbsp; + Stanis\u0142aw Cebula &ndash; od Pracownik&oacute;w, Rodzic&oacute;w i Uczni&oacute;w Szk. Podst. w Zg\u0142obniu<br \/>\n\t09.&nbsp;&nbsp;&nbsp; + Stanis\u0142aw Cebula &ndash; od Pracownik&oacute;w, Rodzic&oacute;w i Uczni&oacute;w Szk. Podst. w Zg\u0142obniu<br \/>\n\t10.&nbsp;&nbsp;&nbsp; + Ma\u0142gorzata Kotli\u0144ska &ndash; od rodziny \u0141\u0105tk&oacute;w z Krzemienicy<br \/>\n\t11.&nbsp;&nbsp;&nbsp; + Ma\u0142gorzata Kotli\u0144ska &ndash; od kuzynki Ma\u0142gorzaty<br \/>\n\t12.&nbsp;&nbsp;&nbsp; + Ma\u0142gorzata Kotli\u0144ska &ndash; od Piotra \u017belaznego z rodzin\u0105<br \/>\n\t13.&nbsp;&nbsp;&nbsp; + Ma\u0142gorzata Kotli\u0144ska &ndash; od kol. i kol. syna Jakuba z KPP w \u0141a\u0144cucie<br \/>\n\t14.&nbsp;&nbsp;&nbsp; + Ma\u0142gorzata Kotli\u0144ska &ndash; od Gabrieli Wo\u015b<br \/>\n\t15.&nbsp;&nbsp;&nbsp; + Ma\u0142gorzata Kotli\u0144ska &ndash; od chrze\u015bniaka Patryka<\/p>\n","protected":false},"excerpt":{"rendered":"<p>XXVI Niedziela Zwyk\u0142a &#8211; 29-09-2024 Og\u0142oszenia Dzi\u015b o godz. 15.00 Nabo\u017ce\u0144stwo do \u015bw. J&oacute;zefa, a po Nim Msza \u015bw. W tym tygodniu w Liturgii Ko\u015bcio\u0142a wspominamy: w poniedzia\u0142ek &ndash; wspomnienie &hellip; <a href=\"https:\/\/budy.przemyska.pl\/index.php\/2024\/09\/29\/ogloszenia-parafialne-29-wrzesien-2024\/\" class=\"more-link\">Czytaj dalej <span class=\"screen-reader-text\">Og\u0142oszenia parafialne 29 wrzesie\u0144 2024<\/span> <span class=\"meta-nav\">&rarr;<\/span><\/a><\/p>\n","protected":false},"author":1,"featured_media":0,"comment_status":"closed","ping_status":"closed","sticky":false,"template":"","format":"standard","meta":{"footnotes":""},"categories":[6,4],"tags":[],"class_list":["post-3875","post","type-post","status-publish","format-standard","hentry","category-aktualnosci","category-ogloszenia"],"_links":{"self":[{"href":"https:\/\/budy.przemyska.pl\/index.php\/wp-json\/wp\/v2\/posts\/3875","targetHints":{"allow":["GET"]}}],"collection":[{"href":"https:\/\/budy.przemyska.pl\/index.php\/wp-json\/wp\/v2\/posts"}],"about":[{"href":"https:\/\/budy.przemyska.pl\/index.php\/wp-json\/wp\/v2\/types\/post"}],"author":[{"embeddable":true,"href":"https:\/\/budy.przemyska.pl\/index.php\/wp-json\/wp\/v2\/users\/1"}],"replies":[{"embeddable":true,"href":"https:\/\/budy.przemyska.pl\/index.php\/wp-json\/wp\/v2\/comments?post=3875"}],"version-history":[{"count":0,"href":"https:\/\/budy.przemyska.pl\/index.php\/wp-json\/wp\/v2\/posts\/3875\/revisions"}],"wp:attachment":[{"href":"https:\/\/budy.przemyska.pl\/index.php\/wp-json\/wp\/v2\/media?parent=3875"}],"wp:term":[{"taxonomy":"category","embeddable":true,"href":"https:\/\/budy.przemyska.pl\/index.php\/wp-json\/wp\/v2\/categories?post=3875"},{"taxonomy":"post_tag","embeddable":true,"href":"https:\/\/budy.przemyska.pl\/index.php\/wp-json\/wp\/v2\/tags?post=3875"}],"curies":[{"name":"wp","href":"https:\/\/api.w.org\/{rel}","templated":true}]}}