{"id":3871,"date":"2024-09-22T17:27:28","date_gmt":"2024-09-22T15:27:28","guid":{"rendered":"http:\/\/www.budylancuckie.przemyska.pl\/?p=3871"},"modified":"2024-09-22T17:27:28","modified_gmt":"2024-09-22T15:27:28","slug":"ogloszenia-parafialne-22-wrzesien-2024","status":"publish","type":"post","link":"https:\/\/budy.przemyska.pl\/index.php\/2024\/09\/22\/ogloszenia-parafialne-22-wrzesien-2024\/","title":{"rendered":"Og\u0142oszenia parafialne 22 wrzesie\u0144 2024"},"content":{"rendered":"<h2 style=\"text-align: center;\"><strong><span style=\"color: rgb(0, 0, 128);\">XXV Niedziela Zwyk\u0142a &#8211; 22-09-2024<\/span><\/strong><\/h2>\n<h2 style=\"text-align: center;\"><strong><span style=\"color: rgb(0, 0, 128);\">Og\u0142oszenia<br \/>\n\t<\/span><\/strong><\/h2>\n<ol>\n<li>Dzi\u015b o godz. 15.00 Nabo\u017ce\u0144stwo do Matki Bo\u017cej, a po Nim Msza \u015bw.<\/li>\n<li>W tym tygodniu w Liturgii Ko\u015bcio\u0142a wspominamy: w poniedzia\u0142ek &ndash; wspomnienie \u015bw. o. Pio z Pietrelciny; w pi\u0105tek &ndash; wspomnienie \u015bw. Wincentego a Paulo; w sobot\u0119 &ndash; wspomnienie \u015bw. Wac\u0142awa.<\/li>\n<li>W czwartek Adoracja Naj\u015bwi\u0119tszego Sakramentu od godz. 17.00.<\/li>\n<li>28 wrze\u015bnia, w sobot\u0119, w Haczowie b\u0119dzie mia\u0142o miejsce doroczne spotkanie R&oacute;\u017c R&oacute;\u017ca\u0144cowych. Zapisy na to wydarzenie s\u0105 jeszcze prowadzone w zakrystii.<br \/>\n\t\tWyjazd na Pielgrzymk\u0119 o godz. 07.00 z parkingu obok ko\u015bcio\u0142a.<\/li>\n<li>W najbli\u017csz\u0105 niedziel\u0119 (29 wrze\u015bnia) we wszystkich ko\u015bcio\u0142ach w ca\u0142ej Polsce, organizowana b\u0119dzie zbi&oacute;rka ofiar pieni\u0119\u017cnych dla poszkodowanych tragedi\u0105 powodzi. Ofiary te b\u0119dzie mo\u017cna sk\u0142ada\u0107 na tac\u0119 i poprzez Caritas zostan\u0105 one przekazane dla os&oacute;b potrzebuj\u0105cych.<\/li>\n<li>Sk\u0142adam serdeczne B&oacute;g zap\u0142a\u0107 dla os&oacute;b sprz\u0105taj\u0105cych i stroj\u0105cych ko\u015bci&oacute;\u0142 oraz za wszystkie ofiary sk\u0142adane na potrzeby parafii, w tym tak\u017ce na utrzymanie pracownik&oacute;w ko\u015bcielnych.<\/li>\n<\/ol>\n<h3 style=\"text-align: center;\"><strong><span style=\"color: rgb(0, 0, 128);\">Intencje mszalne<\/span><\/strong><\/h3>\n<h4 style=\"text-align: center;\"><strong><span style=\"color: rgb(0, 0, 128);\">od 23 wrzesie\u0144 2024 do 29 wrze\u015bnia 2024<\/span><\/strong><\/h4>\n<h4 style=\"text-align: center;\">&nbsp;<\/h4>\n<h4><strong>Gdyby zbyt d\u0142ugi czas nie by\u0142a og\u0142oszona zam&oacute;wiona intencja mszalna &ndash; prosimy o zg\u0142oszenie tego kap\u0142anowi.&nbsp; Zam&oacute;wiona intencja nie mo\u017ce zgin\u0105\u0107.<br \/>\n\t<\/strong><\/h4>\n<p><u><strong>Poniedzia\u0142ek &#8211; 23 wrzesie\u0144<br \/>\n\t<\/strong><\/u>1. + Boles\u0142aw Migas &ndash; (greg.)<br \/>\n\t2. + Maria Babiarz &ndash; (4 r. \u015bm.) i zmarli z Rodziny <br \/>\n\t3. + Zbigniew K\u0119dziora i zmarli Rodzice<\/p>\n<p><u><strong>Wtorek &#8211; 24 wrzesie\u0144<br \/>\n\t<\/strong><\/u>1. + Boles\u0142aw Migas &ndash; (greg.)<br \/>\n\t2. + Andrzej Pietrzycki (1 r. \u015bm.) &ndash; od \u017cony Haliny<br \/>\n\t3. + Jakub Rupar &ndash; rocznica \u015bmierci<\/p>\n<p><u><strong>\u015aroda &#8211; 25 wrzesie\u0144<br \/>\n\t<\/strong><\/u>1. + Boles\u0142aw Migas &ndash; (greg.)<br \/>\n\t2. + Bronis\u0142awa i Marian Cie\u015bla <br \/>\n\t3. + Anna, Ludwik Harpula (r. \u015bm.) oraz + J&oacute;zef Ciupi\u0144ski i Bogdan Blok<\/p>\n<p><u><strong>Czwartek &#8211; 26 wrzesie\u0144<\/strong><\/u><br \/>\n\t1. + Boles\u0142aw Migas &ndash; (greg.) <br \/>\n\t2. + Marek Kojder &ndash; od Heleny Golak<br \/>\n\t3. + Maria, J&oacute;zef, Jan, Katarzyna Bieleccy<\/p>\n<p>\t<u><strong>Pi\u0105tek &#8211; 27 wrzesie\u0144<br \/>\n\t<\/strong><\/u>1. + Boles\u0142aw Migas &ndash; (greg.)<br \/>\n\t2. + Marek Kojder &ndash; od Urszuli i Witolda Maczuga <br \/>\n\t3. + Katarzyna, J&oacute;zef Kr&oacute;l oraz + Zofia, Jan Golenia<\/p>\n<p><u><strong>Sobota &#8211; 28 wrzesie\u0144<br \/>\n\t<\/strong><\/u>1. + Boles\u0142aw Migas &ndash; (greg.) <br \/>\n\t2. + Zofia Sier\u017c\u0119ga &ndash; 3 rocznica \u015bmierci <br \/>\n\t3. + J&oacute;zefa S\u0142ysz &ndash; 1 rocznica \u015bmierci<\/p>\n<p><u><strong>Niedziela &#8211; 29 wrzesie\u0144<br \/>\n\t<\/strong><\/u>06.30 + Anna, Stanis\u0142aw i ks. Jan Cebulak <br \/>\n\t08.00 + Stanis\u0142aw Baran &ndash; 5 rocznica \u015bmierci<br \/>\n\t08.00 + Weronika (2 r. \u015bm.), Antonina, Teresa, Franciszek Harpula<br \/>\n\t10.30 Za parafian<br \/>\n\t15.00 + Boles\u0142aw Migas &ndash; (greg.)<\/p>\n<h3 style=\"text-align: center;\"><strong><span style=\"color: rgb(0, 0, 128);\">Modlitw\u0119 r&oacute;\u017ca\u0144cow\u0105 prowadz\u0105<\/span><\/strong><\/h3>\n<p>23. Pn. R&oacute;\u017ca \u015aw. Teresy od Dzieci\u0105tka Jezus &ndash; (Dorota Dzierga)<br \/>\n\t24. Wt. R&oacute;\u017ca \u015aw. Teresy Wielkiej &ndash; (Zofia Wierzbicka)<br \/>\n\t25. \u015ar. R&oacute;\u017ca \u015aw. Tomasza Aposto\u0142a &ndash; (Stanis\u0142aw \u015alimak) <br \/>\n\t26. Cz. R&oacute;\u017ca \u015aw. Andrzeja Aposto\u0142a &ndash; (J&oacute;zef M\u0105dry) <br \/>\n\t27. Pt. KSM <br \/>\n\t28. Sb. R&oacute;\u017ca \u015aw. Agaty &ndash; (Patrycja Por\u0119bna) <br \/>\n\t29. Nd. R&oacute;\u017ca \u015aw. Agnieszki &ndash; (Ma\u0142gorzata Markowicz)<\/p>\n<p>Wyznaczona R&oacute;\u017ca jest proszona o prowadzenie modlitwy r&oacute;\u017ca\u0144cowej.<\/p>\n","protected":false},"excerpt":{"rendered":"<p>XXV Niedziela Zwyk\u0142a &#8211; 22-09-2024 Og\u0142oszenia Dzi\u015b o godz. 15.00 Nabo\u017ce\u0144stwo do Matki Bo\u017cej, a po Nim Msza \u015bw. W tym tygodniu w Liturgii Ko\u015bcio\u0142a wspominamy: w poniedzia\u0142ek &ndash; wspomnienie &hellip; <a href=\"https:\/\/budy.przemyska.pl\/index.php\/2024\/09\/22\/ogloszenia-parafialne-22-wrzesien-2024\/\" class=\"more-link\">Czytaj dalej <span class=\"screen-reader-text\">Og\u0142oszenia parafialne 22 wrzesie\u0144 2024<\/span> <span class=\"meta-nav\">&rarr;<\/span><\/a><\/p>\n","protected":false},"author":1,"featured_media":0,"comment_status":"closed","ping_status":"closed","sticky":false,"template":"","format":"standard","meta":{"footnotes":""},"categories":[6,4],"tags":[],"class_list":["post-3871","post","type-post","status-publish","format-standard","hentry","category-aktualnosci","category-ogloszenia"],"_links":{"self":[{"href":"https:\/\/budy.przemyska.pl\/index.php\/wp-json\/wp\/v2\/posts\/3871","targetHints":{"allow":["GET"]}}],"collection":[{"href":"https:\/\/budy.przemyska.pl\/index.php\/wp-json\/wp\/v2\/posts"}],"about":[{"href":"https:\/\/budy.przemyska.pl\/index.php\/wp-json\/wp\/v2\/types\/post"}],"author":[{"embeddable":true,"href":"https:\/\/budy.przemyska.pl\/index.php\/wp-json\/wp\/v2\/users\/1"}],"replies":[{"embeddable":true,"href":"https:\/\/budy.przemyska.pl\/index.php\/wp-json\/wp\/v2\/comments?post=3871"}],"version-history":[{"count":0,"href":"https:\/\/budy.przemyska.pl\/index.php\/wp-json\/wp\/v2\/posts\/3871\/revisions"}],"wp:attachment":[{"href":"https:\/\/budy.przemyska.pl\/index.php\/wp-json\/wp\/v2\/media?parent=3871"}],"wp:term":[{"taxonomy":"category","embeddable":true,"href":"https:\/\/budy.przemyska.pl\/index.php\/wp-json\/wp\/v2\/categories?post=3871"},{"taxonomy":"post_tag","embeddable":true,"href":"https:\/\/budy.przemyska.pl\/index.php\/wp-json\/wp\/v2\/tags?post=3871"}],"curies":[{"name":"wp","href":"https:\/\/api.w.org\/{rel}","templated":true}]}}