{"id":3869,"date":"2024-09-15T19:25:34","date_gmt":"2024-09-15T17:25:34","guid":{"rendered":"http:\/\/www.budylancuckie.przemyska.pl\/?p=3869"},"modified":"2024-09-15T19:25:34","modified_gmt":"2024-09-15T17:25:34","slug":"ogloszenia-parafialne-15-wrzesien-2024","status":"publish","type":"post","link":"https:\/\/budy.przemyska.pl\/index.php\/2024\/09\/15\/ogloszenia-parafialne-15-wrzesien-2024\/","title":{"rendered":"Og\u0142oszenia parafialne 15 wrzesie\u0144 2024"},"content":{"rendered":"<h2 style=\"text-align: center;\"><strong><span style=\"color: rgb(0, 0, 128);\">XXIV Niedziela Zwyk\u0142a &#8211; 15-09-2024<\/span><\/strong><\/h2>\n<h2 style=\"text-align: center;\"><strong><span style=\"color: rgb(0, 0, 128);\">Og\u0142oszenia<br \/>\n\t<\/span><\/strong><\/h2>\n<ol>\n<li>Dzi\u015b o godz. 15.00 Nabo\u017ce\u0144stwo do Mi\u0142osierdzia Bo\u017cego, a po Nim Msza \u015bw.<\/li>\n<li>W tym tygodniu w Liturgii Ko\u015bcio\u0142a wspominamy: w poniedzia\u0142ek &ndash; wspomnienie \u015awi\u0119tych M\u0119czennik&oacute;w: Korneliusza, papie\u017ca i Cypriana, biskupa; w \u015brod\u0119 &ndash; \u015awi\u0119to \u015bw. Stanis\u0142awa Kostki, patrona Polski oraz dzieci i m\u0142odzie\u017cy; w pi\u0105tek &ndash; wspomnienie \u015bw. M\u0119czennik&oacute;w Korea\u0144skich: Andrzeja, Paw\u0142a i Towarzyszy; w sobot\u0119 &ndash; \u015awi\u0119to \u015bw. Mateusza, Aposto\u0142a i Ewangelisty.<\/li>\n<li>W \u015brod\u0119, w \u015awi\u0119to \u015bw. Stanis\u0142awa Kostki, spotkanie przygotowuj\u0105ce do Sakramentu Bierzmowania dla uczni&oacute;w klas VI, VII i VIII. Spotkanie rozpocznie si\u0119 odprawian\u0105 Msz\u0105 \u015bw. o godz. 18.00, a p&oacute;\u017aniej b\u0119dzie mia\u0142o jeszcze miejsce Nabo\u017ce\u0144stwo z racji \u015awi\u0119ta Patronalnego. Zapraszamy r&oacute;wnie\u017c do uczestnictwa wszystkie dzieci i m\u0142odzie\u017c naszej parafii.&nbsp;<\/li>\n<li>W czwartek Adoracja Naj\u015bwi\u0119tszego Sakramentu od godz. 17.00.<\/li>\n<li>28 wrze\u015bnia, w sobot\u0119, w Haczowie b\u0119dzie mia\u0142o miejsce doroczne spotkanie R&oacute;\u017c R&oacute;\u017ca\u0144cowych. Wszystkich ch\u0119tnych do uczestnictwa w tym wydarzeniu, prosimy o wpisanie si\u0119 na list\u0119 w zakrystii.<\/li>\n<li>W pi\u0105tek, po Mszy \u015bw. zapraszam na spotkanie Rad\u0119 parafialn\u0105 dla om&oacute;wienia bie\u017c\u0105cych spraw \u017cycia parafialnego.<\/li>\n<li>Sk\u0142adam serdeczne B&oacute;g zap\u0142a\u0107 dla os&oacute;b sprz\u0105taj\u0105cych i stroj\u0105cych ko\u015bci&oacute;\u0142 oraz za wszystkie ofiary sk\u0142adane na potrzeby parafii, w tym tak\u017ce na utrzymanie pracownik&oacute;w ko\u015bcielnych.<\/li>\n<\/ol>\n<h3 style=\"text-align: center;\"><strong><span style=\"color: rgb(0, 0, 128);\">Intencje mszalne<\/span><\/strong><\/h3>\n<h4 style=\"text-align: center;\"><strong><span style=\"color: rgb(0, 0, 128);\">od 16 wrzesie\u0144 2024 do 22 wrze\u015bnia 2024<\/span><\/strong><\/h4>\n<h4 style=\"text-align: center;\">&nbsp;<\/h4>\n<h4><strong>Gdyby zbyt d\u0142ugi czas nie by\u0142a og\u0142oszona zam&oacute;wiona intencja mszalna &ndash; prosimy o zg\u0142oszenie tego kap\u0142anowi.&nbsp; Zam&oacute;wiona intencja nie mo\u017ce zgin\u0105\u0107.<br \/>\n\t<\/strong><\/h4>\n<p><u><strong>Poniedzia\u0142ek &#8211; 16 wrzesie\u0144<br \/>\n\t<\/strong><\/u>1. + Boles\u0142aw Migas &ndash; (greg.)<br \/>\n\t2. + J&oacute;zef Konieczny &ndash; od Roberta Siewierskiego <br \/>\n\t3. + Irena i J&oacute;zef Kostka; kuzynka Renata<\/p>\n<p><u><strong>Wtorek &#8211; 17 wrzesie\u0144<br \/>\n\t<\/strong><\/u>1. + Boles\u0142aw Migas &ndash; (greg.)<br \/>\n\t2. + Maria i Jan Kojder <br \/>\n\t3. + Jacek Kie\u0142b &ndash; od s\u0105siad&oacute;w B.A. Kojder<\/p>\n<p><u><strong>\u015aroda &#8211; 18 wrzesie\u0144<br \/>\n\t<\/strong><\/u>1. + Boles\u0142aw Migas &ndash; (greg.)<br \/>\n\t2. + Tadeusz Pelc &ndash; 1 rocznica \u015bmierci <br \/>\n\t3. + Janina, Stanis\u0142aw Ko\u0142cz<\/p>\n<p><u><strong>Czwartek &#8211; 19 wrzesie\u0144<\/strong><\/u><br \/>\n\t1. + Boles\u0142aw Migas &ndash; (greg.) <br \/>\n\t2. + Stanis\u0142aw Szczyrba &ndash; 3 rocznica \u015bmierci<br \/>\n\t3. + J&oacute;zefa Kojder, Maria Bosak<\/p>\n<p>\t<u><strong>Pi\u0105tek &#8211; 20 wrzesie\u0144<br \/>\n\t<\/strong><\/u>1. + Boles\u0142aw Migas &ndash; (greg.)<br \/>\n\t2. + Marek Kojder &ndash; od Krystyny z rodzin\u0105 <br \/>\n\t3. + Franciszek, Aniela, Stanis\u0142aw, Tadeusz Kojder i zmarli z rodziny<\/p>\n<p><u><strong>Sobota &#8211; 21 wrzesie\u0144<br \/>\n\t<\/strong><\/u>1. + Boles\u0142aw Migas &ndash; (greg.) <br \/>\n\t2. + J&oacute;zef Konieczny &ndash; od Stanis\u0142awa S\u0142owik <br \/>\n\t3. + Anna, J&oacute;zef Biel&oacute;wka<\/p>\n<p><u><strong>Niedziela &#8211; 22 wrzesie\u0144<br \/>\n\t<\/strong><\/u>06.30 + Marek Kojder &ndash; od chrze\u015bnicy Iwony z rodzin\u0105 <br \/>\n\t08.00 + J&oacute;zef Konieczny oraz zmarli Rodzice: Anna i Jan<br \/>\n\t08.00 Dzi\u0119kczynna za 90 lat \u017cycia; z pro\u015bb\u0105 o b\u0142og. Bo\u017ce i opiek\u0119 Matki Bo\u017cej na ka\u017cdy dzie\u0144 \u017cycia dla Marii<br \/>\n\t10.30 Za parafian<br \/>\n\t15.00 + Boles\u0142aw Migas &ndash; (greg.)<\/p>\n<h3 style=\"text-align: center;\"><strong><span style=\"color: rgb(0, 0, 128);\">Modlitw\u0119 r&oacute;\u017ca\u0144cow\u0105 prowadz\u0105<\/span><\/strong><\/h3>\n<p>16. Pn. R&oacute;\u017ca \u015aw. Marty &ndash; (Czes\u0142awa Por\u0119bna)<br \/>\n\t17. Wt. R&oacute;\u017ca Matki Bo\u017cej Szkaplerznej &ndash; (Maria K\u0142os)<br \/>\n\t18. \u015ar. R&oacute;\u017ca Matki Bo\u017cej Bolesnej &ndash; (Krystyna Szostek) <br \/>\n\t19. Cz. R&oacute;\u017ca Matki Bo\u017cej R&oacute;\u017ca\u0144cowej &ndash; (Zofia \u015awizdor) <br \/>\n\t20. Pt. KSM <br \/>\n\t21. Sb. R&oacute;\u017ca \u015aw. Jadwigi \u015al\u0105skiej &ndash; (Edyta Wal) <br \/>\n\t22. Nd. R&oacute;\u017ca \u015aw. Stanis\u0142awa Biskupa &ndash; (Wojciech Pelc)<\/p>\n<p>Wyznaczona R&oacute;\u017ca jest proszona o prowadzenie modlitwy r&oacute;\u017ca\u0144cowej.<\/p>\n","protected":false},"excerpt":{"rendered":"<p>XXIV Niedziela Zwyk\u0142a &#8211; 15-09-2024 Og\u0142oszenia Dzi\u015b o godz. 15.00 Nabo\u017ce\u0144stwo do Mi\u0142osierdzia Bo\u017cego, a po Nim Msza \u015bw. W tym tygodniu w Liturgii Ko\u015bcio\u0142a wspominamy: w poniedzia\u0142ek &ndash; wspomnienie &hellip; <a href=\"https:\/\/budy.przemyska.pl\/index.php\/2024\/09\/15\/ogloszenia-parafialne-15-wrzesien-2024\/\" class=\"more-link\">Czytaj dalej <span class=\"screen-reader-text\">Og\u0142oszenia parafialne 15 wrzesie\u0144 2024<\/span> <span class=\"meta-nav\">&rarr;<\/span><\/a><\/p>\n","protected":false},"author":1,"featured_media":0,"comment_status":"closed","ping_status":"closed","sticky":false,"template":"","format":"standard","meta":{"footnotes":""},"categories":[6,4],"tags":[],"class_list":["post-3869","post","type-post","status-publish","format-standard","hentry","category-aktualnosci","category-ogloszenia"],"_links":{"self":[{"href":"https:\/\/budy.przemyska.pl\/index.php\/wp-json\/wp\/v2\/posts\/3869","targetHints":{"allow":["GET"]}}],"collection":[{"href":"https:\/\/budy.przemyska.pl\/index.php\/wp-json\/wp\/v2\/posts"}],"about":[{"href":"https:\/\/budy.przemyska.pl\/index.php\/wp-json\/wp\/v2\/types\/post"}],"author":[{"embeddable":true,"href":"https:\/\/budy.przemyska.pl\/index.php\/wp-json\/wp\/v2\/users\/1"}],"replies":[{"embeddable":true,"href":"https:\/\/budy.przemyska.pl\/index.php\/wp-json\/wp\/v2\/comments?post=3869"}],"version-history":[{"count":0,"href":"https:\/\/budy.przemyska.pl\/index.php\/wp-json\/wp\/v2\/posts\/3869\/revisions"}],"wp:attachment":[{"href":"https:\/\/budy.przemyska.pl\/index.php\/wp-json\/wp\/v2\/media?parent=3869"}],"wp:term":[{"taxonomy":"category","embeddable":true,"href":"https:\/\/budy.przemyska.pl\/index.php\/wp-json\/wp\/v2\/categories?post=3869"},{"taxonomy":"post_tag","embeddable":true,"href":"https:\/\/budy.przemyska.pl\/index.php\/wp-json\/wp\/v2\/tags?post=3869"}],"curies":[{"name":"wp","href":"https:\/\/api.w.org\/{rel}","templated":true}]}}