{"id":3866,"date":"2024-09-08T06:38:54","date_gmt":"2024-09-08T04:38:54","guid":{"rendered":"http:\/\/www.budylancuckie.przemyska.pl\/?p=3866"},"modified":"2024-09-08T06:38:54","modified_gmt":"2024-09-08T04:38:54","slug":"ogloszenia-parafialne-8-wrzesien-2024","status":"publish","type":"post","link":"https:\/\/budy.przemyska.pl\/index.php\/2024\/09\/08\/ogloszenia-parafialne-8-wrzesien-2024\/","title":{"rendered":"Og\u0142oszenia parafialne 8 wrzesie\u0144 2024"},"content":{"rendered":"<h2 style=\"text-align: center;\"><strong><span style=\"color: rgb(0, 0, 128);\">XXIII Niedziela Zwyk\u0142a &#8211; 08-09-2024<\/span><\/strong><\/h2>\n<h2 style=\"text-align: center;\"><strong><span style=\"color: rgb(0, 0, 128);\">Og\u0142oszenia<br \/>\n\t<\/span><\/strong><\/h2>\n<ol>\n<li>Dzi\u015b o godz. 15.00 Nabo\u017ce\u0144stwo R&oacute;\u017ca\u0144cowe, a po Nim Msza \u015bw.<\/li>\n<li>W tym tygodniu w Liturgii Ko\u015bcio\u0142a wspominamy: w pi\u0105tek &ndash; wspomnienie \u015bw. Jana Chryzostoma; w sobot\u0119 &ndash; \u015awi\u0119to Podwy\u017cszenia Krzy\u017ca \u015awi\u0119tego.<\/li>\n<li>W czwartek Adoracja Naj\u015bwi\u0119tszego Sakramentu od godz. 17.00. Po Mszy \u015bw. spotkanie Akcji Katolickiej<\/li>\n<li>Za tydzie\u0144 III niedziela miesi\u0105ca. W naszej parafii sk\u0142adka inwestycyjna.<\/li>\n<li>28 wrze\u015bnia, w sobot\u0119, w Haczowie b\u0119dzie mia\u0142o miejsce doroczne spotkanie R&oacute;\u017c R&oacute;\u017ca\u0144cowych. Wszystkich ch\u0119tnych do uczestnictwa w tym wydarzeniu, prosimy o wpisanie si\u0119 na list\u0119 w zakrystii.<\/li>\n<li>Sk\u0142adam serdeczne B&oacute;g zap\u0142a\u0107 dla os&oacute;b sprz\u0105taj\u0105cych i stroj\u0105cych ko\u015bci&oacute;\u0142 oraz za wszystkie ofiary sk\u0142adane na potrzeby parafii, w tym tak\u017ce na utrzymanie pracownik&oacute;w ko\u015bcielnych. <\/li>\n<\/ol>\n<h3 style=\"text-align: center;\"><strong><span style=\"color: rgb(0, 0, 128);\">Intencje mszalne<\/span><\/strong><\/h3>\n<h4 style=\"text-align: center;\"><strong><span style=\"color: rgb(0, 0, 128);\">od 9 wrzesie\u0144 2024 do 15 wrze\u015bnia 2024<\/span><\/strong><\/h4>\n<h4 style=\"text-align: center;\">&nbsp;<\/h4>\n<h4><strong>Gdyby zbyt d\u0142ugi czas nie by\u0142a og\u0142oszona zam&oacute;wiona intencja mszalna &ndash; prosimy o zg\u0142oszenie tego kap\u0142anowi.&nbsp; Zam&oacute;wiona intencja nie mo\u017ce zgin\u0105\u0107.<br \/>\n\t<\/strong><\/h4>\n<p><u><strong>Poniedzia\u0142ek &#8211; 9 wrzesie\u0144<br \/>\n\t<\/strong><\/u>1. + Boles\u0142aw Migas &ndash; (greg.)<br \/>\n\t2. + J&oacute;zef Konieczny &ndash; od kol. i kol. syna Paw\u0142a z G&oacute;rniczego Dzia\u0142u Handlowego firmy Dremex <br \/>\n\t3. + Stanis\u0142awa i Roman Blok <\/p>\n<p><u><strong>Wtorek &#8211; 10 wrzesie\u0144<br \/>\n\t<\/strong><\/u>1. + Boles\u0142aw Migas &ndash; (greg.)<br \/>\n\t2. + B\u0142a\u017cej Kurek &ndash; 2 rocznica \u015bmierci <br \/>\n\t3. + Teresa i Stanis\u0142aw Baran<\/p>\n<p><u><strong>\u015aroda &#8211; 11 wrzesie\u0144<br \/>\n\t<\/strong><\/u>1. + Boles\u0142aw Migas &ndash; (greg.)<br \/>\n\t2. Dzi\u0119kczynna za otrzymane \u0142aski; z pro\u015bb\u0105 o b\u0142og. Bo\u017ce dla Patrycji i Mariusza w 20 rocznic\u0119 \u015blubu <br \/>\n\t3. + Katarzyna i W\u0142adys\u0142aw Por\u0119bny<\/p>\n<p><u><strong>Czwartek &#8211; 12 wrzesie\u0144<\/strong><\/u><br \/>\n\t1. + Boles\u0142aw Migas &ndash; (greg.) <br \/>\n\t2. + Kazimierz Cebula (10 r. \u015bm.) oraz zmarli Rodzice: J&oacute;zef i Katarzyna<br \/>\n\t3. Dzi\u0119kczynna za 60 lat ma\u0142\u017ce\u0144stwa; z pro\u015bb\u0105 o dalsze b\u0142og. Bo\u017ce dla ca\u0142ej Rodziny <\/p>\n<p>\t<u><strong>Pi\u0105tek &#8211; 13 wrzesie\u0144<br \/>\n\t<\/strong><\/u>1. + Boles\u0142aw Migas &ndash; (greg.)<br \/>\n\t2. + W\u0142adys\u0142aw, Zofia Cebulak oraz zmarli z Rodziny <br \/>\n\t3. + J&oacute;zef Konieczny &ndash; od Zarz\u0105du firmy Dremex<\/p>\n<p><u><strong>Sobota &#8211; 14 wrzesie\u0144<br \/>\n\t<\/strong><\/u>1. + Boles\u0142aw Migas &ndash; (greg.) <br \/>\n\t2. Za zmar\u0142ych z rodziny Por\u0119bnych <br \/>\n\t3. + Maria i Stanis\u0142aw Gda\u0144scy<\/p>\n<p><u><strong>Niedziela &#8211; 15 wrzesie\u0144<br \/>\n\t<\/strong><\/u>06.30 + Jerzy i Jacek Kie\u0142b &ndash; od J. M. Kojder <br \/>\n\t08.00 O zdrowie i b\u0142og. Bo\u017ce dla Miko\u0142aja w 18 r. urodzin<br \/>\n\t08.00 O b\u0142og. Bo\u017ce, zdrowie dla Jadwigi i W\u0142adys\u0142awa R\u0105czk&oacute;w w 45 rocznic\u0119 \u015blubu<br \/>\n\t10.30 Za parafian<br \/>\n\t15.00 + Boles\u0142aw Migas &ndash; (greg.)<\/p>\n<h3 style=\"text-align: center;\"><strong><span style=\"color: rgb(0, 0, 128);\">Modlitw\u0119 r&oacute;\u017ca\u0144cow\u0105 prowadz\u0105<\/span><\/strong><\/h3>\n<p>09. Pn. R&oacute;\u017ca \u015aw. Katarzyny &ndash; (Anna Kurek)<br \/>\n\t10. Wt. R&oacute;\u017ca \u015aw. Klary &ndash; (Teresa G\u0142owiak)<br \/>\n\t11. \u015ar. R&oacute;\u017ca \u015aw. Kingi &ndash; (El\u017cbieta Wacnik) <br \/>\n\t12. Cz. Akcja Katolicka<br \/>\n\t13. Pt. KSM <br \/>\n\t14. Sb. R&oacute;\u017ca \u015aw. Marii Magdaleny &ndash; (Janina Rachwa\u0142) <br \/>\n\t15. Nd. R&oacute;\u017ca \u015aw. Marii Goretti &ndash; (El\u017cbieta Kukulska)<\/p>\n<p>Wyznaczona R&oacute;\u017ca jest proszona o prowadzenie modlitwy r&oacute;\u017ca\u0144cowej.<\/p>\n","protected":false},"excerpt":{"rendered":"<p>XXIII Niedziela Zwyk\u0142a &#8211; 08-09-2024 Og\u0142oszenia Dzi\u015b o godz. 15.00 Nabo\u017ce\u0144stwo R&oacute;\u017ca\u0144cowe, a po Nim Msza \u015bw. W tym tygodniu w Liturgii Ko\u015bcio\u0142a wspominamy: w pi\u0105tek &ndash; wspomnienie \u015bw. Jana &hellip; <a href=\"https:\/\/budy.przemyska.pl\/index.php\/2024\/09\/08\/ogloszenia-parafialne-8-wrzesien-2024\/\" class=\"more-link\">Czytaj dalej <span class=\"screen-reader-text\">Og\u0142oszenia parafialne 8 wrzesie\u0144 2024<\/span> <span class=\"meta-nav\">&rarr;<\/span><\/a><\/p>\n","protected":false},"author":1,"featured_media":0,"comment_status":"closed","ping_status":"closed","sticky":false,"template":"","format":"standard","meta":{"footnotes":""},"categories":[6,4],"tags":[],"class_list":["post-3866","post","type-post","status-publish","format-standard","hentry","category-aktualnosci","category-ogloszenia"],"_links":{"self":[{"href":"https:\/\/budy.przemyska.pl\/index.php\/wp-json\/wp\/v2\/posts\/3866","targetHints":{"allow":["GET"]}}],"collection":[{"href":"https:\/\/budy.przemyska.pl\/index.php\/wp-json\/wp\/v2\/posts"}],"about":[{"href":"https:\/\/budy.przemyska.pl\/index.php\/wp-json\/wp\/v2\/types\/post"}],"author":[{"embeddable":true,"href":"https:\/\/budy.przemyska.pl\/index.php\/wp-json\/wp\/v2\/users\/1"}],"replies":[{"embeddable":true,"href":"https:\/\/budy.przemyska.pl\/index.php\/wp-json\/wp\/v2\/comments?post=3866"}],"version-history":[{"count":0,"href":"https:\/\/budy.przemyska.pl\/index.php\/wp-json\/wp\/v2\/posts\/3866\/revisions"}],"wp:attachment":[{"href":"https:\/\/budy.przemyska.pl\/index.php\/wp-json\/wp\/v2\/media?parent=3866"}],"wp:term":[{"taxonomy":"category","embeddable":true,"href":"https:\/\/budy.przemyska.pl\/index.php\/wp-json\/wp\/v2\/categories?post=3866"},{"taxonomy":"post_tag","embeddable":true,"href":"https:\/\/budy.przemyska.pl\/index.php\/wp-json\/wp\/v2\/tags?post=3866"}],"curies":[{"name":"wp","href":"https:\/\/api.w.org\/{rel}","templated":true}]}}