{"id":3864,"date":"2024-09-01T20:43:19","date_gmt":"2024-09-01T18:43:19","guid":{"rendered":"http:\/\/www.budylancuckie.przemyska.pl\/?p=3864"},"modified":"2024-09-01T20:43:19","modified_gmt":"2024-09-01T18:43:19","slug":"ogloszenia-parafialne-1-wrzesien-2024","status":"publish","type":"post","link":"https:\/\/budy.przemyska.pl\/index.php\/2024\/09\/01\/ogloszenia-parafialne-1-wrzesien-2024\/","title":{"rendered":"Og\u0142oszenia parafialne 1 wrzesie\u0144 2024"},"content":{"rendered":"<h2 style=\"text-align: center;\"><strong><span style=\"color: rgb(0, 0, 128);\">XXII Niedziela Zwyk\u0142a &#8211; 01-09-2024<\/span><\/strong><\/h2>\n<h2 style=\"text-align: center;\"><strong><span style=\"color: rgb(0, 0, 128);\">Og\u0142oszenia<br \/>\n\t<\/span><\/strong><\/h2>\n<ol>\n<li>Dzi\u015b o godz. 15.00 Nabo\u017ce\u0144stwo Adoracyjne, a po Nim Msza \u015bw.<\/li>\n<li>W tym tygodniu w Liturgii Ko\u015bcio\u0142a wspominamy: we wtorek &ndash; wspomnienie \u015bw. Grzegorza Wielkiego, papie\u017ca.<\/li>\n<li>W poniedzia\u0142ek o godz. 08.00 Msza \u015bw. na rozpocz\u0119cie Nowego Roku Szkolnego. Zapraszamy do uczestnictwa dzieci i m\u0142odzie\u017c, nauczycieli i wychowawc&oacute;w, a tak\u017ce rodzic&oacute;w, tak aby z Bo\u017ca pomoc\u0105, rozpocz\u0105\u0107 kolejny etap rozwoju intelektualnego i duchowego dzieci i m\u0142odzie\u017cy.<\/li>\n<li>W tym tygodniu wypada I czwartek, I pi\u0105tek i I sobota miesi\u0105ca.<br \/>\n\t\tW I czwartek Adoracja Naj\u015bwi\u0119tszego Sakramentu od godz. 17.00. <br \/>\n\t\tW spos&oacute;b szczeg&oacute;lny modlimy si\u0119 o \u0142ask\u0119 powo\u0142a\u0144 do S\u0142u\u017cby Bo\u017cej i za powo\u0142anych.<\/li>\n<li>W I pi\u0105tek oddajemy cze\u015b\u0107 Naj\u015bwi\u0119tszemu Sercu Pana Jezusa. Msza \u015bw. rano o godz. 06.45 oraz o godz. 18.00. Po rannej Mszy \u015bw. odwiedziny chorych z Komuni\u0105 \u015bw. Po Mszach \u015bw. nabo\u017ce\u0144stwo do Naj\u015bwi\u0119tszego Serca Pana Jezusa.<\/li>\n<li>W I sobot\u0119 oddajemy cze\u015b\u0107 Niepokalanemu Sercu NMP. Msza \u015bw. o godz. 18.00, po Niej Nabo\u017ce\u0144stwo R&oacute;\u017ca\u0144cowe, procesja z figur\u0105 Matki Bo\u017cej Fatimskiej i zmiana tajemnic r&oacute;\u017ca\u0144cowych.<\/li>\n<li>Za tydzie\u0144 na Sumie po\u015bwi\u0119cenie ziarna pod zasiew, z racji \u015awi\u0119ta Narodzenia NMP (Matki Bo\u017cej Siewnej).<\/li>\n<li>Za tydzie\u0144 r&oacute;wnie\u017c o godz. 15.00 w Markowej uroczysta Msza \u015bw. w 1 rocznic\u0119 Beatyfikacji Rodziny J&oacute;zefa i Wiktorii Ulm&oacute;w. Serdecznie zapraszamy wszystkich ch\u0119tnych do udzia\u0142u w tym wydarzeniu. Wyjazd by\u0142by indywidualny. Po Mszy \u015bw. b\u0119d\u0105 mia\u0142y miejsce jeszcze wydarzenia artystyczne.<\/li>\n<li>Sk\u0142adam serdeczne B&oacute;g zap\u0142a\u0107 dla os&oacute;b sprz\u0105taj\u0105cych i stroj\u0105cych ko\u015bci&oacute;\u0142 oraz za wszystkie ofiary sk\u0142adane na potrzeby parafii, w tym tak\u017ce na utrzymanie pracownik&oacute;w ko\u015bcielnych. <\/li>\n<\/ol>\n<h3 style=\"text-align: center;\"><strong><span style=\"color: rgb(0, 0, 128);\">Intencje mszalne<\/span><\/strong><\/h3>\n<h4 style=\"text-align: center;\"><strong><span style=\"color: rgb(0, 0, 128);\">od 2 wrzesie\u0144 2024 do 8 wrze\u015bnia 2024<\/span><\/strong><\/h4>\n<h4 style=\"text-align: center;\">&nbsp;<\/h4>\n<h4><strong>Gdyby zbyt d\u0142ugi czas nie by\u0142a og\u0142oszona zam&oacute;wiona intencja mszalna &ndash; prosimy o zg\u0142oszenie tego kap\u0142anowi.&nbsp; Zam&oacute;wiona intencja nie mo\u017ce zgin\u0105\u0107.<br \/>\n\t<\/strong><\/h4>\n<p><u><strong>Poniedzia\u0142ek &#8211; 2 wrzesie\u0144<br \/>\n\t<\/strong><\/u>1. + Boles\u0142aw Migas &ndash; (greg.)<br \/>\n\t2. + Irena Hawro <br \/>\n\t3. + Jacek Kie\u0142b &ndash; od rodziny Nawrot&oacute;w<\/p>\n<p><u><strong>Wtorek &#8211; 3 wrzesie\u0144<br \/>\n\t<\/strong><\/u>1. + Boles\u0142aw Migas &ndash; (greg.)<br \/>\n\t2. Dzi\u0119kczynna; z pro\u015bb\u0105 o zdrowie i dalsz\u0105 opiek\u0119 Bo\u017c\u0105 dla Gra\u017cyny i Janusza w 30 rocznic\u0119 \u015blubu <br \/>\n\t3. + Franciszek Pelc<\/p>\n<p><u><strong>\u015aroda &#8211; 4 wrzesie\u0144<br \/>\n\t<\/strong><\/u>1. + Boles\u0142aw Migas &ndash; (greg.)<br \/>\n\t2. + Cecylia (r. \u015bm.), J&oacute;zef i Stefan Socha oraz zmarli Rodzice <br \/>\n\t3. + Tadeusz Baran &ndash; 3 rocznica \u015bmierci<\/p>\n<p><u><strong>Czwartek &#8211; 5 wrzesie\u0144<\/strong><\/u><br \/>\n\t1. + Boles\u0142aw Migas &ndash; (greg.) <br \/>\n\t2. + Jacek Kie\u0142b &ndash; od rodziny \u015alimak&oacute;w <br \/>\n\t3. + W\u0142adys\u0142aw Hypnar (2 r. \u015bm.) &ndash; od c&oacute;rki oraz za zmar\u0142ych: Krystyn\u0119, J&oacute;zef\u0119 i Stanis\u0142awa Hypnar<\/p>\n<p>\t<u><strong>Pi\u0105tek &#8211; 6 wrzesie\u0144<br \/>\n\t<\/strong><\/u>06.45 + Boles\u0142aw Migas &ndash; (greg.)<br \/>\n\t06.45 O zdrowie i b\u0142ogos\u0142awie\u0144stwo Bo\u017ce dla Weroniki i Andrzeja <br \/>\n\t18.00 Za zmar\u0142ych z rodziny I\u017cy\u0144c&oacute;w <\/p>\n<p><u><strong>Sobota &#8211; 7 wrzesie\u0144<br \/>\n\t<\/strong><\/u>1. + Boles\u0142aw Migas &ndash; (greg.) <br \/>\n\t2. + Stanis\u0142awa (r. \u015bm.), Mieczys\u0142aw Krzak &ndash; od c&oacute;rek z rodzinami<br \/>\n\t3. Dzi\u0119kczynna za otrzymane \u0142aski; z pro\u015bb\u0105 o b\u0142og. Bo\u017ce i opiek\u0119 Matki Bo\u017cej dla rodziny Chmiel i dla Marii Baran<\/p>\n<p><u><strong>Niedziela &#8211; 8 wrzesie\u0144<br \/>\n\t<\/strong><\/u>06.30 + Jacek Kie\u0142b &ndash; od rodziny Kurk&oacute;w <br \/>\n\t08.00 + Maria i J&oacute;zef Bieleccy oraz ich Rodzice<br \/>\n\t10.30 Za parafian<br \/>\n\t15.00 + Boles\u0142aw Migas &ndash; (greg.)<\/p>\n<h3 style=\"text-align: center;\"><strong><span style=\"color: rgb(0, 0, 128);\">Modlitw\u0119 r&oacute;\u017ca\u0144cow\u0105 prowadz\u0105<\/span><\/strong><\/h3>\n<p>02. Pn. R&oacute;\u017ca \u015aw. Faustyny &ndash; (Eugenia \u015awizdor)<br \/>\n\t03. Wt. R&oacute;\u017ca \u015aw. Genowefy &ndash; (Genowefa Dr\u0105\u017cek)<br \/>\n\t04. \u015ar. R&oacute;\u017ca \u015aw. Jadwigi Kr&oacute;lowej &ndash; (Halina Dyrda) <br \/>\n\t05. Cz. Dzie\u0142o Pomocy Powo\u0142aniom &ndash; (Anna Szular)<br \/>\n\t06. Pt. KSM <br \/>\n\t07. Sb. Akcja Katolicka &ndash; (Modlitwy w intencji rodzin) <br \/>\n\t08. Nd. R&oacute;\u017ca \u015aw. Heleny &ndash; (Helena Dyrda)<\/p>\n<p>Wyznaczona R&oacute;\u017ca jest proszona o prowadzenie modlitwy r&oacute;\u017ca\u0144cowej.<\/p>\n","protected":false},"excerpt":{"rendered":"<p>XXII Niedziela Zwyk\u0142a &#8211; 01-09-2024 Og\u0142oszenia Dzi\u015b o godz. 15.00 Nabo\u017ce\u0144stwo Adoracyjne, a po Nim Msza \u015bw. W tym tygodniu w Liturgii Ko\u015bcio\u0142a wspominamy: we wtorek &ndash; wspomnienie \u015bw. Grzegorza &hellip; <a href=\"https:\/\/budy.przemyska.pl\/index.php\/2024\/09\/01\/ogloszenia-parafialne-1-wrzesien-2024\/\" class=\"more-link\">Czytaj dalej <span class=\"screen-reader-text\">Og\u0142oszenia parafialne 1 wrzesie\u0144 2024<\/span> <span class=\"meta-nav\">&rarr;<\/span><\/a><\/p>\n","protected":false},"author":1,"featured_media":0,"comment_status":"closed","ping_status":"closed","sticky":false,"template":"","format":"standard","meta":{"footnotes":""},"categories":[6,4],"tags":[],"class_list":["post-3864","post","type-post","status-publish","format-standard","hentry","category-aktualnosci","category-ogloszenia"],"_links":{"self":[{"href":"https:\/\/budy.przemyska.pl\/index.php\/wp-json\/wp\/v2\/posts\/3864","targetHints":{"allow":["GET"]}}],"collection":[{"href":"https:\/\/budy.przemyska.pl\/index.php\/wp-json\/wp\/v2\/posts"}],"about":[{"href":"https:\/\/budy.przemyska.pl\/index.php\/wp-json\/wp\/v2\/types\/post"}],"author":[{"embeddable":true,"href":"https:\/\/budy.przemyska.pl\/index.php\/wp-json\/wp\/v2\/users\/1"}],"replies":[{"embeddable":true,"href":"https:\/\/budy.przemyska.pl\/index.php\/wp-json\/wp\/v2\/comments?post=3864"}],"version-history":[{"count":0,"href":"https:\/\/budy.przemyska.pl\/index.php\/wp-json\/wp\/v2\/posts\/3864\/revisions"}],"wp:attachment":[{"href":"https:\/\/budy.przemyska.pl\/index.php\/wp-json\/wp\/v2\/media?parent=3864"}],"wp:term":[{"taxonomy":"category","embeddable":true,"href":"https:\/\/budy.przemyska.pl\/index.php\/wp-json\/wp\/v2\/categories?post=3864"},{"taxonomy":"post_tag","embeddable":true,"href":"https:\/\/budy.przemyska.pl\/index.php\/wp-json\/wp\/v2\/tags?post=3864"}],"curies":[{"name":"wp","href":"https:\/\/api.w.org\/{rel}","templated":true}]}}