{"id":3858,"date":"2024-08-29T21:22:03","date_gmt":"2024-08-29T19:22:03","guid":{"rendered":"http:\/\/www.budylancuckie.przemyska.pl\/?p=3858"},"modified":"2024-08-29T21:22:03","modified_gmt":"2024-08-29T19:22:03","slug":"pogrzeb-dawnego-koscielnego-pana-stanislawa-cebuli","status":"publish","type":"post","link":"https:\/\/budy.przemyska.pl\/index.php\/2024\/08\/29\/pogrzeb-dawnego-koscielnego-pana-stanislawa-cebuli\/","title":{"rendered":"Pogrzeb dawnego ko\u015bcielnego Pana Stanis\u0142awa Cebuli"},"content":{"rendered":"<p>[singlepic id=1218 w=320 h=240 float=left] W dniu 29 sierpnia 2024 r. w wieku 95 lat zmar\u0142 Pan Stanis\u0142aw Cebula &#8211; dawny ko\u015bcielny naszej parafii, ojciec ks. Mariana proboszcza parafii w Zg\u0142obniu. Pracowa\u0142 do 1994 roku pocz\u0105wszy od 1967 roku. <\/p>\n<p>Pogrzeb odb\u0119dzie si\u0119 w sobot\u0119 31 sierpnia o godzinie 11:00 w naszym ko\u015bciele parafialnym. O godzinie 10:00 rozpocznie si\u0119 R&oacute;\u017caniec za dusz\u0119 \u015bp. Stanis\u0142awa.<\/p>\n","protected":false},"excerpt":{"rendered":"<p>[singlepic id=1218 w=320 h=240 float=left] W dniu 29 sierpnia 2024 r. w wieku 95 lat zmar\u0142 Pan Stanis\u0142aw Cebula &#8211; dawny ko\u015bcielny naszej parafii, ojciec ks. Mariana proboszcza parafii w &hellip; <a href=\"https:\/\/budy.przemyska.pl\/index.php\/2024\/08\/29\/pogrzeb-dawnego-koscielnego-pana-stanislawa-cebuli\/\" class=\"more-link\">Czytaj dalej <span class=\"screen-reader-text\">Pogrzeb dawnego ko\u015bcielnego Pana Stanis\u0142awa Cebuli<\/span> <span class=\"meta-nav\">&rarr;<\/span><\/a><\/p>\n","protected":false},"author":1,"featured_media":0,"comment_status":"closed","ping_status":"closed","sticky":false,"template":"","format":"standard","meta":{"footnotes":""},"categories":[6],"tags":[],"class_list":["post-3858","post","type-post","status-publish","format-standard","hentry","category-aktualnosci"],"_links":{"self":[{"href":"https:\/\/budy.przemyska.pl\/index.php\/wp-json\/wp\/v2\/posts\/3858","targetHints":{"allow":["GET"]}}],"collection":[{"href":"https:\/\/budy.przemyska.pl\/index.php\/wp-json\/wp\/v2\/posts"}],"about":[{"href":"https:\/\/budy.przemyska.pl\/index.php\/wp-json\/wp\/v2\/types\/post"}],"author":[{"embeddable":true,"href":"https:\/\/budy.przemyska.pl\/index.php\/wp-json\/wp\/v2\/users\/1"}],"replies":[{"embeddable":true,"href":"https:\/\/budy.przemyska.pl\/index.php\/wp-json\/wp\/v2\/comments?post=3858"}],"version-history":[{"count":0,"href":"https:\/\/budy.przemyska.pl\/index.php\/wp-json\/wp\/v2\/posts\/3858\/revisions"}],"wp:attachment":[{"href":"https:\/\/budy.przemyska.pl\/index.php\/wp-json\/wp\/v2\/media?parent=3858"}],"wp:term":[{"taxonomy":"category","embeddable":true,"href":"https:\/\/budy.przemyska.pl\/index.php\/wp-json\/wp\/v2\/categories?post=3858"},{"taxonomy":"post_tag","embeddable":true,"href":"https:\/\/budy.przemyska.pl\/index.php\/wp-json\/wp\/v2\/tags?post=3858"}],"curies":[{"name":"wp","href":"https:\/\/api.w.org\/{rel}","templated":true}]}}