{"id":3855,"date":"2024-08-25T15:47:27","date_gmt":"2024-08-25T13:47:27","guid":{"rendered":"http:\/\/www.budylancuckie.przemyska.pl\/?p=3855"},"modified":"2024-08-25T15:47:27","modified_gmt":"2024-08-25T13:47:27","slug":"ogloszenia-parafialne-25-sierpien-2024","status":"publish","type":"post","link":"https:\/\/budy.przemyska.pl\/index.php\/2024\/08\/25\/ogloszenia-parafialne-25-sierpien-2024\/","title":{"rendered":"Og\u0142oszenia parafialne 25 sierpie\u0144 2024"},"content":{"rendered":"<h2 style=\"text-align: center;\"><strong><span style=\"color: rgb(0, 0, 128);\">XXI Niedziela Zwyk\u0142a &#8211; 25-08-2024<\/span><\/strong><\/h2>\n<h2 style=\"text-align: center;\"><strong><span style=\"color: rgb(0, 0, 128);\">Og\u0142oszenia<br \/>\n\t<\/span><\/strong><\/h2>\n<ol>\n<li>1. Dzi\u015b o godz. 15.00 Nabo\u017ce\u0144stwo do \u015bw. J&oacute;zefa, a po Nim Msza \u015bw.<\/li>\n<li>W tym tygodniu w Liturgii Ko\u015bcio\u0142a wspominamy: w poniedzia\u0142ek &ndash; Uroczysto\u015b\u0107 NMP Cz\u0119stochowskiej; we wtorek &ndash; wspomnienie \u015bw. Moniki; w \u015brod\u0119 &ndash; wspomnienie \u015bw. Augustyna; w czwartek &ndash; wspomnienie m\u0119cze\u0144stwa \u015bw. Jana Chrzciciela.<\/li>\n<li>Mo\u017cliwo\u015b\u0107 Spowiedzi \u015bw. dla dzieci i m\u0142odzie\u017cy rozpoczynaj\u0105cych Nowy Rok Szkolny, codziennie od godz. 17.00. Bardzo serdecznie prosimy rodzic&oacute;w o przypomnienie swoim dzieciom o Spowiedzi \u015bw. w tym czasie.<\/li>\n<li>W czwartek Adoracja Naj\u015bwi\u0119tszego Sakramentu od godz. 17.00.<\/li>\n<li>Za dwa tygodnie o godz. 15.00 w Markowej uroczysta Msza \u015bw. w 1 rocznic\u0119 Beatyfikacji Rodziny J&oacute;zefa i Wiktorii Ulm&oacute;w. Serdecznie zapraszamy wszystkich ch\u0119tnych do udzia\u0142u w tym wydarzeniu. Wyjazd by\u0142by indywidualny. Po Mszy \u015bw. b\u0119d\u0105 mia\u0142y miejsce jeszcze wydarzenia artystyczne.<\/li>\n<li>Sk\u0142adam serdeczne B&oacute;g zap\u0142a\u0107 dla os&oacute;b sprz\u0105taj\u0105cych i stroj\u0105cych ko\u015bci&oacute;\u0142 oraz za wszystkie ofiary sk\u0142adane na potrzeby parafii.<\/li>\n<\/ol>\n<h3 style=\"text-align: center;\"><strong><span style=\"color: rgb(0, 0, 128);\">Intencje mszalne<\/span><\/strong><\/h3>\n<h4 style=\"text-align: center;\"><strong><span style=\"color: rgb(0, 0, 128);\">od 26 sierpie\u0144 2024 do 1 wrze\u015bnia 2024<\/span><\/strong><\/h4>\n<h4 style=\"text-align: center;\">&nbsp;<\/h4>\n<h4><strong>Gdyby zbyt d\u0142ugi czas nie by\u0142a og\u0142oszona zam&oacute;wiona intencja mszalna &ndash; prosimy o zg\u0142oszenie tego kap\u0142anowi.&nbsp; Zam&oacute;wiona intencja nie mo\u017ce zgin\u0105\u0107.<br \/>\n\t<\/strong><\/h4>\n<p><u><strong>Poniedzia\u0142ek &#8211; 26 sierpie\u0144<br \/>\n\t<\/strong><\/u>1. + Genowefa Salwach &ndash; (greg.)<br \/>\n\t2. + Franciszek, Stefania Mach &ndash; rocz. \u015bmierci <br \/>\n\t3. + Jacek Kie\u0142b &ndash; od OSP Budy \u0141a\u0144cuckie &ndash; (Lewa Strona)<\/p>\n<p><u><strong>Wtorek &#8211; 27 sierpie\u0144<br \/>\n\t<\/strong><\/u>1. + Genowefa Salwach &ndash; (greg.)<br \/>\n\t2. + Augustyn Wilk &ndash; od Akcji Katolickiej<br \/>\n\t3. + Weronika i Jan W\u0119grzyn<\/p>\n<p><u><strong>\u015aroda &#8211; 28 sierpie\u0144<br \/>\n\t<\/strong><\/u>1. + Genowefa Salwach &ndash; (greg.)<br \/>\n\t2. + Franciszek, Aniela, Stanis\u0142aw, Tadeusz Kojder <br \/>\n\t3. + Genowefa Kojder (30 r. \u015bm.) oraz + W\u0142adys\u0142aw i Maria Kojder <\/p>\n<p><u><strong>Czwartek &#8211; 29 sierpie\u0144<\/strong><\/u><br \/>\n\t1. + Genowefa Salwach &ndash; (greg.) <br \/>\n\t2. + J&oacute;zef Konieczny &ndash; od rodziny Bem <br \/>\n\t3. + Helena i Ludwik Machniak &ndash; rocznica \u015bmierci<\/p>\n<p>\t<u><strong>Pi\u0105tek &#8211; 30 sierpie\u0144<br \/>\n\t<\/strong><\/u>1. + Genowefa Salwach &ndash; (zak. greg.)<br \/>\n\t2. + Tomasz oraz za zmar\u0142ych z rodziny Sl\u0119k&oacute;w <br \/>\n\t3. + Maria Bem &ndash; od s\u0105siad&oacute;w syna Paw\u0142a: Mach, Rachwa\u0142, Rydz<\/p>\n<p><u><strong>Sobota &#8211; 31 sierpie\u0144<br \/>\n\t<\/strong><\/u>1. + Jacek Kie\u0142b &ndash; od Sabiny i Krzysztofa Kojder <br \/>\n\t2. + J&oacute;zef Konieczny &ndash; od Patrycji i Kamila Pyzdek z rodzin\u0105<br \/>\n\t3. ++ Por\u0119bny Julian, Bronis\u0142awa, Franciszek i zmarli z rodziny <\/p>\n<p><u><strong>Niedziela &#8211; 1 wrzesie\u0144<br \/>\n\t<\/strong><\/u>06.30 + Jacek Kie\u0142b &ndash; od rodziny Piestrak&oacute;w i Bieleckich <br \/>\n\t08.00 + Agata Mach i Andrzej Por\u0119bny z Warszawy<br \/>\n\t08.00 + Teresa Baran &ndash; od bratowej z rodzin\u0105 <br \/>\n\t10.30 Za parafian<br \/>\n\t15.00 + Boles\u0142aw Migas &ndash; (pocz. greg.)<\/p>\n<h3 style=\"text-align: center;\"><strong><span style=\"color: rgb(0, 0, 128);\">Modlitw\u0119 r&oacute;\u017ca\u0144cow\u0105 prowadz\u0105<\/span><\/strong><\/h3>\n<p>26. Pn. R&oacute;\u017ca \u015aw. Andrzeja Aposto\u0142a &ndash; (J&oacute;zef M\u0105dry)<br \/>\n\t27. Wt. R&oacute;\u017ca \u015aw. Agaty &ndash; (Patrycja Por\u0119bna)<br \/>\n\t28. \u015ar. R&oacute;\u017ca \u015aw. Agnieszki &ndash; (Ma\u0142gorzata Markowicz) <br \/>\n\t29. Cz. R&oacute;\u017ca \u015aw. Zofii &ndash; (Zofia Kurek)<br \/>\n\t30. Pt. KSM <br \/>\n\t31. Sb. R&oacute;\u017ca \u015aw. Cecylii &ndash; (Krystyna Markowicz) <br \/>\n\t01. Nd. R&oacute;\u017ca \u015aw. El\u017cbiety &ndash; (Alina Trojnar)<\/p>\n<p>Wyznaczona R&oacute;\u017ca jest proszona o prowadzenie modlitwy r&oacute;\u017ca\u0144cowej.<\/p>\n","protected":false},"excerpt":{"rendered":"<p>XXI Niedziela Zwyk\u0142a &#8211; 25-08-2024 Og\u0142oszenia 1. Dzi\u015b o godz. 15.00 Nabo\u017ce\u0144stwo do \u015bw. J&oacute;zefa, a po Nim Msza \u015bw. W tym tygodniu w Liturgii Ko\u015bcio\u0142a wspominamy: w poniedzia\u0142ek &ndash; &hellip; <a href=\"https:\/\/budy.przemyska.pl\/index.php\/2024\/08\/25\/ogloszenia-parafialne-25-sierpien-2024\/\" class=\"more-link\">Czytaj dalej <span class=\"screen-reader-text\">Og\u0142oszenia parafialne 25 sierpie\u0144 2024<\/span> <span class=\"meta-nav\">&rarr;<\/span><\/a><\/p>\n","protected":false},"author":1,"featured_media":0,"comment_status":"closed","ping_status":"closed","sticky":false,"template":"","format":"standard","meta":{"footnotes":""},"categories":[6,4],"tags":[],"class_list":["post-3855","post","type-post","status-publish","format-standard","hentry","category-aktualnosci","category-ogloszenia"],"_links":{"self":[{"href":"https:\/\/budy.przemyska.pl\/index.php\/wp-json\/wp\/v2\/posts\/3855","targetHints":{"allow":["GET"]}}],"collection":[{"href":"https:\/\/budy.przemyska.pl\/index.php\/wp-json\/wp\/v2\/posts"}],"about":[{"href":"https:\/\/budy.przemyska.pl\/index.php\/wp-json\/wp\/v2\/types\/post"}],"author":[{"embeddable":true,"href":"https:\/\/budy.przemyska.pl\/index.php\/wp-json\/wp\/v2\/users\/1"}],"replies":[{"embeddable":true,"href":"https:\/\/budy.przemyska.pl\/index.php\/wp-json\/wp\/v2\/comments?post=3855"}],"version-history":[{"count":0,"href":"https:\/\/budy.przemyska.pl\/index.php\/wp-json\/wp\/v2\/posts\/3855\/revisions"}],"wp:attachment":[{"href":"https:\/\/budy.przemyska.pl\/index.php\/wp-json\/wp\/v2\/media?parent=3855"}],"wp:term":[{"taxonomy":"category","embeddable":true,"href":"https:\/\/budy.przemyska.pl\/index.php\/wp-json\/wp\/v2\/categories?post=3855"},{"taxonomy":"post_tag","embeddable":true,"href":"https:\/\/budy.przemyska.pl\/index.php\/wp-json\/wp\/v2\/tags?post=3855"}],"curies":[{"name":"wp","href":"https:\/\/api.w.org\/{rel}","templated":true}]}}