{"id":3854,"date":"2024-08-18T13:06:17","date_gmt":"2024-08-18T11:06:17","guid":{"rendered":"http:\/\/www.budylancuckie.przemyska.pl\/?p=3853"},"modified":"2024-08-18T13:06:17","modified_gmt":"2024-08-18T11:06:17","slug":"ogloszenia-parafialne-18-sierpien-2024","status":"publish","type":"post","link":"https:\/\/budy.przemyska.pl\/index.php\/2024\/08\/18\/ogloszenia-parafialne-18-sierpien-2024\/","title":{"rendered":"Og\u0142oszenia parafialne 18 sierpie\u0144 2024"},"content":{"rendered":"<h2 style=\"text-align: center;\"><strong><span style=\"color: rgb(0, 0, 128);\">XX Niedziela Zwyk\u0142a &#8211; 18-08-2024<\/span><\/strong><\/h2>\n<h2 style=\"text-align: center;\"><strong><span style=\"color: rgb(0, 0, 128);\">Og\u0142oszenia<br \/>\n\t<\/span><\/strong><\/h2>\n<ol>\n<li>Dzi\u015b o godz. 15.00 Nabo\u017ce\u0144stwo do Mi\u0142osierdzia Bo\u017cego, a po Nim Msza \u015bw.<\/li>\n<li>W tym tygodniu w Liturgii Ko\u015bcio\u0142a wspominamy: we wtorek &ndash; wspomnienie \u015bw. Bernarda; w \u015brod\u0119 &ndash; wspomnienie \u015bw. Piusa X; w czwartek &ndash; wspomnienie NMP Kr&oacute;lowej; w sobot\u0119 &ndash; wspomnienie \u015bw. Bart\u0142omieja, Aposto\u0142a.<\/li>\n<li>Za tydzie\u0144 w parafii W&oacute;lka Pe\u0142ki\u0144ska b\u0119d\u0105 mia\u0142y miejsce Do\u017cynki Archidiecezjalne.<\/li>\n<li>W sobot\u0119 w Bazylice oo. Bernardyn&oacute;w w Le\u017cajsku b\u0119d\u0105 mia\u0142y miejsce \u015awi\u0119cenia Biskupie, pochodz\u0105cego z Le\u017cajska ks. Kryspina Dubiela, kt&oacute;ry zosta\u0142 mianowany Nuncjuszem Apostolskim w Angolii. <\/li>\n<li>W czwartek Adoracja Naj\u015bwi\u0119tszego Sakramentu od godz. 17.00.<\/li>\n<li>Sk\u0142adam serdeczne B&oacute;g zap\u0142a\u0107 dla os&oacute;b sprz\u0105taj\u0105cych i stroj\u0105cych ko\u015bci&oacute;\u0142 oraz za wszystkie ofiary sk\u0142adane na potrzeby parafii.<\/li>\n<\/ol>\n<h3 style=\"text-align: center;\"><strong><span style=\"color: rgb(0, 0, 128);\">Intencje mszalne<\/span><\/strong><\/h3>\n<h4 style=\"text-align: center;\"><strong><span style=\"color: rgb(0, 0, 128);\">od 19 sierpie\u0144 2024 do 25 sierpnia 2024<\/span><\/strong><\/h4>\n<h4 style=\"text-align: center;\">&nbsp;<\/h4>\n<h4><strong>Gdyby zbyt d\u0142ugi czas nie by\u0142a og\u0142oszona zam&oacute;wiona intencja mszalna &ndash; prosimy o zg\u0142oszenie tego kap\u0142anowi.&nbsp; Zam&oacute;wiona intencja nie mo\u017ce zgin\u0105\u0107.<br \/>\n\t<\/strong><\/h4>\n<p><u><strong>Poniedzia\u0142ek &#8211; 19 sierpie\u0144<br \/>\n\t<\/strong><\/u>1. + Genowefa Salwach &ndash; (greg.)<br \/>\n\t2. + Jacek Kie\u0142b &ndash; od s\u0105siad&oacute;w Mi\u015b <br \/>\n\t3. + Wies\u0142aw Brodowicz &ndash; od szwagra Zdzis\u0142awa i Wies\u0142awy<\/p>\n<p><u><strong>Wtorek &#8211; 20 sierpie\u0144<br \/>\n\t<\/strong><\/u>1. + Genowefa Salwach &ndash; (greg.)<br \/>\n\t2. Dzi\u0119kczynna za otrzymane \u0142aski; z pro\u015bb\u0105 o zdrowie, b\u0142og. Bo\u017ce i opiek\u0119 Matki Bo\u017cej dla J&oacute;zefa K\u0142osa w 80-t\u0105 rocznic\u0119 urodzin<br \/>\n\t3. + Arkadiusz Sanok &ndash; 5 rocznica \u015bmierci <\/p>\n<p><u><strong>\u015aroda &#8211; 21 sierpie\u0144<br \/>\n\t<\/strong><\/u>1. + Genowefa Salwach &ndash; (greg.)<br \/>\n\t2. + Andrzej, Katarzyna Dyrda oraz ich rodzice i rodze\u0144stwo <br \/>\n\t3. + Edward Ryznar &ndash; od s\u0105siad&oacute;w; rodziny Czyrek <\/p>\n<p><u><strong>Czwartek &#8211; 22 sierpie\u0144<\/strong><\/u><br \/>\n\t1. + Genowefa Salwach &ndash; (greg.) <br \/>\n\t2. + Teresa Baran &ndash; 1 rocznica \u015bmierci<br \/>\n\t3. + Marek Kojder &ndash; od siostry Anny z rodzin\u0105<\/p>\n<p>\t<u><strong>Pi\u0105tek &#8211; 23 sierpie\u0144<br \/>\n\t<\/strong><\/u>1. + Genowefa Salwach &ndash; (greg.)<br \/>\n\t2. + J&oacute;zef Konieczny &ndash; od syna Paw\u0142a z rodzin\u0105 <br \/>\n\t3. Dzi\u0119kczynna za otrzymane \u0142aski; z pro\u015bb\u0105 o b\u0142og. Bo\u017ce dla rodziny Pelc&oacute;w <\/p>\n<p><u><strong>Sobota &#8211; 24 sierpie\u0144<br \/>\n\t<\/strong><\/u>1. + Genowefa Salwach &ndash; (greg.) <br \/>\n\t2. + J&oacute;zefa, Cecylia, Zbigniew, Marian Tonia &ndash; od c&oacute;rki Gra\u017cyny <br \/>\n\t3. + Franciszek, Anna, Franciszek <\/p>\n<p><u><strong>Niedziela &#8211; 25 sierpie\u0144<br \/>\n\t<\/strong><\/u>06.30 + Zbigniew Wasilewski i zmarli rodzice <br \/>\n\t08.00 + Czes\u0142awa i Zdzis\u0142aw Kubis <br \/>\n\t08.00 Dzi\u0119kczynna za otrzymane \u0142aski; z pro\u015bb\u0105 o b\u0142og. Bo\u017ce i opiek\u0119 Matki Bo\u017cej dla Pielgrzym&oacute;w i ich rodzin: Kode\u0144, Sok&oacute;\u0142ka, \u015awi\u0119ta Lipka, Gietrzwa\u0142d <br \/>\n\t10.30 Za parafian<br \/>\n\t15.00 + Genowefa Salwach &ndash; (greg.)<\/p>\n<h3 style=\"text-align: center;\"><strong><span style=\"color: rgb(0, 0, 128);\">Modlitw\u0119 r&oacute;\u017ca\u0144cow\u0105 prowadz\u0105<\/span><\/strong><\/h3>\n<p>19. Pn. R&oacute;\u017ca Matki Bo\u017cej R&oacute;\u017ca\u0144cowej &ndash; (Zofia \u015awizdor)<br \/>\n\t20. Wt. R&oacute;\u017ca \u015aw. Jadwigi \u015al\u0105skiej &ndash; (Edyta Wal)<br \/>\n\t21. \u015ar. R&oacute;\u017ca \u015aw. Stanis\u0142awa Biskupa &ndash; (Wojciech Pelc) <br \/>\n\t22. Cz. R&oacute;\u017ca \u015aw. Teresy od Dzieciatka Jezus &ndash; (Dorota Dzierga)<br \/>\n\t23. Pt. KSM <br \/>\n\t24. Sb. R&oacute;\u017ca \u015aw. Teresy Wielkiej &ndash; (Zofia Wierzbicka) <br \/>\n\t25. Nd. R&oacute;\u017ca \u015aw. Tomasza Aposto\u0142a &ndash; (Stanis\u0142aw \u015alimak)<\/p>\n<p>Wyznaczona R&oacute;\u017ca jest proszona o prowadzenie modlitwy r&oacute;\u017ca\u0144cowej.<\/p>\n","protected":false},"excerpt":{"rendered":"<p>XX Niedziela Zwyk\u0142a &#8211; 18-08-2024 Og\u0142oszenia Dzi\u015b o godz. 15.00 Nabo\u017ce\u0144stwo do Mi\u0142osierdzia Bo\u017cego, a po Nim Msza \u015bw. W tym tygodniu w Liturgii Ko\u015bcio\u0142a wspominamy: we wtorek &ndash; wspomnienie &hellip; <a href=\"https:\/\/budy.przemyska.pl\/index.php\/2024\/08\/18\/ogloszenia-parafialne-18-sierpien-2024\/\" class=\"more-link\">Czytaj dalej <span class=\"screen-reader-text\">Og\u0142oszenia parafialne 18 sierpie\u0144 2024<\/span> <span class=\"meta-nav\">&rarr;<\/span><\/a><\/p>\n","protected":false},"author":1,"featured_media":0,"comment_status":"closed","ping_status":"closed","sticky":false,"template":"","format":"standard","meta":{"footnotes":""},"categories":[6,4],"tags":[],"class_list":["post-3854","post","type-post","status-publish","format-standard","hentry","category-aktualnosci","category-ogloszenia"],"_links":{"self":[{"href":"https:\/\/budy.przemyska.pl\/index.php\/wp-json\/wp\/v2\/posts\/3854","targetHints":{"allow":["GET"]}}],"collection":[{"href":"https:\/\/budy.przemyska.pl\/index.php\/wp-json\/wp\/v2\/posts"}],"about":[{"href":"https:\/\/budy.przemyska.pl\/index.php\/wp-json\/wp\/v2\/types\/post"}],"author":[{"embeddable":true,"href":"https:\/\/budy.przemyska.pl\/index.php\/wp-json\/wp\/v2\/users\/1"}],"replies":[{"embeddable":true,"href":"https:\/\/budy.przemyska.pl\/index.php\/wp-json\/wp\/v2\/comments?post=3854"}],"version-history":[{"count":0,"href":"https:\/\/budy.przemyska.pl\/index.php\/wp-json\/wp\/v2\/posts\/3854\/revisions"}],"wp:attachment":[{"href":"https:\/\/budy.przemyska.pl\/index.php\/wp-json\/wp\/v2\/media?parent=3854"}],"wp:term":[{"taxonomy":"category","embeddable":true,"href":"https:\/\/budy.przemyska.pl\/index.php\/wp-json\/wp\/v2\/categories?post=3854"},{"taxonomy":"post_tag","embeddable":true,"href":"https:\/\/budy.przemyska.pl\/index.php\/wp-json\/wp\/v2\/tags?post=3854"}],"curies":[{"name":"wp","href":"https:\/\/api.w.org\/{rel}","templated":true}]}}