{"id":3853,"date":"2024-08-11T10:36:54","date_gmt":"2024-08-11T08:36:54","guid":{"rendered":"http:\/\/www.budylancuckie.przemyska.pl\/?p=3850"},"modified":"2024-08-11T10:36:54","modified_gmt":"2024-08-11T08:36:54","slug":"ogloszenia-parafialne-11-sierpien-2024","status":"publish","type":"post","link":"https:\/\/budy.przemyska.pl\/index.php\/2024\/08\/11\/ogloszenia-parafialne-11-sierpien-2024\/","title":{"rendered":"Og\u0142oszenia parafialne 11 sierpie\u0144 2024"},"content":{"rendered":"<h2 style=\"text-align: center;\"><strong><span style=\"color: rgb(0, 0, 128);\">XIX Niedziela Zwyk\u0142a &#8211; 11-08-2024<\/span><\/strong><\/h2>\n<h2 style=\"text-align: center;\"><strong><span style=\"color: rgb(0, 0, 128);\">Og\u0142oszenia<br \/>\n\t<\/span><\/strong><\/h2>\n<ol>\n<li>Dzi\u015b o godz. 15.00 Nabo\u017ce\u0144stwo R&oacute;\u017ca\u0144cowe, a po Nim Msza \u015bw.<\/li>\n<li>W tym tygodniu w Liturgii Ko\u015bcio\u0142a wspominamy: w \u015brod\u0119 &ndash; wspomnienie \u015bw. Maksymiliana M. Kolbego, w czwartek &ndash; Uroczysto\u015b\u0107 Wniebowzi\u0119cia NMP; w sobot\u0119 &ndash; wspomnienie \u015bw. Jacka.<\/li>\n<li>W Uroczysto\u015b\u0107 Wniebowzi\u0119cia NMP (Matki Bo\u017cej Zielnej) Msze \u015bw. tak, jak w ka\u017cd\u0105 niedziel\u0119. Na Sumie po\u015bwiecenie zi&oacute;\u0142, kwiat&oacute;w, k\u0142os&oacute;w zb&oacute;\u017c i wie\u0144c&oacute;w z tegorocznych plon&oacute;w. Bardzo serdecznie prosimy o przyniesienie wie\u0144c&oacute;w, by wyra\u017ca\u0142y nasz\u0105 wdzi\u0119czno\u015b\u0107 Panu Bogu za otrzymywane od Niego dary.<\/li>\n<li>Za tydzie\u0144 III niedziela miesi\u0105ca. W parafii sk\u0142adka na inwestycje.<\/li>\n<li>Sk\u0142adam serdeczne B&oacute;g zap\u0142a\u0107 dla os&oacute;b sprz\u0105taj\u0105cych i stroj\u0105cych ko\u015bci&oacute;\u0142 oraz za wszystkie ofiary sk\u0142adane na potrzeby parafii.<\/li>\n<\/ol>\n<h3 style=\"text-align: center;\"><strong><span style=\"color: rgb(0, 0, 128);\">Intencje mszalne<\/span><\/strong><\/h3>\n<h4 style=\"text-align: center;\"><strong><span style=\"color: rgb(0, 0, 128);\">od 12 sierpie\u0144 2024 do 18 sierpnia 2024<\/span><\/strong><\/h4>\n<h4 style=\"text-align: center;\">&nbsp;<\/h4>\n<h4><strong>Gdyby zbyt d\u0142ugi czas nie by\u0142a og\u0142oszona zam&oacute;wiona intencja mszalna &ndash; prosimy o zg\u0142oszenie tego kap\u0142anowi.&nbsp; Zam&oacute;wiona intencja nie mo\u017ce zgin\u0105\u0107.<br \/>\n\t<\/strong><\/h4>\n<p><u><strong>Poniedzia\u0142ek &#8211; 12 sierpie\u0144<br \/>\n\t<\/strong><\/u>1. + Genowefa Salwach &ndash; (greg.)<br \/>\n\t2. + Stanis\u0142aw Kubis &ndash; od Pracownik&oacute;w Sprz\u0119tu Gospodarstwa Domowego <br \/>\n\t3. + Jacek Kie\u0142b &ndash; od Teresy i Jana Cyran z Markowej<\/p>\n<p><u><strong>Wtorek &#8211; 13 sierpie\u0144<br \/>\n\t<\/strong><\/u>1. + Genowefa Salwach &ndash; (greg.)<br \/>\n\t2. + Jacek Kie\u0142b &ndash; od Renaty i Jacka Pasierb <br \/>\n\t3. + J&oacute;zef Konieczny &ndash; od c&oacute;rki Wioletty i wnuka Tymona<\/p>\n<p><u><strong>\u015aroda &#8211; 14 sierpie\u0144<br \/>\n\t<\/strong><\/u>1. + Genowefa Salwach &ndash; (greg.)<br \/>\n\t2. Dzi\u0119kczynna za otrzymane \u0142aski: z pro\u015bb\u0105 o dalsze b\u0142ogos\u0142awie\u0144stwo Bo\u017ce i opiek\u0119 Matki Bo\u017cej <br \/>\n\t3. + Helena i J&oacute;zef Kie\u0142b i zmar\u0142e dzieci <\/p>\n<p><u><strong>Czwartek &#8211; 15 sierpie\u0144<\/strong><\/u><br \/>\n\t06.30 + J&oacute;zef Konieczny &ndash; od syna Dariusza z rodzin\u0105 <br \/>\n\t08.00 + Bronis\u0142awa Szybist (1 r. \u015bm.) oraz ++ Jan, Stanis\u0142aw, Andrzej <br \/>\n\t08.00 Dzi\u0119kczynna; z pro\u015bb\u0105 o dalsze \u0142aski i b\u0142og. Bo\u017ce dla El\u017cbiety i Krzysztofa w 25 rocznic\u0119 \u015blubu &ndash; int. od dzieci<br \/>\n\t10.30 Za parafian<br \/>\n\t15.00 + Genowefa Salwach &ndash; (greg.)<\/p>\n<p>\t<u><strong>Pi\u0105tek &#8211; 16 sierpie\u0144<br \/>\n\t<\/strong><\/u>1. + Genowefa Salwach &ndash; (greg.)<br \/>\n\t2. + Jacek Kie\u0142b &ndash; od kol. Tomka i Piotra Wierzbickich i Stanis\u0142awa G\u0142owiaka <br \/>\n\t3. + Marek Kojder &ndash; od siostry Lucyny i Juliana Czech <\/p>\n<p><u><strong>Sobota &#8211; 17 sierpie\u0144<br \/>\n\t<\/strong><\/u>1. + Genowefa Salwach &ndash; (greg.) <br \/>\n\t2. + Micha\u0142 Stafiej &ndash; od Stanis\u0142awa Kruczka<br \/>\n\t3. + Helena, Roman Stafiej<\/p>\n<p><u><strong>Niedziela &#8211; 18 sierpie\u0144<br \/>\n\t<\/strong><\/u>06.30 + Janina i Jan Lasek <br \/>\n\t08.00 + Konrad Ko\u0142cz &ndash; rocznica \u015bmierci<br \/>\n\t08.00 + Cecylia (6 r. \u015bm.) i Jan Miara<br \/>\n\t10.30 Za parafian<br \/>\n\t15.00 + Genowefa Salwach &ndash; (greg.)<\/p>\n<h3 style=\"text-align: center;\"><strong><span style=\"color: rgb(0, 0, 128);\">Modlitw\u0119 r&oacute;\u017ca\u0144cow\u0105 prowadz\u0105<\/span><\/strong><\/h3>\n<p>12. Pn. R&oacute;\u017ca \u015aw. Kingi &ndash; (El\u017cbieta Wacnik)<br \/>\n\t13. Wt. R&oacute;\u017ca \u015aw. Marii Magdaleny &ndash; (Janina Rachwa\u0142)<br \/>\n\t14. \u015ar. R&oacute;\u017ca \u015aw. Marii Goretti &ndash; (El\u017cbieta Kukulska) <br \/>\n\t15. Cz. R&oacute;\u017ca \u015aw. Marty &ndash; (Czes\u0142awa Por\u0119bna)<br \/>\n\t16. Pt. KSM <br \/>\n\t17. Sb. R&oacute;\u017ca Matki Bo\u017cej Szkaplerznej &ndash; (Maria K\u0142os) <br \/>\n\t18. Nd. R&oacute;\u017ca \u015aw. Matki Bo\u017cej Bolesnej &ndash; (Krystyna Szostek)<\/p>\n<p>Wyznaczona R&oacute;\u017ca jest proszona o prowadzenie modlitwy r&oacute;\u017ca\u0144cowej.<\/p>\n","protected":false},"excerpt":{"rendered":"<p>XIX Niedziela Zwyk\u0142a &#8211; 11-08-2024 Og\u0142oszenia Dzi\u015b o godz. 15.00 Nabo\u017ce\u0144stwo R&oacute;\u017ca\u0144cowe, a po Nim Msza \u015bw. W tym tygodniu w Liturgii Ko\u015bcio\u0142a wspominamy: w \u015brod\u0119 &ndash; wspomnienie \u015bw. Maksymiliana &hellip; <a href=\"https:\/\/budy.przemyska.pl\/index.php\/2024\/08\/11\/ogloszenia-parafialne-11-sierpien-2024\/\" class=\"more-link\">Czytaj dalej <span class=\"screen-reader-text\">Og\u0142oszenia parafialne 11 sierpie\u0144 2024<\/span> <span class=\"meta-nav\">&rarr;<\/span><\/a><\/p>\n","protected":false},"author":1,"featured_media":0,"comment_status":"closed","ping_status":"closed","sticky":false,"template":"","format":"standard","meta":{"footnotes":""},"categories":[6,4],"tags":[],"class_list":["post-3853","post","type-post","status-publish","format-standard","hentry","category-aktualnosci","category-ogloszenia"],"_links":{"self":[{"href":"https:\/\/budy.przemyska.pl\/index.php\/wp-json\/wp\/v2\/posts\/3853","targetHints":{"allow":["GET"]}}],"collection":[{"href":"https:\/\/budy.przemyska.pl\/index.php\/wp-json\/wp\/v2\/posts"}],"about":[{"href":"https:\/\/budy.przemyska.pl\/index.php\/wp-json\/wp\/v2\/types\/post"}],"author":[{"embeddable":true,"href":"https:\/\/budy.przemyska.pl\/index.php\/wp-json\/wp\/v2\/users\/1"}],"replies":[{"embeddable":true,"href":"https:\/\/budy.przemyska.pl\/index.php\/wp-json\/wp\/v2\/comments?post=3853"}],"version-history":[{"count":0,"href":"https:\/\/budy.przemyska.pl\/index.php\/wp-json\/wp\/v2\/posts\/3853\/revisions"}],"wp:attachment":[{"href":"https:\/\/budy.przemyska.pl\/index.php\/wp-json\/wp\/v2\/media?parent=3853"}],"wp:term":[{"taxonomy":"category","embeddable":true,"href":"https:\/\/budy.przemyska.pl\/index.php\/wp-json\/wp\/v2\/categories?post=3853"},{"taxonomy":"post_tag","embeddable":true,"href":"https:\/\/budy.przemyska.pl\/index.php\/wp-json\/wp\/v2\/tags?post=3853"}],"curies":[{"name":"wp","href":"https:\/\/api.w.org\/{rel}","templated":true}]}}