{"id":3852,"date":"2024-08-04T06:41:17","date_gmt":"2024-08-04T04:41:17","guid":{"rendered":"http:\/\/www.budylancuckie.przemyska.pl\/?p=3847"},"modified":"2024-08-04T06:41:17","modified_gmt":"2024-08-04T04:41:17","slug":"ogloszenia-parafialne-4-sierpien-2024","status":"publish","type":"post","link":"https:\/\/budy.przemyska.pl\/index.php\/2024\/08\/04\/ogloszenia-parafialne-4-sierpien-2024\/","title":{"rendered":"Og\u0142oszenia parafialne 4 sierpie\u0144 2024"},"content":{"rendered":"<h2 style=\"text-align: center;\"><strong><span style=\"color: rgb(0, 0, 128);\">XVIII Niedziela Zwyk\u0142a &#8211; 04-08-2024<\/span><\/strong><\/h2>\n<h2 style=\"text-align: center;\"><strong><span style=\"color: rgb(0, 0, 128);\">Og\u0142oszenia<br \/>\n\t<\/span><\/strong><\/h2>\n<ol>\n<li>Dzi\u015b o godz. 15.00 Nabo\u017ce\u0144stwo Adoracyjne, a po Nim Msza \u015bw.<\/li>\n<li>W tym tygodniu w Liturgii Ko\u015bcio\u0142a wspominamy: we wtorek &ndash; \u015awi\u0119to Przemienienia Pa\u0144skiego; w czwartek &ndash; wspomnienie \u015bw. Dominika; w pi\u0105tek &ndash; \u015awi\u0119to \u015bw. Teresy Benedykty od Krzy\u017ca, patronki Europy; w sobot\u0119 &ndash; \u015awi\u0119to \u015bw. Wawrzy\u0144ca.<\/li>\n<li>We wtorek &ndash; po\u015bwi\u0119cenie kopru, za\u015b w sobot\u0119 &ndash; mas\u0142a.<\/li>\n<li>W tym tygodniu zako\u0144czone zosta\u0142y prace przy wymianie o\u015bwietlenia wewn\u0105trz naszego ko\u015bcio\u0142a, dzi\u0119ki czemu nasza \u015bwi\u0105tynia zosta\u0142a bardziej roz\u015bwietlona.<\/li>\n<li>Na stronie internetowej parafii mo\u017cemy znale\u017a\u0107 &bdquo;Standardy&rdquo; dotycz\u0105ce tzw. &bdquo;Ustawy Kamilkowej&rdquo;, co jest spe\u0142nieniem ustawowego obowi\u0105zku wielu instytucji &#8211; <a href=\"https:\/\/budy.przemyska.pl\/wp-content\/uploads\/2011\/12\/standardy_parafia_budy_lancuckie_ochrona_maloletnich.pdf\" target=\"_blank\" rel=\"noopener\">Standardy dotycz\u0105ce ochrony ma\u0142oletnich na terenie parafii pw. Niepokalanego Serca NMP w Budach \u0141a\u0144cuckich<\/a><\/li>\n<li>Trwa miesi\u0105c sierpie\u0144. Z tej racji kierowana jest gor\u0105ca zach\u0119ta ca\u0142ego Episkopatu Polski do podj\u0119cia abstynencji, dla godnego prze\u017cycia i upami\u0119tnienia wielu wydarze\u0144 w historii naszej Ojczyzny.<\/li>\n<li>Sk\u0142adam serdeczne B&oacute;g zap\u0142a\u0107 dla os&oacute;b sprz\u0105taj\u0105cych i stroj\u0105cych ko\u015bci&oacute;\u0142 oraz za wszystkie ofiary sk\u0142adane na potrzeby parafii.<\/li>\n<\/ol>\n<h3 style=\"text-align: center;\"><strong><span style=\"color: rgb(0, 0, 128);\">Intencje mszalne<\/span><\/strong><\/h3>\n<h4 style=\"text-align: center;\"><strong><span style=\"color: rgb(0, 0, 128);\">od 5 sierpie\u0144 2024 do 11 sierpnia 2024<\/span><\/strong><\/h4>\n<h4 style=\"text-align: center;\">&nbsp;<\/h4>\n<h4><strong>Gdyby zbyt d\u0142ugi czas nie by\u0142a og\u0142oszona zam&oacute;wiona intencja mszalna &ndash; prosimy o zg\u0142oszenie tego kap\u0142anowi.&nbsp; Zam&oacute;wiona intencja nie mo\u017ce zgin\u0105\u0107.<br \/>\n\t<\/strong><\/h4>\n<p><u><strong>Poniedzia\u0142ek &#8211; 5 sierpie\u0144<br \/>\n\t<\/strong><\/u>1. + Genowefa Salwach &ndash; (greg.)<br \/>\n\t2. + Stanis\u0142aw Kubis &ndash; od pracownik&oacute;w Sprz\u0119tu Gospodarstwa Domowego <br \/>\n\t3. + Marek Kojder &ndash; od Jolanty Markockiej z rodzin\u0105<\/p>\n<p><u><strong>Wtorek &#8211; 6 sierpie\u0144<br \/>\n\t<\/strong><\/u>1. + Genowefa Salwach &ndash; (greg.)<br \/>\n\t2. + Maria Pelc (5 r. \u015bm.), J&oacute;zef, Jan, Rafa\u0142 <br \/>\n\t3. + Stanis\u0142aw Kita, Stefania, W\u0142adys\u0142aw Ciupi\u0144ski<\/p>\n<p><u><strong>\u015aroda &#8211; 7 sierpie\u0144<br \/>\n\t<\/strong><\/u>1. + Genowefa Salwach &ndash; (greg.)<br \/>\n\t2. + Jacek Kie\u0142b &ndash; od rodziny Baran <br \/>\n\t3. + Antoni R\u0105czka &ndash; 1 rocznica \u015bmierci<\/p>\n<p><u><strong>Czwartek &#8211; 8 sierpie\u0144<\/strong><\/u><br \/>\n\t1. + Genowefa Salwach &ndash; (greg.) <br \/>\n\t2. + J&oacute;zef Konieczny &ndash; od c&oacute;rki Wioletty i wnuka Tymona <br \/>\n\t3. + J&oacute;zef Bosak &ndash; rocznica \u015bmierci<\/p>\n<p>\t<u><strong>Pi\u0105tek &#8211; 9 sierpie\u0144<br \/>\n\t<\/strong><\/u>1. + Genowefa Salwach &ndash; (greg.)<br \/>\n\t2. + Jacek Chudzik<br \/>\n\t3. + Salomea (r. \u015bm.), W\u0142adys\u0142aw Rupar i zmarli z rodziny<\/p>\n<p><u><strong>Sobota &#8211; 10 sierpie\u0144<br \/>\n\t<\/strong><\/u>1. + Genowefa Salwach &ndash; (greg.) <br \/>\n\t2. + Tadeusz Kurek oraz zmarli Rodzice &ndash; rocz. \u015bmierci<br \/>\n\t3. + Walenty, Maria Bo\u017cek<\/p>\n<p><u><strong>Niedziela &#8211; 11 sierpie\u0144<br \/>\n\t<\/strong><\/u>06.30 + J&oacute;zef Konieczny &ndash; od syna Paw\u0142a z rodzin\u0105 <br \/>\n\t08.00 ++ Ewa Por\u0119bna; Maria, Stefan, Bogus\u0142aw Czyrek; Anna, Maciej Rachwa\u0142<br \/>\n\t10.30 Dzi\u0119kczynna za otrzymane \u0142aski; z pro\u015bb\u0105 o b\u0142og. Bo\u017ce na dalsze lata ma\u0142\u017ce\u0144stwa Zofii i Romana <br \/>\n\t(&hellip;) Za parafian &#8211; (poza parafi\u0105)<br \/>\n\t15.00 + Genowefa Salwach &ndash; (greg.)<\/p>\n<h3 style=\"text-align: center;\"><strong><span style=\"color: rgb(0, 0, 128);\">Modlitw\u0119 r&oacute;\u017ca\u0144cow\u0105 prowadz\u0105<\/span><\/strong><\/h3>\n<p>05. Pn. R&oacute;\u017ca \u015aw. Genowefy &ndash; (Genowefa Dr\u0105\u017cek)<br \/>\n\t06. Wt. R&oacute;\u017ca \u015aw. Jadwigi Kr&oacute;lowej &ndash; (Halina Dyrda)<br \/>\n\t07. \u015ar. Akcja Katolicka &ndash; (Modlitwy w intencji rodzin) <br \/>\n\t08. Cz. R&oacute;\u017ca \u015aw. Heleny &ndash; (Helena Dyrda)<br \/>\n\t09. Pt. KSM <br \/>\n\t10. Sb. R&oacute;\u017ca \u015aw. Katarzyny &ndash; (Anna Kurek) <br \/>\n\t11. Nd. R&oacute;\u017ca \u015aw. Klary &ndash; (Teresa G\u0142owiak)<\/p>\n","protected":false},"excerpt":{"rendered":"<p>XVIII Niedziela Zwyk\u0142a &#8211; 04-08-2024 Og\u0142oszenia Dzi\u015b o godz. 15.00 Nabo\u017ce\u0144stwo Adoracyjne, a po Nim Msza \u015bw. W tym tygodniu w Liturgii Ko\u015bcio\u0142a wspominamy: we wtorek &ndash; \u015awi\u0119to Przemienienia Pa\u0144skiego; &hellip; <a href=\"https:\/\/budy.przemyska.pl\/index.php\/2024\/08\/04\/ogloszenia-parafialne-4-sierpien-2024\/\" class=\"more-link\">Czytaj dalej <span class=\"screen-reader-text\">Og\u0142oszenia parafialne 4 sierpie\u0144 2024<\/span> <span class=\"meta-nav\">&rarr;<\/span><\/a><\/p>\n","protected":false},"author":1,"featured_media":0,"comment_status":"closed","ping_status":"closed","sticky":false,"template":"","format":"standard","meta":{"footnotes":""},"categories":[6,4],"tags":[],"class_list":["post-3852","post","type-post","status-publish","format-standard","hentry","category-aktualnosci","category-ogloszenia"],"_links":{"self":[{"href":"https:\/\/budy.przemyska.pl\/index.php\/wp-json\/wp\/v2\/posts\/3852","targetHints":{"allow":["GET"]}}],"collection":[{"href":"https:\/\/budy.przemyska.pl\/index.php\/wp-json\/wp\/v2\/posts"}],"about":[{"href":"https:\/\/budy.przemyska.pl\/index.php\/wp-json\/wp\/v2\/types\/post"}],"author":[{"embeddable":true,"href":"https:\/\/budy.przemyska.pl\/index.php\/wp-json\/wp\/v2\/users\/1"}],"replies":[{"embeddable":true,"href":"https:\/\/budy.przemyska.pl\/index.php\/wp-json\/wp\/v2\/comments?post=3852"}],"version-history":[{"count":0,"href":"https:\/\/budy.przemyska.pl\/index.php\/wp-json\/wp\/v2\/posts\/3852\/revisions"}],"wp:attachment":[{"href":"https:\/\/budy.przemyska.pl\/index.php\/wp-json\/wp\/v2\/media?parent=3852"}],"wp:term":[{"taxonomy":"category","embeddable":true,"href":"https:\/\/budy.przemyska.pl\/index.php\/wp-json\/wp\/v2\/categories?post=3852"},{"taxonomy":"post_tag","embeddable":true,"href":"https:\/\/budy.przemyska.pl\/index.php\/wp-json\/wp\/v2\/tags?post=3852"}],"curies":[{"name":"wp","href":"https:\/\/api.w.org\/{rel}","templated":true}]}}