{"id":3837,"date":"2024-07-28T13:24:41","date_gmt":"2024-07-28T11:24:41","guid":{"rendered":"http:\/\/www.budylancuckie.przemyska.pl\/?p=3837"},"modified":"2024-07-28T13:24:41","modified_gmt":"2024-07-28T11:24:41","slug":"ogloszenia-parafialne-28-lipiec-2024","status":"publish","type":"post","link":"https:\/\/budy.przemyska.pl\/index.php\/2024\/07\/28\/ogloszenia-parafialne-28-lipiec-2024\/","title":{"rendered":"Og\u0142oszenia parafialne 28 lipiec 2024"},"content":{"rendered":"<h2 style=\"text-align: center;\"><strong><span style=\"color: rgb(0, 0, 128);\">XVII Niedziela Zwyk\u0142a &#8211; 28-07-2024<\/span><\/strong><\/h2>\n<h2 style=\"text-align: center;\"><strong><span style=\"color: rgb(0, 0, 128);\">Og\u0142oszenia<br \/>\n\t<\/span><\/strong><\/h2>\n<ol>\n<li>Dzi\u015b o godz. 15.00 Nabo\u017ce\u0144stwo do \u015bw. J&oacute;zefa, a po Nim Msza \u015bw.<\/li>\n<li>W tym tygodniu w Liturgii Ko\u015bcio\u0142a wspominamy: w poniedzia\u0142ek &ndash; wspomnienie \u015bw. Marty, Marii i \u0141azarza; w \u015brod\u0119 &ndash; wspomnienie \u015bw. Ignacego z Loyoli; w czwartek &ndash; wspomnienie \u015bw. Alfonsa Marii Liguoriego. <\/li>\n<li>W tym tygodniu wypada I czwartek, I pi\u0105tek i I sobota miesi\u0105ca. <br \/>\n\t\tW I czwartek Adoracja Naj\u015bwi\u0119tszego Sakramentu od godz. 17.00. W spos&oacute;b szczeg&oacute;lny modlimy si\u0119 o powo\u0142ania do S\u0142u\u017cby Bo\u017cej i za powo\u0142anych.<\/li>\n<li>W I pi\u0105tek czcimy Naj\u015bwi\u0119tsze Serce Pana Jezusa. Msza \u015bw. rano o godz. 06.45 i o 18.00. Po rannej Mszy \u015bw. odwiedziny chorych z Komuni\u0105 \u015bw. Po Mszach \u015bw. nabo\u017ce\u0144stwo Pierwszopi\u0105tkowe.<\/li>\n<li>W I sobot\u0119 czcimy Niepokalane Serce NMP. Po Mszy \u015bw. o godz. 18.00 odprawione b\u0119dzie Nabo\u017ce\u0144stwo R&oacute;\u017ca\u0144cowe, po nim procesja z figurk\u0105 Matki Bo\u017cej Fatimskiej i zmiana tajemnic r&oacute;\u017ca\u0144cowych.<\/li>\n<li>Od czwartku rozpoczynamy miesi\u0105c sierpie\u0144. Z tej racji kierowana jest gor\u0105ca zach\u0119ta ca\u0142ego Episkopatu Polski do podj\u0119cia abstynencji, dla godnego prze\u017cycia i upami\u0119tnienia wielu wydarze\u0144 w historii naszej Ojczyzny.<\/li>\n<li>Sk\u0142adam serdeczne B&oacute;g zap\u0142a\u0107 dla os&oacute;b sprz\u0105taj\u0105cych i stroj\u0105cych ko\u015bci&oacute;\u0142 oraz za wszystkie ofiary sk\u0142adane na potrzeby parafii.<\/li>\n<\/ol>\n<h3 style=\"text-align: center;\"><strong><span style=\"color: rgb(0, 0, 128);\">Intencje mszalne<\/span><\/strong><\/h3>\n<h4 style=\"text-align: center;\"><strong><span style=\"color: rgb(0, 0, 128);\">od 29 lipca 2024 do 4 sierpnia 2024<\/span><\/strong><\/h4>\n<h4 style=\"text-align: center;\">&nbsp;<\/h4>\n<h4><strong>Gdyby zbyt d\u0142ugi czas nie by\u0142a og\u0142oszona zam&oacute;wiona intencja mszalna &ndash; prosimy o zg\u0142oszenie tego kap\u0142anowi.&nbsp; Zam&oacute;wiona intencja nie mo\u017ce zgin\u0105\u0107.<br \/>\n\t<\/strong><\/h4>\n<p><u><strong>Poniedzia\u0142ek &#8211; 29 lipiec<br \/>\n\t<\/strong><\/u>1. + Ludwika Bartnik &ndash; (greg.)<br \/>\n\t2. + Maria i Wojciech Baran i zmarli z rodziny <br \/>\n\t3. + Karolina (r. \u015bm.), J&oacute;zef Kruk oraz za dusze w czy\u015b\u0107cu ciepi\u0105ce<\/p>\n<p><u><strong>Wtorek &#8211; 30 lipiec<br \/>\n\t<\/strong><\/u>1. + Ludwika Bartnik &ndash; (zak. greg.)<br \/>\n\t2. + J&oacute;zef Ciupi\u0144ski &ndash; z R&oacute;\u017cy \u015bw. Genowefy <br \/>\n\t3. + Salomea Cebulak &ndash; od Waldemara z rodzin\u0105<\/p>\n<p><u><strong>\u015aroda &#8211; 31 lipiec<br \/>\n\t<\/strong><\/u>1. + Stanis\u0142aw Kubis &ndash; od Prac. Sprz\u0119tu Gosp. Domowego<br \/>\n\t2. + Jacek Kie\u0142b &ndash; od rodziny Piekarz <br \/>\n\t3. + J&oacute;zef Konieczny &ndash; od rodziny Rupar&oacute;w <\/p>\n<p><u><strong>Czwartek &#8211; 1 sierpie\u0144<\/strong><\/u><br \/>\n\t1. + Genowefa Salwach &ndash; (pocz. greg.) <br \/>\n\t2. + Bronis\u0142aw i Celestyna Usowscy <br \/>\n\t3. + Jan Kurek i zmarli Rodzice: + J&oacute;zef i W\u0142adys\u0142awa oraz + Maria G.<\/p>\n<p>\t<u><strong>Pi\u0105tek &#8211; 2 sierpie\u0144<br \/>\n\t<\/strong><\/u>06.45 + Genowefa Salwach &ndash; (greg.)<br \/>\n\t06.45 + J&oacute;zef Konieczny &ndash; od \u017cony Danuty<br \/>\n\t18.00 + J&oacute;zef Golak oraz + Zofia i Wincenty Bartnik <\/p>\n<p><u><strong>Sobota &#8211; 3 sierpie\u0144<br \/>\n\t<\/strong><\/u>1. + Genowefa Salwach &ndash; (greg.) <br \/>\n\t2. + Bronis\u0142awa i J&oacute;zef Bartnik &ndash; od Jadzi \u015aniegockiej z rodz.<br \/>\n\t3. + Wies\u0142aw Kubis i zmarli z rodziny <\/p>\n<p><u><strong>Niedziela &#8211; 4 sierpie\u0144<br \/>\n\t<\/strong><\/u>06.30 + Jacek Kie\u0142b &ndash; od kolegi Marcina Blok z rodzin\u0105<br \/>\n\t06.30 Dzi\u0119kczynna za otrzymane \u0142aski; z pro\u015bb\u0105 o b\u0142og. Bo\u017ce, dary Ducha \u015awi\u0119tego, zdrowie i opiek\u0119 Matki Bo\u017cej dla Bartosza z okazji 18-tych urodzin <br \/>\n\t08.00 + W\u0142adys\u0142aw Hypnar (2 r. \u015bm.) &ndash; od c&oacute;rki oraz + Krystyna, J&oacute;zefa i Stanis\u0142aw Hypnar<br \/>\n\t08.00 Dzi\u0119kczynna za otrzymane \u0142aski; z pro\u015bb\u0105 o b\u0142og. Bo\u017ce dla Katarzyny i Piotra w 25 rocznic\u0119 \u015blubu <br \/>\n\t10.30 Za parafian <br \/>\n\t15.00 + Genowefa Salwach &ndash; (greg.)<\/p>\n<h3 style=\"text-align: center;\"><strong><span style=\"color: rgb(0, 0, 128);\">Modlitw\u0119 r&oacute;\u017ca\u0144cow\u0105 prowadz\u0105<\/span><\/strong><\/h3>\n<p>29. Pn. R&oacute;\u017ca \u015aw. Zofii &ndash; (Zofia Kurek)<br \/>\n\t30. Wt. R&oacute;\u017ca \u015aw. Cecylii &ndash; (Krystyna Markowicz)<br \/>\n\t31. \u015ar. R&oacute;\u017ca \u015aw. El\u017cbiety &ndash; (Alina Trojnar) <br \/>\n\t01. Cz. Dzie\u0142o Pomocy Powo\u0142aniom &ndash; (Anna Szular)<br \/>\n\t02. Pt. KSM <br \/>\n\t03. Sb. Kap\u0142an <br \/>\n\t04. Nd. R&oacute;\u017ca \u015aw. Faustyny &ndash; (Eugenia \u015awizdor)<\/p>\n<h3 style=\"text-align: center;\"><strong><span style=\"color: rgb(0, 0, 128);\">Propozycja intencji do przekazania do odprawienia <br \/>\n\t<\/span><\/strong><strong><span style=\"color: rgb(0, 0, 128);\">w Wy\u017cszym Seminarium Duchownym w Przemy\u015blu<br \/>\n\t<\/span><\/strong><\/h3>\n<p>01.&nbsp;&nbsp; &nbsp;+ J&oacute;zef Ciupi\u0144ski &ndash; od Stanis\u0142awa i Krystyny Kojder ze Stalowej Woli<br \/>\n\t02.&nbsp;&nbsp; &nbsp;+ J&oacute;zef Ciupi\u0144ski &ndash; od Stanis\u0142awa i Krystyny Kojder ze Stalowej Woli<br \/>\n\t03.&nbsp;&nbsp; &nbsp;+ J&oacute;zef Ciupi\u0144ski &ndash; od Kazimierza K. z rodzin\u0105<br \/>\n\t04.&nbsp;&nbsp; &nbsp;+ J&oacute;zef Ciupi\u0144ski &ndash; od dzieci rodzic&oacute;w z Woli Dalszej<br \/>\n\t05.&nbsp;&nbsp; &nbsp;+ J&oacute;zef Ciupi\u0144ski &ndash; od rodziny Saca\u0142&oacute;w i Roso\u0142&oacute;w<br \/>\n\t06.&nbsp;&nbsp; &nbsp;+ Anna Kr&oacute;l &ndash; od kol. z Posterunku Energetycznego w \u0141a\u0144cucie<br \/>\n\t07.&nbsp;&nbsp; &nbsp;+ Anna Kr&oacute;l &ndash; od kol. z Posterunku Energetycznego w Soko\u0142owie M\u0142p.<br \/>\n\t08.&nbsp;&nbsp; &nbsp;+ Jacek Kie\u0142b &ndash; od Karoliny i Micha\u0142a Goj<br \/>\n\t09.&nbsp;&nbsp; &nbsp;+ Jacek Kie\u0142b &ndash; od rodziny Ciupi\u0144skich<br \/>\n\t10.&nbsp;&nbsp; &nbsp;+ Jacek Kie\u0142b &ndash; od Wioletty i Grzegorza Zygmunt<br \/>\n\t11.&nbsp;&nbsp; &nbsp;+ J&oacute;zef Konieczny &ndash; od kol. i kol. Wioletty z firmy SB Complex Rzesz&oacute;w<br \/>\n\t12.&nbsp;&nbsp; &nbsp;+ J&oacute;zef Konieczny &ndash; od Zarz\u0105du firmy Dremex<br \/>\n\t13.&nbsp;&nbsp; &nbsp;+ J&oacute;zef Konieczny &ndash; od dzia\u0142u technologicznego firmy Dremex<br \/>\n\t14.&nbsp;&nbsp; &nbsp;+ J&oacute;zef Konieczny &ndash; od dzia\u0142u handlowego Wydzia\u0142u I firmy Dremex<br \/>\n\t15.&nbsp;&nbsp; &nbsp;+ J&oacute;zef Konieczny &ndash; od kol. i kol. z firmy Dremex<br \/>\n\t16.&nbsp;&nbsp; &nbsp;+ J&oacute;zef Konieczny &ndash; od kol. i kol. z firmy Dremex<br \/>\n\t17.&nbsp;&nbsp; &nbsp;+ J&oacute;zef Konieczny &ndash; od kol. i kol. Z firmy Dremex<br \/>\n\t18.&nbsp;&nbsp; &nbsp;+ Marek Kojder &ndash; od Doroty Kwiecie\u0144 z rodzin\u0105<br \/>\n\t19.&nbsp;&nbsp; &nbsp;+ Marek Kojder &ndash; od Ma\u0142gorzaty i Romana Lasek<br \/>\n\t20.&nbsp;&nbsp; &nbsp;+ Marek Kojder &ndash; od Zofii i Henryka Lasek<\/p>\n","protected":false},"excerpt":{"rendered":"<p>XVII Niedziela Zwyk\u0142a &#8211; 28-07-2024 Og\u0142oszenia Dzi\u015b o godz. 15.00 Nabo\u017ce\u0144stwo do \u015bw. J&oacute;zefa, a po Nim Msza \u015bw. W tym tygodniu w Liturgii Ko\u015bcio\u0142a wspominamy: w poniedzia\u0142ek &ndash; wspomnienie &hellip; <a href=\"https:\/\/budy.przemyska.pl\/index.php\/2024\/07\/28\/ogloszenia-parafialne-28-lipiec-2024\/\" class=\"more-link\">Czytaj dalej <span class=\"screen-reader-text\">Og\u0142oszenia parafialne 28 lipiec 2024<\/span> <span class=\"meta-nav\">&rarr;<\/span><\/a><\/p>\n","protected":false},"author":1,"featured_media":0,"comment_status":"closed","ping_status":"closed","sticky":false,"template":"","format":"standard","meta":{"footnotes":""},"categories":[6,4],"tags":[],"class_list":["post-3837","post","type-post","status-publish","format-standard","hentry","category-aktualnosci","category-ogloszenia"],"_links":{"self":[{"href":"https:\/\/budy.przemyska.pl\/index.php\/wp-json\/wp\/v2\/posts\/3837","targetHints":{"allow":["GET"]}}],"collection":[{"href":"https:\/\/budy.przemyska.pl\/index.php\/wp-json\/wp\/v2\/posts"}],"about":[{"href":"https:\/\/budy.przemyska.pl\/index.php\/wp-json\/wp\/v2\/types\/post"}],"author":[{"embeddable":true,"href":"https:\/\/budy.przemyska.pl\/index.php\/wp-json\/wp\/v2\/users\/1"}],"replies":[{"embeddable":true,"href":"https:\/\/budy.przemyska.pl\/index.php\/wp-json\/wp\/v2\/comments?post=3837"}],"version-history":[{"count":0,"href":"https:\/\/budy.przemyska.pl\/index.php\/wp-json\/wp\/v2\/posts\/3837\/revisions"}],"wp:attachment":[{"href":"https:\/\/budy.przemyska.pl\/index.php\/wp-json\/wp\/v2\/media?parent=3837"}],"wp:term":[{"taxonomy":"category","embeddable":true,"href":"https:\/\/budy.przemyska.pl\/index.php\/wp-json\/wp\/v2\/categories?post=3837"},{"taxonomy":"post_tag","embeddable":true,"href":"https:\/\/budy.przemyska.pl\/index.php\/wp-json\/wp\/v2\/tags?post=3837"}],"curies":[{"name":"wp","href":"https:\/\/api.w.org\/{rel}","templated":true}]}}