{"id":3835,"date":"2024-07-21T15:38:58","date_gmt":"2024-07-21T13:38:58","guid":{"rendered":"http:\/\/www.budylancuckie.przemyska.pl\/?p=3835"},"modified":"2024-07-21T15:38:58","modified_gmt":"2024-07-21T13:38:58","slug":"ogloszenia-parafialne-21-lipiec-2024","status":"publish","type":"post","link":"https:\/\/budy.przemyska.pl\/index.php\/2024\/07\/21\/ogloszenia-parafialne-21-lipiec-2024\/","title":{"rendered":"Og\u0142oszenia parafialne 21 lipiec 2024"},"content":{"rendered":"<h2 style=\"text-align: center;\"><strong><span style=\"color: rgb(0, 0, 128);\">XVI Niedziela Zwyk\u0142a &#8211; 21-07-2024<\/span><\/strong><\/h2>\n<h2 style=\"text-align: center;\"><strong><span style=\"color: rgb(0, 0, 128);\">Og\u0142oszenia<br \/>\n\t<\/span><\/strong><\/h2>\n<ol>\n<li>Dzi\u015b o godz. 15.00 Nabo\u017ce\u0144stwo do Mi\u0142osierdzia Bo\u017cego, a po Nim Msza \u015bw.<\/li>\n<li>W tym tygodniu w Liturgii Ko\u015bcio\u0142a wspominamy: w poniedzia\u0142ek &ndash; \u015awi\u0119to \u015bw. Marii Magdaleny, we wtorek &ndash; \u015awi\u0119to \u015bw. Brygidy, patronki Europy; w \u015brod\u0119 &ndash; wspomnienie \u015bw. Kingi; w czwartek &ndash; \u015awi\u0119to \u015bw. Jakuba, Aposto\u0142a; w pi\u0105tek &ndash; wspomnienie \u015bw. Joachima i Anny, rodzic&oacute;w NMP &#8211; (to szczeg&oacute;lny dzie\u0144 modlitwy w intencji naszych bab\u0107 i dziadk&oacute;w oraz os&oacute;b starszych). <\/li>\n<li>Dzi\u015b po ka\u017cdej Mszy \u015bw. po\u015bwiecenie pojazd&oacute;w, w zwi\u0105zku ze zbli\u017caj\u0105cym si\u0119 wspomnieniem \u015bw. Krzysztofa. Ofiary sk\u0142adane z tej racji, przeznaczone s\u0105 na zakup \u015brodk&oacute;w transportu dla Polskich misjonarzy.<\/li>\n<li>Bardzo serdecznie dzi\u0119kuj\u0119 za wykonan\u0105 prac\u0119 przy oczyszczeniu elewacji wie\u017cy ko\u015bcio\u0142a. W tym tygodniu rozpoczniemy prace zwi\u0105zane ze zmian\u0105 o\u015bwietlenia wewn\u0105trz naszego ko\u015bcio\u0142a. <\/li>\n<li>W pi\u0105tek Odpust w naszym dekanacie w parafii Grodzisko Dolne.<\/li>\n<li>Sk\u0142adam serdeczne B&oacute;g zap\u0142a\u0107 dla os&oacute;b sprz\u0105taj\u0105cych i stroj\u0105cych ko\u015bci&oacute;\u0142 oraz za wszystkie ofiary sk\u0142adane na potrzeby parafii.<\/li>\n<\/ol>\n<h3 style=\"text-align: center;\"><strong><span style=\"color: rgb(0, 0, 128);\">Intencje mszalne<\/span><\/strong><\/h3>\n<h4 style=\"text-align: center;\"><strong><span style=\"color: rgb(0, 0, 128);\">od 22 lipca 2024 do 28 lipca 2024<\/span><\/strong><\/h4>\n<h4 style=\"text-align: center;\">&nbsp;<\/h4>\n<h4><strong>Gdyby zbyt d\u0142ugi czas nie by\u0142a og\u0142oszona zam&oacute;wiona intencja mszalna &ndash; prosimy o zg\u0142oszenie tego kap\u0142anowi.&nbsp; Zam&oacute;wiona intencja nie mo\u017ce zgin\u0105\u0107.<br \/>\n\t<\/strong><\/h4>\n<p><u><strong>Poniedzia\u0142ek &#8211; 22 lipiec<br \/>\n\t<\/strong><\/u>1. + Ludwika Bartnik &ndash; (greg.)<br \/>\n\t2. + Ryszard Markowicz &ndash; 6 rocznica \u015bmierci <br \/>\n\t3. + J&oacute;zef Konieczny &ndash; od \u017cony Danuty<\/p>\n<p><u><strong>Wtorek &#8211; 23 lipiec<br \/>\n\t<\/strong><\/u>1. + Ludwika Bartnik &ndash; (greg.)<br \/>\n\t2. Dzi\u0119kczynna; z pro\u015bb\u0105 o b\u0142og. Bo\u017ce w rodzinie, z okazji 40-tej rocznicy urodzin Rafa\u0142a<br \/>\n\t3. + Franciszek, Wies\u0142aw, Jan, Cecylia <\/p>\n<p><u><strong>\u015aroda &#8211; 24 lipiec<br \/>\n\t<\/strong><\/u>1. + Ludwika Bartnik &ndash; (greg.)<br \/>\n\t2. + Jacek Kie\u0142b &ndash; od cioci Gieni i Agaty <br \/>\n\t3. + Tadeusz, Maria, Marian Benedyk oraz i ich Rodzice i Rodze\u0144stwo <\/p>\n<p><u><strong>Czwartek &#8211; 25 lipiec<\/strong><\/u><br \/>\n\t1. + Ludwika Bartnik &ndash; (greg.) <br \/>\n\t2. Dzi\u0119kczynna za otrzymane \u0142aski; z pro\u015bb\u0105 o b\u0142og. Bo\u017ce i zdrowie dla rodziny \u015awizdor&oacute;w<br \/>\n\t3. + Czes\u0142aw Piestrak oraz za zmar\u0142ych z rodzin: W\u0119grzyn&oacute;w i Piestrak&oacute;w<\/p>\n<p>\t<u><strong>Pi\u0105tek &#8211; 26 lipiec<br \/>\n\t<\/strong><\/u>1. + Ludwika Bartnik &ndash; (greg.)<br \/>\n\t2. + Anna, Stanis\u0142aw, ks. Jan Cebulak<br \/>\n\t3. + J&oacute;zef Kania &ndash; 4 rocznica \u015bmierci<\/p>\n<p><u><strong>Sobota &#8211; 27 lipiec<br \/>\n\t<\/strong><\/u>1. + Ludwika Bartnik &ndash; (greg.) <br \/>\n\t2. + Jacek Kie\u0142b &ndash; od brata Krzysztofa i And\u017celiki<br \/>\n\t3. + Micha\u0142 Stafiej &ndash; od Marii Piestrak z rodzin\u0105 <\/p>\n<p><u><strong>Niedziela &#8211; 28 lipiec<br \/>\n\t<\/strong><\/u>06.30 + Stefania, Franciszek Mach &ndash; rocznica \u015bmierci <br \/>\n\t08.00 + J&oacute;zef Ciupi\u0144ski &ndash; od wnuka Kamila z rodzin\u0105 <br \/>\n\t10.30 Za parafian<br \/>\n\t15.00 + Ludwika Bartnik &ndash; (greg.)<\/p>\n<h3 style=\"text-align: center;\"><strong><span style=\"color: rgb(0, 0, 128);\">Modlitw\u0119 r&oacute;\u017ca\u0144cow\u0105 prowadz\u0105<\/span><\/strong><\/h3>\n<p>22. Pn. R&oacute;\u017ca \u015aw. Teresy od Dzieci\u0105tka Jezus &ndash; (Dorota Dzierga)<br \/>\n\t23. Wt. R&oacute;\u017ca \u015aw. Teresy Wielkiej &ndash; (Zofia Wierzbicka)<br \/>\n\t24. \u015ar. R&oacute;\u017ca \u015aw. Tomasza Aposto\u0142a &ndash; (Stanis\u0142aw \u015alimak) <br \/>\n\t25. Cz. R&oacute;\u017ca \u015aw. Andrzeja Aposto\u0142a &ndash; (J&oacute;zef M\u0105dry)<br \/>\n\t26. Pt. KSM <br \/>\n\t27. Sb. R&oacute;\u017ca \u015aw. Agaty &ndash; (Patrycja Por\u0119bna) <br \/>\n\t28. Nd. R&oacute;\u017ca \u015aw. Agnieszki &ndash; (Ma\u0142gorzata Markowicz)<\/p>\n<h3 style=\"text-align: center;\"><strong><span style=\"color: rgb(0, 0, 128);\">Propozycja intencji do przekazania do odprawienia <br \/>\n\t<\/span><\/strong><strong><span style=\"color: rgb(0, 0, 128);\">w Wy\u017cszym Seminarium Duchownym w Przemy\u015blu<br \/>\n\t<\/span><\/strong><\/h3>\n<p>01.&nbsp;&nbsp; &nbsp;+ Stanis\u0142aw Kubis &ndash; od kole\u017canek syna Paw\u0142a z oddzia\u0142u Nefrologii<br \/>\n\t02.&nbsp;&nbsp; &nbsp;+ Stanis\u0142aw Kubis &ndash; od kole\u017canek syna Paw\u0142a z Hematologii (II pi\u0119tro)<br \/>\n\t03.&nbsp;&nbsp; &nbsp;+ Stanis\u0142aw Kubis &ndash; od kole\u017canek syna Paw\u0142a z Hematologii (II pi\u0119tro)<br \/>\n\t04.&nbsp;&nbsp; &nbsp;+ Stanis\u0142aw Kubis &ndash; od kole\u017canek syna Paw\u0142a z Radioterapii<br \/>\n\t05.&nbsp;&nbsp; &nbsp;+ Stanis\u0142aw Kubis &ndash; od kole\u017canek syna Paw\u0142a z Radioterapii<br \/>\n\t06.&nbsp;&nbsp; &nbsp;+ Stanis\u0142aw Kubis &ndash; od kole\u017canek syna Paw\u0142a z Oddzia\u0142u OIOM<br \/>\n\t07.&nbsp;&nbsp; &nbsp;+ Stanis\u0142aw Kubis &ndash; z Oddzia\u0142u Po\u0142o\u017cniczego<br \/>\n\t08.&nbsp;&nbsp; &nbsp;+ Stanis\u0142aw Kubis &ndash; z Oddzia\u0142u Ginekologia Og&oacute;lna<br \/>\n\t09.&nbsp;&nbsp; &nbsp;+ Stanis\u0142aw Kubis &ndash; z Oddzia\u0142u Ginekologia Og&oacute;lna<br \/>\n\t10.&nbsp;&nbsp; &nbsp;+ Stanis\u0142aw Kubis &ndash; od kol. syna Paw\u0142a z Oddzia\u0142u Laryngologia<br \/>\n\t11.&nbsp;&nbsp; &nbsp;+ Stanis\u0142aw Kubis &ndash; z Oddzia\u0142&oacute;w: Gastro i Wewn\u0119trzny<br \/>\n\t12.&nbsp;&nbsp; &nbsp;+ Stanis\u0142aw Kubis &ndash; kol. syna Paw\u0142a z Okulistyki i Bloku Okulistyki<br \/>\n\t13.&nbsp;&nbsp; &nbsp;+ J&oacute;zef Konieczny &ndash; od p. Justyny Konieczny<br \/>\n\t14.&nbsp;&nbsp; &nbsp;+ J&oacute;zef Konieczny &ndash; od s\u0105siad&oacute;w syna Dariusza<br \/>\n\t15.&nbsp;&nbsp; &nbsp;+ Marek Kojder &ndash; od Marka Fo\u0142ty z rodzin\u0105<br \/>\n\t16.&nbsp;&nbsp; &nbsp;+ Marek Kojder &ndash; od Marka Fo\u0142ty z rodzin\u0105<br \/>\n\t17.&nbsp;&nbsp; &nbsp;+ Marek Kojder &ndash; od Ewy i Mariusza Rybak<br \/>\n\t18.&nbsp;&nbsp; &nbsp;+ Marek Kojder &ndash; od kol. i kol. z G\u0142uchowa &ndash; Zbyszka, Zofii i Doroty<br \/>\n\t19.&nbsp;&nbsp; &nbsp;+ Marek Kojder &ndash; od Danuty<br \/>\n\t20.&nbsp;&nbsp; &nbsp;+ Marek Kojder &ndash; od Sabiny<\/p>\n","protected":false},"excerpt":{"rendered":"<p>XVI Niedziela Zwyk\u0142a &#8211; 21-07-2024 Og\u0142oszenia Dzi\u015b o godz. 15.00 Nabo\u017ce\u0144stwo do Mi\u0142osierdzia Bo\u017cego, a po Nim Msza \u015bw. W tym tygodniu w Liturgii Ko\u015bcio\u0142a wspominamy: w poniedzia\u0142ek &ndash; \u015awi\u0119to &hellip; <a href=\"https:\/\/budy.przemyska.pl\/index.php\/2024\/07\/21\/ogloszenia-parafialne-21-lipiec-2024\/\" class=\"more-link\">Czytaj dalej <span class=\"screen-reader-text\">Og\u0142oszenia parafialne 21 lipiec 2024<\/span> <span class=\"meta-nav\">&rarr;<\/span><\/a><\/p>\n","protected":false},"author":1,"featured_media":0,"comment_status":"closed","ping_status":"closed","sticky":false,"template":"","format":"standard","meta":{"footnotes":""},"categories":[6,4],"tags":[],"class_list":["post-3835","post","type-post","status-publish","format-standard","hentry","category-aktualnosci","category-ogloszenia"],"_links":{"self":[{"href":"https:\/\/budy.przemyska.pl\/index.php\/wp-json\/wp\/v2\/posts\/3835","targetHints":{"allow":["GET"]}}],"collection":[{"href":"https:\/\/budy.przemyska.pl\/index.php\/wp-json\/wp\/v2\/posts"}],"about":[{"href":"https:\/\/budy.przemyska.pl\/index.php\/wp-json\/wp\/v2\/types\/post"}],"author":[{"embeddable":true,"href":"https:\/\/budy.przemyska.pl\/index.php\/wp-json\/wp\/v2\/users\/1"}],"replies":[{"embeddable":true,"href":"https:\/\/budy.przemyska.pl\/index.php\/wp-json\/wp\/v2\/comments?post=3835"}],"version-history":[{"count":0,"href":"https:\/\/budy.przemyska.pl\/index.php\/wp-json\/wp\/v2\/posts\/3835\/revisions"}],"wp:attachment":[{"href":"https:\/\/budy.przemyska.pl\/index.php\/wp-json\/wp\/v2\/media?parent=3835"}],"wp:term":[{"taxonomy":"category","embeddable":true,"href":"https:\/\/budy.przemyska.pl\/index.php\/wp-json\/wp\/v2\/categories?post=3835"},{"taxonomy":"post_tag","embeddable":true,"href":"https:\/\/budy.przemyska.pl\/index.php\/wp-json\/wp\/v2\/tags?post=3835"}],"curies":[{"name":"wp","href":"https:\/\/api.w.org\/{rel}","templated":true}]}}