{"id":3833,"date":"2024-07-14T15:30:09","date_gmt":"2024-07-14T13:30:09","guid":{"rendered":"http:\/\/www.budylancuckie.przemyska.pl\/?p=3833"},"modified":"2024-07-14T15:30:09","modified_gmt":"2024-07-14T13:30:09","slug":"ogloszenia-parafialne-14-lipiec-2024","status":"publish","type":"post","link":"https:\/\/budy.przemyska.pl\/index.php\/2024\/07\/14\/ogloszenia-parafialne-14-lipiec-2024\/","title":{"rendered":"Og\u0142oszenia parafialne 14 lipiec 2024"},"content":{"rendered":"<h2 style=\"text-align: center;\"><strong><span style=\"color: rgb(0, 0, 128);\">XV Niedziela Zwyk\u0142a &#8211; 14-07-2024<\/span><\/strong><\/h2>\n<h2 style=\"text-align: center;\"><strong><span style=\"color: rgb(0, 0, 128);\">Og\u0142oszenia<br \/>\n\t<\/span><\/strong><\/h2>\n<ol>\n<li>Dzi\u015b o godz. 15.00 Nabo\u017ce\u0144stwo R&oacute;\u017ca\u0144cowe, a po Nim Msza \u015bw.<\/li>\n<li>W tym tygodniu w Liturgii Ko\u015bcio\u0142a wspominamy: w poniedzia\u0142ek &ndash; wspomnienie \u015bw. Bonawentury, we wtorek &ndash; wspomnienie NMP z G&oacute;ry Karmel.<\/li>\n<li>W zwi\u0105zku ze wspomnieniem \u015bw. Krzysztofa, w najbli\u017csz\u0105 niedziel\u0119 po\u015bwi\u0119cenie pojazd&oacute;w po ka\u017cdej Mszy \u015bw. <\/li>\n<li>Najbli\u017csza niedziela to III niedziela miesi\u0105ca. W naszej parafii sk\u0142adka inwestycyjna.<\/li>\n<li>Zach\u0119camy do czytania prasy katolickiej. Wiele ciekawych artyku\u0142&oacute;w dotycz\u0105cych \u017cycia religijnego Ko\u015bcio\u0142a, mo\u017ce znale\u017a\u0107 zar&oacute;wno w &bdquo;Niedzieli&rdquo;, jak i &bdquo;Go\u015bciu Niedzielnym&rdquo;.<\/li>\n<li>Sk\u0142adam serdeczne B&oacute;g zap\u0142a\u0107 dla os&oacute;b sprz\u0105taj\u0105cych i stroj\u0105cych ko\u015bci&oacute;\u0142 oraz za wszystkie ofiary sk\u0142adane na potrzeby parafii.<\/li>\n<\/ol>\n<h3 style=\"text-align: center;\"><strong><span style=\"color: rgb(0, 0, 128);\">Intencje mszalne<\/span><\/strong><\/h3>\n<h4 style=\"text-align: center;\"><strong><span style=\"color: rgb(0, 0, 128);\">od 15 lipca 2024 do 21 lipca 2024<\/span><\/strong><\/h4>\n<h4 style=\"text-align: center;\">&nbsp;<\/h4>\n<h4><strong>Gdyby zbyt d\u0142ugi czas nie by\u0142a og\u0142oszona zam&oacute;wiona intencja mszalna &ndash; prosimy o zg\u0142oszenie tego kap\u0142anowi.&nbsp; Zam&oacute;wiona intencja nie mo\u017ce zgin\u0105\u0107.<br \/>\n\t<\/strong><\/h4>\n<p><u><strong>Poniedzia\u0142ek &#8211; 15 lipiec<br \/>\n\t<\/strong><\/u>1. + Ludwika Bartnik &ndash; (greg.)<br \/>\n\t2. + J&oacute;zef Ciupi\u0144ski &ndash; od wnuczki Kingi z m\u0119\u017cem <br \/>\n\t3. Dzi\u0119kczynna za otrzymane \u0142aski; z pro\u015bb\u0105 o zdrowie i b\u0142ogos\u0142awie\u0144stwo Bo\u017ce dla Arkadiusza<\/p>\n<p><u><strong>Wtorek &#8211; 16 lipiec<br \/>\n\t<\/strong><\/u>1. + Ludwika Bartnik &ndash; (greg.)<br \/>\n\t2. + Jacek Kie\u0142b &ndash; od brata Marcina<br \/>\n\t3. + Ludwika\/k\/ i W\u0142adys\u0142aw Bartnik &ndash; od wnuczki<\/p>\n<p><u><strong>\u015aroda &#8211; 17 lipiec<br \/>\n\t<\/strong><\/u>1. + Ludwika Bartnik &ndash; (greg.)<br \/>\n\t2. + Stanis\u0142aw Kubis &ndash; od pracownik&oacute;w Sprz\u0119tu Gospodarstwa Domowego <br \/>\n\t3. + W\u0142adys\u0142awa, J&oacute;zef Bartnik <\/p>\n<p><u><strong>Czwartek &#8211; 18 lipiec<\/strong><\/u><br \/>\n\t1. + Ludwika Bartnik &ndash; (greg.) <br \/>\n\t2. + Sebastian Zamorski &ndash; rocznica \u015bmierci<br \/>\n\t3. + Janina, W\u0142adys\u0142aw, Salomea, Jan Angrys<\/p>\n<p>\t<u><strong>Pi\u0105tek &#8211; 19 lipiec<br \/>\n\t<\/strong><\/u>1. + Ludwika Bartnik &ndash; (greg.)<br \/>\n\t2. + Jacek Kie\u0142b &ndash; od siostry Barbary<br \/>\n\t3. + J&oacute;zef Ciupi\u0144ski &ndash; od wnuka Arka z rodzin\u0105<\/p>\n<p><u><strong>Sobota &#8211; 20 lipiec<br \/>\n\t<\/strong><\/u>1. + Ludwika Bartnik &ndash; (greg.) <br \/>\n\t2. Dzi\u0119kczynna za wszelkie \u0142aski; z pro\u015bb\u0105 o B\u0142og. Bo\u017ce i \u0142ask\u0119 zdrowia dla rodziny Lis&oacute;w<br \/>\n\t3. + Maria Pietrzycka <\/p>\n<p><u><strong>Niedziela &#8211; 21 lipiec<br \/>\n\t<\/strong><\/u>06.30 + J&oacute;zef Bartnik &ndash; od s\u0105siad&oacute;w z naprzeciwka <br \/>\n\t08.00 O b\u0142og. Bo\u017ce dla Pielgrzym&oacute;w do Strachociny przez wstawiennictwo \u015bw. Andrzeja Boboli <br \/>\n\t10.30 Za parafian<br \/>\n\t15.00 + Ludwika Bartnik &ndash; (greg.)<\/p>\n<h3 style=\"text-align: center;\"><strong><span style=\"color: rgb(0, 0, 128);\">Modlitw\u0119 r&oacute;\u017ca\u0144cow\u0105 prowadz\u0105<\/span><\/strong><\/h3>\n<p>15. Pn. R&oacute;\u017ca \u015aw. Marty &ndash; (Czes\u0142awa Por\u0119bna)<br \/>\n\t16. Wt. R&oacute;\u017ca Matki Bo\u017cej Szkaplerznej &ndash; (Maria K\u0142os)<br \/>\n\t17. \u015ar. R&oacute;\u017ca Matki Bo\u017cej Bolesnej &ndash; (Krystyna Szostek) <br \/>\n\t18. Cz. R&oacute;\u017ca Matki Bo\u017cej R&oacute;\u017ca\u0144cowej &ndash; (Zofia \u015awizdor)<br \/>\n\t19. Pt. KSM <br \/>\n\t20. Sb. R&oacute;\u017ca \u015aw. Jadwigi \u015al\u0105skiej &ndash; (Edyta Wal) <br \/>\n\t21. Nd. R&oacute;\u017ca \u015aw. Stanis\u0142awa Biskupa &ndash; (Wojciech Pelc)<\/p>\n<h3 style=\"text-align: center;\"><strong><span style=\"color: rgb(0, 0, 128);\">Propozycja intencji do przekazania do odprawienia <br \/>\n\t<\/span><\/strong><strong><span style=\"color: rgb(0, 0, 128);\">w Wy\u017cszym Seminarium Duchownym w Przemy\u015blu<br \/>\n\t<\/span><\/strong><\/h3>\n<p>01.&nbsp;&nbsp;&nbsp; + Wies\u0142aw Wikiera &ndash; od kuzyna Zbyszka Wikiery z rodzin\u0105<br \/>\n\t02.&nbsp;&nbsp;&nbsp; + Wies\u0142aw Wikiera &ndash; od chrzestnej Matki<br \/>\n\t03.&nbsp;&nbsp;&nbsp; + Wies\u0142aw Wikiera &ndash; od kuzynek Barbary i Jolanty<br \/>\n\t04.&nbsp;&nbsp;&nbsp; + Wies\u0142aw Wikiera &ndash; od Jerzego Kielara z rodzin\u0105 z Markowej<br \/>\n\t05.&nbsp;&nbsp;&nbsp; + Wies\u0142aw Wikiera &ndash; od Krystyny S\u0142upek z rodzin\u0105<br \/>\n\t06.&nbsp;&nbsp;&nbsp; + Wies\u0142aw Wikiera &ndash; od chrze\u015bniaka Paw\u0142a Biel&oacute;wki z rodzin\u0105<br \/>\n\t07.&nbsp;&nbsp;&nbsp; + Wies\u0142aw Wikiera &ndash; od Rafa\u0142a i Patrycji<br \/>\n\t08.&nbsp;&nbsp;&nbsp; + Wies\u0142aw Wikiera &ndash; od Andrzeja z rodzin\u0105<br \/>\n\t09.&nbsp;&nbsp;&nbsp; + Helena Bartnik &ndash; od kol. i kol. z Zak\u0142adu VIPO<br \/>\n\t10.&nbsp;&nbsp;&nbsp; + Helena Bartnik &ndash; od kol. i kol. z Zak\u0142adu VIPO<br \/>\n\t11.&nbsp;&nbsp;&nbsp; + Helena Bartnik &ndash; od Ewy i Zbigniewa St\u0119ch\u0142y<br \/>\n\t12.&nbsp;&nbsp;&nbsp; + Helena Bartnik &ndash; kol i kol. c&oacute;rki Basi z firmy VIPO<br \/>\n\t13.&nbsp;&nbsp;&nbsp; + J&oacute;zef Ciupi\u0144ski &ndash; od Wies\u0142awa Kojder z rodzin\u0105<br \/>\n\t14.&nbsp;&nbsp;&nbsp; + J&oacute;zef Ciupi\u0144ski &ndash; od Eweliny Pelc z rodzin\u0105<br \/>\n\t15.&nbsp;&nbsp;&nbsp; + J&oacute;zef Ciupi\u0144ski &ndash; od koleg&oacute;w z pracy syna Zbyszka<br \/>\n\t16.&nbsp;&nbsp;&nbsp; + J&oacute;zef Ciupi\u0144ski &ndash; od koleg&oacute;w z pracy syna Zbyszka<br \/>\n\t17.&nbsp;&nbsp;&nbsp; + Anna Kr&oacute;l &ndash; od J&oacute;zefa Jo\u0144ca<br \/>\n\t18.&nbsp;&nbsp;&nbsp; + Anna Kr&oacute;l &ndash; od kol. z pracy z Posterunku Energetycznego w \u0141a\u0144cucie<br \/>\n\t19.&nbsp;&nbsp;&nbsp; + Micha\u0142 Stafiej &ndash; od Sp&oacute;\u0142dzielni Telekomunikacyjnej w Tyczynie<br \/>\n\t20.&nbsp;&nbsp;&nbsp; + Micha\u0142 Stafiej &ndash; od Urszuli \u017bo\u0142\u0105dek<\/p>\n<p>&nbsp;<\/p>\n","protected":false},"excerpt":{"rendered":"<p>XV Niedziela Zwyk\u0142a &#8211; 14-07-2024 Og\u0142oszenia Dzi\u015b o godz. 15.00 Nabo\u017ce\u0144stwo R&oacute;\u017ca\u0144cowe, a po Nim Msza \u015bw. W tym tygodniu w Liturgii Ko\u015bcio\u0142a wspominamy: w poniedzia\u0142ek &ndash; wspomnienie \u015bw. Bonawentury, &hellip; <a href=\"https:\/\/budy.przemyska.pl\/index.php\/2024\/07\/14\/ogloszenia-parafialne-14-lipiec-2024\/\" class=\"more-link\">Czytaj dalej <span class=\"screen-reader-text\">Og\u0142oszenia parafialne 14 lipiec 2024<\/span> <span class=\"meta-nav\">&rarr;<\/span><\/a><\/p>\n","protected":false},"author":1,"featured_media":0,"comment_status":"closed","ping_status":"closed","sticky":false,"template":"","format":"standard","meta":{"footnotes":""},"categories":[6,4],"tags":[],"class_list":["post-3833","post","type-post","status-publish","format-standard","hentry","category-aktualnosci","category-ogloszenia"],"_links":{"self":[{"href":"https:\/\/budy.przemyska.pl\/index.php\/wp-json\/wp\/v2\/posts\/3833","targetHints":{"allow":["GET"]}}],"collection":[{"href":"https:\/\/budy.przemyska.pl\/index.php\/wp-json\/wp\/v2\/posts"}],"about":[{"href":"https:\/\/budy.przemyska.pl\/index.php\/wp-json\/wp\/v2\/types\/post"}],"author":[{"embeddable":true,"href":"https:\/\/budy.przemyska.pl\/index.php\/wp-json\/wp\/v2\/users\/1"}],"replies":[{"embeddable":true,"href":"https:\/\/budy.przemyska.pl\/index.php\/wp-json\/wp\/v2\/comments?post=3833"}],"version-history":[{"count":0,"href":"https:\/\/budy.przemyska.pl\/index.php\/wp-json\/wp\/v2\/posts\/3833\/revisions"}],"wp:attachment":[{"href":"https:\/\/budy.przemyska.pl\/index.php\/wp-json\/wp\/v2\/media?parent=3833"}],"wp:term":[{"taxonomy":"category","embeddable":true,"href":"https:\/\/budy.przemyska.pl\/index.php\/wp-json\/wp\/v2\/categories?post=3833"},{"taxonomy":"post_tag","embeddable":true,"href":"https:\/\/budy.przemyska.pl\/index.php\/wp-json\/wp\/v2\/tags?post=3833"}],"curies":[{"name":"wp","href":"https:\/\/api.w.org\/{rel}","templated":true}]}}