{"id":3826,"date":"2024-06-30T19:24:26","date_gmt":"2024-06-30T17:24:26","guid":{"rendered":"http:\/\/www.budylancuckie.przemyska.pl\/?p=3826"},"modified":"2024-06-30T19:24:26","modified_gmt":"2024-06-30T17:24:26","slug":"ogloszenia-parafialne-30-czerwiec-2024","status":"publish","type":"post","link":"https:\/\/budy.przemyska.pl\/index.php\/2024\/06\/30\/ogloszenia-parafialne-30-czerwiec-2024\/","title":{"rendered":"Og\u0142oszenia parafialne 30 czerwiec 2024"},"content":{"rendered":"<h2 style=\"text-align: center;\"><strong><span style=\"color: rgb(0, 0, 128);\">XIII Niedziela Zwyk\u0142a &#8211; 30-06-2024<\/span><\/strong><\/h2>\n<h2 style=\"text-align: center;\"><strong><span style=\"color: rgb(0, 0, 128);\">Og\u0142oszenia<br \/>\n\t<\/span><\/strong><\/h2>\n<ol>\n<li>Dzi\u015b o godz. 15.00 zako\u0144czenie nabo\u017ce\u0144stw do Naj\u015bwi\u0119tszego Serca Pana Jezusa, a po Nim Msza \u015bw.<\/li>\n<li>W tym tygodniu w Liturgii Ko\u015bcio\u0142a wspominamy: w \u015brod\u0119 &#8211; \u015awi\u0119to \u015bw. Tomasza Aposto\u0142a; w sobot\u0119 &ndash; wspomnienie b\u0142. Marii Teresy Led&oacute;chowskiej.<\/li>\n<li>W tym tygodniu wypada I czwartek, I pi\u0105tek i I sobota miesi\u0105ca. W czwartek Adoracja Naj\u015bwi\u0119tszego Sakramentu od godz. 17.00. <br \/>\n\t\tW tym dniu szczeg&oacute;lnie modlimy si\u0119 o nowe powo\u0142ania do S\u0142u\u017cby Bo\u017cej i za powo\u0142anych. Mo\u017cliwo\u015b\u0107 Spowiedzi \u015bw., codziennie, godzin\u0119 przed Msz\u0105 \u015bw.<\/li>\n<li>W I pi\u0105tek czcimy Naj\u015bwi\u0119tsze Serce Pana Jezusa. Msza \u015bw. rano o godz. 06.45 oraz o godz. 18.00. Po rannej Mszy \u015bw. odwiedziny chorych z Komuni\u0105 \u015bw.<\/li>\n<li>W I sobot\u0119 czcimy Niepokalane Serce NMP. Msza \u015bw. o godz. 18.00, po niej Nabo\u017ce\u0144stwo r&oacute;\u017ca\u0144cowe, procesja z figurk\u0105 Matki Bo\u017cej Fatimskiej i zmiana tajemnic r&oacute;\u017ca\u0144cowych.<\/li>\n<li>Sk\u0142adam serdeczne B&oacute;g zap\u0142a\u0107 dla os&oacute;b sprz\u0105taj\u0105cych i stroj\u0105cych ko\u015bci&oacute;\u0142 oraz za wszystkie ofiary sk\u0142adane na potrzeby parafii.<\/li>\n<\/ol>\n<h3 style=\"text-align: center;\"><strong><span style=\"color: rgb(0, 0, 128);\">Intencje mszalne<\/span><\/strong><\/h3>\n<h4 style=\"text-align: center;\"><strong><span style=\"color: rgb(0, 0, 128);\">od 1 lipca 2024 do 7 lipca 2024<\/span><\/strong><\/h4>\n<h4 style=\"text-align: center;\">&nbsp;<\/h4>\n<h4><strong>Gdyby zbyt d\u0142ugi czas nie by\u0142a og\u0142oszona zam&oacute;wiona intencja mszalna &ndash; prosimy o zg\u0142oszenie tego kap\u0142anowi.&nbsp; Zam&oacute;wiona intencja nie mo\u017ce zgin\u0105\u0107.<br \/>\n\t<\/strong><\/h4>\n<p><u><strong>Poniedzia\u0142ek &#8211; 1 lipiec<br \/>\n\t<\/strong><\/u>1. + Ludwika Bartnik &ndash; (pocz. greg.)<br \/>\n\t2. + Wies\u0142aw Brodowicz &ndash; od rodziny Pelc&oacute;w i Nawrot&oacute;w <br \/>\n\t3. + Stanis\u0142aw Kubis &ndash; od rodziny Rydzik&oacute;w<\/p>\n<p><u><strong>Wtorek &#8211; 2 lipiec<br \/>\n\t<\/strong><\/u>1. + Ludwika Bartnik &ndash; (greg.)<br \/>\n\t2. + J&oacute;zef Czupich &ndash; w rocznic\u0119 \u015bmierci <br \/>\n\t3. + Stanis\u0142aw Biel&oacute;wka (r. \u015bm.), + Zofia i Jan Kubis oraz + Adam Por\u0119bny<\/p>\n<p><u><strong>\u015aroda &#8211; 3 lipiec<br \/>\n\t<\/strong><\/u>1. + Ludwika Bartnik &ndash; (greg.)<br \/>\n\t2. + Aniela, Stanis\u0142aw Kluz; + Zofia, Albina Danak; + Zofia, Bronis\u0142aw, Andrzej Tr\u0105d <br \/>\n\t3. + Stanis\u0142awa (13 r. \u015bm.), J&oacute;zef Blok oraz ich Rodzice<\/p>\n<p><u><strong>Czwartek &#8211; 4 lipiec<\/strong><\/u><br \/>\n\t1. + Ludwika Bartnik &ndash; (greg.) <br \/>\n\t2. + Maria, Franciszek, Zofia, Karolina, Stanis\u0142aw \u015alimak <br \/>\n\t3. + Jan Lorenc; + Zofia i Andrzej Osiowy<\/p>\n<p>\t<u><strong>Pi\u0105tek &#8211; 5 lipiec<br \/>\n\t<\/strong><\/u>06.45 + Ludwika Bartnik &ndash; (greg.)<br \/>\n\t06.45 + Bogdan Szyma\u0144ski (2 r. \u015bm.) &ndash; od \u017cony <br \/>\n\t18.00 + Maria, Franciszek Cebulak<br \/>\n\t18.00 + Helena Bartnik &ndash; od s\u0105siad&oacute;w Alicji i Janusza Baj<\/p>\n<p><u><strong>Sobota &#8211; 6 lipiec<br \/>\n\t<\/strong><\/u>1. + Ludwika Bartnik &ndash; (greg.) <br \/>\n\t2. + Zuzanna Dyrda (2 r. \u015bm.) &ndash; od c&oacute;rki Heleny i wnuczki Bernadety z m\u0119\u017cem <br \/>\n\t3. + Stanis\u0142aw Socha, Jan Kurek, Aniela Kurek<\/p>\n<p><u><strong>Niedziela &#8211; 7 lipiec<br \/>\n\t<\/strong><\/u>06.30 + Jan, Katarzyna Kondel<br \/>\n\t08.00 O b\u0142og. Bo\u017ce, dary Ducha \u015awi\u0119tego i \u0142ask\u0119 zdrowia dla ksi\u0119dza Franciszka <br \/>\n\t08.00 + Franciszek Bartnik (1 r. \u015bm.) i zmarli Jego Rodzice<br \/>\n\t10.30 Za parafian<br \/>\n\t15.00 + Ludwika Bartnik &ndash; (greg.)<\/p>\n<h3 style=\"text-align: center;\"><strong><span style=\"color: rgb(0, 0, 128);\">Modlitw\u0119 r&oacute;\u017ca\u0144cow\u0105 prowadz\u0105<\/span><\/strong><\/h3>\n<p>01. Pn. R&oacute;\u017ca \u015aw. Faustyny &ndash; (Eugenia \u015awizdor)<br \/>\n\t02. Wt. R&oacute;\u017ca \u015aw. Genowefy &ndash; (Genowefa Dr\u0105\u017cek)<br \/>\n\t03. \u015ar. R&oacute;\u017ca \u015aw. Jadwigi Kr&oacute;lowej &ndash; (Halina Dyrda) <br \/>\n\t04. Cz. Dzie\u0142o Pomocy Powo\u0142aniom &ndash; (Anna Szular)<br \/>\n\t05. Pt. KSM <br \/>\n\t06. Sb. Kap\u0142an <br \/>\n\t07. Nd. Akcja Katolicka &ndash; (Modlitwy w intencji rodzin)<\/p>\n","protected":false},"excerpt":{"rendered":"<p>XIII Niedziela Zwyk\u0142a &#8211; 30-06-2024 Og\u0142oszenia Dzi\u015b o godz. 15.00 zako\u0144czenie nabo\u017ce\u0144stw do Naj\u015bwi\u0119tszego Serca Pana Jezusa, a po Nim Msza \u015bw. W tym tygodniu w Liturgii Ko\u015bcio\u0142a wspominamy: w &hellip; <a href=\"https:\/\/budy.przemyska.pl\/index.php\/2024\/06\/30\/ogloszenia-parafialne-30-czerwiec-2024\/\" class=\"more-link\">Czytaj dalej <span class=\"screen-reader-text\">Og\u0142oszenia parafialne 30 czerwiec 2024<\/span> <span class=\"meta-nav\">&rarr;<\/span><\/a><\/p>\n","protected":false},"author":1,"featured_media":0,"comment_status":"closed","ping_status":"closed","sticky":false,"template":"","format":"standard","meta":{"footnotes":""},"categories":[6,4],"tags":[],"class_list":["post-3826","post","type-post","status-publish","format-standard","hentry","category-aktualnosci","category-ogloszenia"],"_links":{"self":[{"href":"https:\/\/budy.przemyska.pl\/index.php\/wp-json\/wp\/v2\/posts\/3826","targetHints":{"allow":["GET"]}}],"collection":[{"href":"https:\/\/budy.przemyska.pl\/index.php\/wp-json\/wp\/v2\/posts"}],"about":[{"href":"https:\/\/budy.przemyska.pl\/index.php\/wp-json\/wp\/v2\/types\/post"}],"author":[{"embeddable":true,"href":"https:\/\/budy.przemyska.pl\/index.php\/wp-json\/wp\/v2\/users\/1"}],"replies":[{"embeddable":true,"href":"https:\/\/budy.przemyska.pl\/index.php\/wp-json\/wp\/v2\/comments?post=3826"}],"version-history":[{"count":0,"href":"https:\/\/budy.przemyska.pl\/index.php\/wp-json\/wp\/v2\/posts\/3826\/revisions"}],"wp:attachment":[{"href":"https:\/\/budy.przemyska.pl\/index.php\/wp-json\/wp\/v2\/media?parent=3826"}],"wp:term":[{"taxonomy":"category","embeddable":true,"href":"https:\/\/budy.przemyska.pl\/index.php\/wp-json\/wp\/v2\/categories?post=3826"},{"taxonomy":"post_tag","embeddable":true,"href":"https:\/\/budy.przemyska.pl\/index.php\/wp-json\/wp\/v2\/tags?post=3826"}],"curies":[{"name":"wp","href":"https:\/\/api.w.org\/{rel}","templated":true}]}}