{"id":3818,"date":"2024-06-23T18:50:12","date_gmt":"2024-06-23T16:50:12","guid":{"rendered":"http:\/\/www.budylancuckie.przemyska.pl\/?p=3818"},"modified":"2024-06-23T18:50:12","modified_gmt":"2024-06-23T16:50:12","slug":"ogloszenia-parafialne-23-czerwiec-2024","status":"publish","type":"post","link":"https:\/\/budy.przemyska.pl\/index.php\/2024\/06\/23\/ogloszenia-parafialne-23-czerwiec-2024\/","title":{"rendered":"Og\u0142oszenia parafialne 23 czerwiec 2024"},"content":{"rendered":"<h2 style=\"text-align: center;\"><strong><span style=\"color: rgb(0, 0, 128);\">XII Niedziela Zwyk\u0142a &#8211; 23-06-2024<\/span><\/strong><\/h2>\n<h2 style=\"text-align: center;\"><strong><span style=\"color: rgb(0, 0, 128);\">Og\u0142oszenia<br \/>\n\t<\/span><\/strong><\/h2>\n<ol>\n<li>Dzi\u015b o godz. 15.00 Nabo\u017ce\u0144stwo do Naj\u015bwi\u0119tszego Serca Pana Jezusa, a po Nim Msza \u015bw.<\/li>\n<li>W tym tygodniu w Liturgii Ko\u015bcio\u0142a wspominamy: w poniedzia\u0142ek &ndash; Uroczysto\u015b\u0107 Narodzenia \u015bw. Jana Chrzciciela; w pi\u0105tek &ndash; wspomnienie \u015bw. Ireneusza; w sobot\u0119 &ndash; Uroczysto\u015b\u0107 \u015bw. Aposto\u0142&oacute;w Piotra i Paw\u0142a (w tym dniu Msze \u015bw. o godz. 06.30; 08.00 oraz 18.00). Sk\u0142adka z tego dnia przeznaczona jest na potrzeby Stolicy Apostolskiej.<\/li>\n<li>R&oacute;wnie\u017c 29 czerwca o godz. 01.00 w nocy, wyrusza nasza parafialna Pielgrzymka na Podlasie: do Kodnia, Sok&oacute;\u0142ki, Gietrzwa\u0142du i \u015awi\u0119tej Lipki. Wyjazd z parkingu spod ko\u015bcio\u0142a.<\/li>\n<li>Przypominamy r&oacute;wnie\u017c o zapisach na Piesz\u0105 Pielgrzymk\u0119 z \u0141a\u0144cuta na Jasna G&oacute;r\u0119 w dniach 06-15 lipca. Spotkanie organizacyjne odb\u0119dzie si\u0119 w dzisiejsz\u0105 niedziel\u0119 o godz. 17.00 w Krzemienicy.<\/li>\n<li>W czwartek adoracja Naj\u015bwi\u0119tszego Sakramentu od godz. 17.00. <\/li>\n<li>Nabo\u017ce\u0144stwo do Naj\u015bwi\u0119tszego Serca Pana Jezusa, odprawiane jest codziennie, po Mszy \u015bw. o godz. 18.00.<\/li>\n<li>Sk\u0142adam serdeczne B&oacute;g zap\u0142a\u0107 dla os&oacute;b sprz\u0105taj\u0105cych i stroj\u0105cych ko\u015bci&oacute;\u0142 oraz za wszystkie ofiary sk\u0142adane na potrzeby parafii.<\/li>\n<\/ol>\n<h3 style=\"text-align: center;\"><strong><span style=\"color: rgb(0, 0, 128);\">Intencje mszalne<\/span><\/strong><\/h3>\n<h4 style=\"text-align: center;\"><strong><span style=\"color: rgb(0, 0, 128);\">od 24 czerwca 2024 do 30 czerwca 2024<\/span><\/strong><\/h4>\n<h4 style=\"text-align: center;\">&nbsp;<\/h4>\n<h4><strong>Gdyby zbyt d\u0142ugi czas nie by\u0142a og\u0142oszona zam&oacute;wiona intencja mszalna &ndash; prosimy o zg\u0142oszenie tego kap\u0142anowi.&nbsp; Zam&oacute;wiona intencja nie mo\u017ce zgin\u0105\u0107.<br \/>\n\t<\/strong><\/h4>\n<p><u><strong>Poniedzia\u0142ek &#8211; 24 czerwiec<br \/>\n\t<\/strong><\/u>1. + Teresa Baran &ndash; (greg.)<br \/>\n\t2. + Stefania, Franciszek Kubis oraz ich dzieci <br \/>\n\t3. + Weronika i Antoni G\u0142owiak<\/p>\n<p><u><strong>Wtorek &#8211; 25 czerwiec<br \/>\n\t<\/strong><\/u>1. + Teresa Baran &ndash; (greg.)<br \/>\n\t2. + J&oacute;zef Ciupi\u0144ski &ndash; od Zofii z rodzin\u0105 <br \/>\n\t3. + Maria, Wojciech, Augustyn<\/p>\n<p><u><strong>\u015aroda &#8211; 26 czerwiec<br \/>\n\t<\/strong><\/u>1. + Teresa Baran &ndash; (greg.)<br \/>\n\t2. + Genowefa Kurek &ndash; od siostrzenicy Zofii Bartnik <br \/>\n\t3. + Jacek Kie\u0142b &ndash; od brata Grzegorza z \u017con\u0105<\/p>\n<p><u><strong>Czwartek &#8211; 27 czerwiec<\/strong><\/u><br \/>\n\t1. + Teresa Baran &ndash; (greg.) <br \/>\n\t2. + Stanis\u0142aw Kubis &ndash; od s\u0105siadki Janiny Czupich<br \/>\n\t3. + J&oacute;zef Bartnik &ndash; od s\u0105siadki Janiny Szczupak<\/p>\n<p>\t<u><strong>Pi\u0105tek &#8211; 28 czerwiec<br \/>\n\t<\/strong><\/u>1. + Teresa Baran &ndash; (greg.)<br \/>\n\t2. + Renata, Stefania, Franciszek, Tadeusz Nowak<br \/>\n\t3. + Jacek Kie\u0142b &ndash; od wsp&oacute;\u0142pracownik&oacute;w brata Marcina z firmy KUSAND<\/p>\n<p><u><strong>Sobota &#8211; 29 czerwiec<br \/>\n\t<\/strong><\/u>06.30 + Teresa Baran &ndash; (greg.) <br \/>\n\t08.00 + Aniela, Franciszek Mach <br \/>\n\t18.00 Dzi\u0119kczynna za otrzymane \u0142aski; z pro\u015bb\u0105 o dalsz\u0105 Bo\u017c\u0105 opiek\u0119 nad rodzin\u0105 <\/p>\n<p><u><strong>Niedziela &#8211; 30 czerwiec<br \/>\n\t<\/strong><\/u>06.30 Dzi\u0119kczynna; z pro\u015bb\u0105 o b\u0142og. Bo\u017ce w 40 rocz. \u015blubu<br \/>\n\t08.00 + Andrzej Bo\u017cek (r. \u015bm.) oraz zmarli Rodzice <br \/>\n\t10.30 Za parafian<br \/>\n\t15.00 + Teresa Baran &ndash; (zak. greg.)<\/p>\n<h3 style=\"text-align: center;\"><strong><span style=\"color: rgb(0, 0, 128);\">Modlitw\u0119 r&oacute;\u017ca\u0144cow\u0105 prowadz\u0105<\/span><\/strong><\/h3>\n<p>24. Pn. R&oacute;\u017ca \u015aw. Zofii &ndash; (Zofia Kurek)<br \/>\n\t25. Wt. R&oacute;\u017ca \u015aw. Cecylii &ndash; (Krystyna Markowicz)<br \/>\n\t26. \u015ar. R&oacute;\u017ca \u015aw. El\u017cbiety &ndash; (Alina Trojnar) <br \/>\n\t27. Cz. R&oacute;\u017ca \u015aw. Faustyny &ndash; (Eugenia \u015awizdor)<br \/>\n\t28. Pt. KSM <br \/>\n\t29. Sb. R&oacute;\u017ca \u015aw. Genowefy &ndash; (Genowefa Dr\u0105\u017cek) <br \/>\n\t30. Nd. R&oacute;\u017ca \u015aw. Jadwigi Kr&oacute;lowej &ndash; (Halina Dyrda)<\/p>\n<h3 style=\"text-align: center;\"><strong><span style=\"color: rgb(0, 0, 128);\">Propozycja intencji do przekazania do odprawienia <br \/>\n\t<\/span><\/strong><strong><span style=\"color: rgb(0, 0, 128);\">w Wy\u017cszym Seminarium Duchownym w Przemy\u015blu<br \/>\n\t<\/span><\/strong><\/h3>\n<p>01.&nbsp;&nbsp;&nbsp; + Stanis\u0142aw Kubis &ndash; od kole\u017canek syna Paw\u0142a z Izby Przyj\u0119\u0107 z ul. Chopina<br \/>\n\t02.&nbsp;&nbsp;&nbsp; + Stanis\u0142aw Kubis &ndash; od kole\u017canek syna Paw\u0142a z Izby Przyj\u0119\u0107 z ul. Chopina<br \/>\n\t03.&nbsp;&nbsp;&nbsp; + Stanis\u0142aw Kubis &ndash; z Oddzia\u0142u Psychiatrycznego i Apteki<br \/>\n\t04.&nbsp;&nbsp;&nbsp; + Stanis\u0142aw Kubis &ndash; z Oddzia\u0142u Psychiatrycznego i Apteki<br \/>\n\t05.&nbsp;&nbsp;&nbsp; + Stanis\u0142aw Kubis &ndash; z Oddzia\u0142u Chemioterapii<br \/>\n\t06.&nbsp;&nbsp;&nbsp; + Stanis\u0142aw Kubis &ndash; z Oddzia\u0142u Chirurgii Szcz\u0119kowej<br \/>\n\t07.&nbsp;&nbsp;&nbsp; + Helena Bartnik &ndash; od W\u0142a\u015bcicieli i Pracownik&oacute;w firmy Elkomtel<br \/>\n\t08.&nbsp;&nbsp;&nbsp; + Helena Bartnik &ndash; od W\u0142a\u015bcicieli i Pracownik&oacute;w firmy Elkomtel<br \/>\n\t09.&nbsp;&nbsp;&nbsp; + Helena Bartnik &ndash; od W\u0142a\u015bcicieli i Pracownik&oacute;w firmy Elkomtel<br \/>\n\t10.&nbsp;&nbsp;&nbsp; + Helena Bartnik &ndash; od W\u0142a\u015bcicieli i Pracownik&oacute;w firmy Elkomtel<br \/>\n\t11.&nbsp;&nbsp;&nbsp; + Helena Bartnik &ndash; od W\u0142a\u015bcicieli i Pracownik&oacute;w firmy Elkomtel<br \/>\n\t12.&nbsp;&nbsp;&nbsp; + Jacek Kie\u0142b &ndash; od kole\u017canek siostry Barbary ze sklepu nr 1<br \/>\n\t13.&nbsp;&nbsp;&nbsp; + Jacek Kie\u0142b &ndash; od kole\u017canek siostry Barbary ze sklepu nr 2<br \/>\n\t14.&nbsp;&nbsp;&nbsp; + Jacek Kie\u0142b &ndash; od kole\u017canek siostry Barbary ze sklepu nr 5<br \/>\n\t15.&nbsp;&nbsp;&nbsp; + Jacek Kie\u0142b &ndash; od Anny Mazur z rodzin\u0105<br \/>\n\t16.&nbsp;&nbsp;&nbsp; + Jacek Kie\u0142b &ndash; od Wioli Piek\u0142o z \u0141a\u0144cuta<br \/>\n\t17.&nbsp;&nbsp;&nbsp; + J&oacute;zef Konieczny &ndash; od El\u017cbiety i Stanis\u0142awa z Gorliczyny<br \/>\n\t18.&nbsp;&nbsp;&nbsp; + J&oacute;zef Konieczny &ndash; od Barbary i Bogdana Pelc z Radymna<br \/>\n\t19.&nbsp;&nbsp;&nbsp; + J&oacute;zef Konieczny &ndash; od szwagra Ryszarda<br \/>\n\t20.&nbsp;&nbsp;&nbsp; + J&oacute;zef Konieczny &ndash; od Bernardy z rodzin\u0105<\/p>\n","protected":false},"excerpt":{"rendered":"<p>XII Niedziela Zwyk\u0142a &#8211; 23-06-2024 Og\u0142oszenia Dzi\u015b o godz. 15.00 Nabo\u017ce\u0144stwo do Naj\u015bwi\u0119tszego Serca Pana Jezusa, a po Nim Msza \u015bw. W tym tygodniu w Liturgii Ko\u015bcio\u0142a wspominamy: w poniedzia\u0142ek &hellip; <a href=\"https:\/\/budy.przemyska.pl\/index.php\/2024\/06\/23\/ogloszenia-parafialne-23-czerwiec-2024\/\" class=\"more-link\">Czytaj dalej <span class=\"screen-reader-text\">Og\u0142oszenia parafialne 23 czerwiec 2024<\/span> <span class=\"meta-nav\">&rarr;<\/span><\/a><\/p>\n","protected":false},"author":1,"featured_media":0,"comment_status":"closed","ping_status":"closed","sticky":false,"template":"","format":"standard","meta":{"footnotes":""},"categories":[6,4],"tags":[],"class_list":["post-3818","post","type-post","status-publish","format-standard","hentry","category-aktualnosci","category-ogloszenia"],"_links":{"self":[{"href":"https:\/\/budy.przemyska.pl\/index.php\/wp-json\/wp\/v2\/posts\/3818","targetHints":{"allow":["GET"]}}],"collection":[{"href":"https:\/\/budy.przemyska.pl\/index.php\/wp-json\/wp\/v2\/posts"}],"about":[{"href":"https:\/\/budy.przemyska.pl\/index.php\/wp-json\/wp\/v2\/types\/post"}],"author":[{"embeddable":true,"href":"https:\/\/budy.przemyska.pl\/index.php\/wp-json\/wp\/v2\/users\/1"}],"replies":[{"embeddable":true,"href":"https:\/\/budy.przemyska.pl\/index.php\/wp-json\/wp\/v2\/comments?post=3818"}],"version-history":[{"count":0,"href":"https:\/\/budy.przemyska.pl\/index.php\/wp-json\/wp\/v2\/posts\/3818\/revisions"}],"wp:attachment":[{"href":"https:\/\/budy.przemyska.pl\/index.php\/wp-json\/wp\/v2\/media?parent=3818"}],"wp:term":[{"taxonomy":"category","embeddable":true,"href":"https:\/\/budy.przemyska.pl\/index.php\/wp-json\/wp\/v2\/categories?post=3818"},{"taxonomy":"post_tag","embeddable":true,"href":"https:\/\/budy.przemyska.pl\/index.php\/wp-json\/wp\/v2\/tags?post=3818"}],"curies":[{"name":"wp","href":"https:\/\/api.w.org\/{rel}","templated":true}]}}