{"id":3815,"date":"2024-06-16T11:10:35","date_gmt":"2024-06-16T09:10:35","guid":{"rendered":"http:\/\/www.budylancuckie.przemyska.pl\/?p=3815"},"modified":"2024-06-16T11:10:35","modified_gmt":"2024-06-16T09:10:35","slug":"ogloszenia-parafialne-16-czerwiec-2024","status":"publish","type":"post","link":"https:\/\/budy.przemyska.pl\/index.php\/2024\/06\/16\/ogloszenia-parafialne-16-czerwiec-2024\/","title":{"rendered":"Og\u0142oszenia parafialne 16 czerwiec 2024"},"content":{"rendered":"<h2 style=\"text-align: center;\"><strong><span style=\"color: rgb(0, 0, 128);\">XI Niedziela Zwyk\u0142a &#8211; 16-06-2024<\/span><\/strong><\/h2>\n<h2 style=\"text-align: center;\"><strong><span style=\"color: rgb(0, 0, 128);\">Og\u0142oszenia<br \/>\n\t<\/span><\/strong><\/h2>\n<ol>\n<li>Dzi\u015b o godz. 15.00 Nabo\u017ce\u0144stwo do Naj\u015bwi\u0119tszego Serca Pana Jezusa, a po Nim Msza \u015bw.<\/li>\n<li>W tym tygodniu w Liturgii Ko\u015bcio\u0142a wspominamy: w poniedzia\u0142ek &ndash; wspomnienie \u015bw. Brata Alberta Chmielowskiego, zakonnika; w pi\u0105tek &ndash; wspomnienie \u015bw. Alojzego Gonzagi, zakonnika.<\/li>\n<li>W pi\u0105tek o godz. 08.00 Msza \u015bw. na zako\u0144czenie roku szkolnego. Zapraszamy wszystkich nauczycieli, uczni&oacute;w i rodzic&oacute;w do okazania Panu Bogu wdzi\u0119czno\u015bci za dar zdobywanej wiedzy i ca\u0142orocznej pracy.<\/li>\n<li>Mo\u017cliwo\u015b\u0107 skorzystania ze Spowiedzi \u015bw. na zako\u0144czenie roku szkolnego, codziennie, godzin\u0119 przed Msz\u0105 \u015bw. Prosimy rodzic&oacute;w o zach\u0119t\u0119 dla swoich dzieci, aby skorzysta\u0142y z Sakramentu Pojednania.<\/li>\n<li>W czwartek adoracja Naj\u015bwi\u0119tszego Sakramentu od godz. 17.00. <\/li>\n<li>Codziennie odprawiane Nabo\u017ce\u0144stwo do Naj\u015bwi\u0119tszego Serca Pana Jezusa, po Mszy \u015bw. o godz. 18.00.<\/li>\n<li>Zach\u0119camy do czytania prasy katolickiej. Mo\u017cemy tam znale\u017a\u0107 wiele ciekawych artyku\u0142&oacute;w dotycz\u0105cych \u017cycia religijnego i aktualnych spraw spo\u0142ecznych.<\/li>\n<li>Sk\u0142adam serdeczne B&oacute;g zap\u0142a\u0107 dla os&oacute;b sprz\u0105taj\u0105cych i stroj\u0105cych ko\u015bci&oacute;\u0142 oraz za wszystkie ofiary sk\u0142adane na potrzeby parafii.<\/li>\n<\/ol>\n<h3 style=\"text-align: center;\"><strong><span style=\"color: rgb(0, 0, 128);\">Intencje mszalne<\/span><\/strong><\/h3>\n<h4 style=\"text-align: center;\"><strong><span style=\"color: rgb(0, 0, 128);\">od 17 czerwca 2024 do 23 czerwca 2024<\/span><\/strong><\/h4>\n<h4 style=\"text-align: center;\">&nbsp;<\/h4>\n<h4><strong>Gdyby zbyt d\u0142ugi czas nie by\u0142a og\u0142oszona zam&oacute;wiona intencja mszalna &ndash; prosimy o zg\u0142oszenie tego kap\u0142anowi.&nbsp; Zam&oacute;wiona intencja nie mo\u017ce zgin\u0105\u0107.<br \/>\n\t<\/strong><\/h4>\n<p><u><strong>Poniedzia\u0142ek &#8211; 17 czerwiec<br \/>\n\t<\/strong><\/u>1. + Teresa Baran &ndash; (greg.)<br \/>\n\t2. + Genowefa Kurek &ndash; od wnuczki z rodzin\u0105 <br \/>\n\t3. + Wies\u0142aw Brodowicz &ndash; od bratanka Mateusza z rodzin\u0105<\/p>\n<p><u><strong>Wtorek &#8211; 18 czerwiec<br \/>\n\t<\/strong><\/u>1. + Teresa Baran &ndash; (greg.)<br \/>\n\t2. + J&oacute;zef Ciupi\u0144ski &ndash; od kole\u017canek NIEZABUDEK c. Bo\u017ceny <br \/>\n\t3. + W\u0142adys\u0142aw, Zofia Kojder i ich Rodzice<\/p>\n<p><u><strong>\u015aroda &#8211; 19 czerwiec<br \/>\n\t<\/strong><\/u>1. + Teresa Baran &ndash; (greg.)<br \/>\n\t2. + Dariusz Cebulak &ndash; w rocznic\u0119 \u015bmierci <br \/>\n\t3. + Stanis\u0142aw Lasek &ndash; z R&oacute;\u017cy \u015bw. Stanis\u0142awa Biskupa<\/p>\n<p><u><strong>Czwartek &#8211; 20 czerwiec<\/strong><\/u><br \/>\n\t1. + Teresa Baran &ndash; (greg.) <br \/>\n\t2. + Jan Walanus i zmarli z rodziny <br \/>\n\t3. + Stanis\u0142aw Kubis &ndash; od kuzyna Jana Bulik z rodzin\u0105 <\/p>\n<p>\t<u><strong>Pi\u0105tek &#8211; 21 czerwiec<br \/>\n\t<\/strong><\/u>1. + Teresa Baran &ndash; (greg.)<br \/>\n\t2. + Teresa Cebula &ndash; rocznica \u015bmieci<br \/>\n\t3. + Stanis\u0142aw, Boles\u0142aw, Maria i W\u0142adys\u0142aw<\/p>\n<p><u><strong>Sobota &#8211; 22 czerwiec<br \/>\n\t<\/strong><\/u>1. + Teresa Baran &ndash; (greg.) <br \/>\n\t2. + J&oacute;zef Ciupi\u0144ski &ndash; od Ryszarda Kojder z rodzin\u0105 <br \/>\n\t3. Dzi\u0119kczynna za otrzymane \u0142aski; z pro\u015bb\u0105 o dalsz\u0105 opiek\u0119 Matki Bo\u017cej<\/p>\n<p><u><strong>Niedziela &#8211; 23 czerwiec<br \/>\n\t<\/strong><\/u>06.30 Za parafian<br \/>\n\t08.00 + Maria Kubis &ndash; 5 rocznica \u015bmierci<br \/>\n\t08.00 + J&oacute;zef Mazur (r. \u015bm.) oraz zmarli Rodzice: Anna, Jan i Rodze\u0144stwo<br \/>\n\t10.30 + Stanis\u0142aw Kochman &ndash; od c&oacute;rki Anny z rodzin\u0105<br \/>\n\t15.00 + Teresa Baran &ndash; (greg.)<\/p>\n<h3 style=\"text-align: center;\"><strong><span style=\"color: rgb(0, 0, 128);\">Modlitw\u0119 r&oacute;\u017ca\u0144cow\u0105 prowadz\u0105<\/span><\/strong><\/h3>\n<p>17. Pn. R&oacute;\u017ca \u015aw. Teresy od Dzieci\u0105tka Jezus &ndash; (Dorota Dzierga)<br \/>\n\t18. Wt. R&oacute;\u017ca \u015aw. Teresy Wielkiej &ndash; (Zofia Wierzbicka)<br \/>\n\t19. \u015ar. R&oacute;\u017ca \u015aw. Tomasza Aposto\u0142a &ndash; (Stanis\u0142aw \u015alimak) <br \/>\n\t20. Cz. R&oacute;\u017ca \u015aw. Andrzeja Aposto\u0142a &ndash; (J&oacute;zef M\u0105dry)<br \/>\n\t21. Pt. KSM <br \/>\n\t22. Sb. R&oacute;\u017ca \u015aw. Agaty &ndash; (Patrycja Por\u0119bna) <br \/>\n\t23. Nd. R&oacute;\u017ca \u015aw. Agnieszki &ndash; (Ma\u0142gorzata Markowicz)<\/p>\n","protected":false},"excerpt":{"rendered":"<p>XI Niedziela Zwyk\u0142a &#8211; 16-06-2024 Og\u0142oszenia Dzi\u015b o godz. 15.00 Nabo\u017ce\u0144stwo do Naj\u015bwi\u0119tszego Serca Pana Jezusa, a po Nim Msza \u015bw. W tym tygodniu w Liturgii Ko\u015bcio\u0142a wspominamy: w poniedzia\u0142ek &hellip; <a href=\"https:\/\/budy.przemyska.pl\/index.php\/2024\/06\/16\/ogloszenia-parafialne-16-czerwiec-2024\/\" class=\"more-link\">Czytaj dalej <span class=\"screen-reader-text\">Og\u0142oszenia parafialne 16 czerwiec 2024<\/span> <span class=\"meta-nav\">&rarr;<\/span><\/a><\/p>\n","protected":false},"author":1,"featured_media":0,"comment_status":"closed","ping_status":"closed","sticky":false,"template":"","format":"standard","meta":{"footnotes":""},"categories":[6,4],"tags":[],"class_list":["post-3815","post","type-post","status-publish","format-standard","hentry","category-aktualnosci","category-ogloszenia"],"_links":{"self":[{"href":"https:\/\/budy.przemyska.pl\/index.php\/wp-json\/wp\/v2\/posts\/3815","targetHints":{"allow":["GET"]}}],"collection":[{"href":"https:\/\/budy.przemyska.pl\/index.php\/wp-json\/wp\/v2\/posts"}],"about":[{"href":"https:\/\/budy.przemyska.pl\/index.php\/wp-json\/wp\/v2\/types\/post"}],"author":[{"embeddable":true,"href":"https:\/\/budy.przemyska.pl\/index.php\/wp-json\/wp\/v2\/users\/1"}],"replies":[{"embeddable":true,"href":"https:\/\/budy.przemyska.pl\/index.php\/wp-json\/wp\/v2\/comments?post=3815"}],"version-history":[{"count":0,"href":"https:\/\/budy.przemyska.pl\/index.php\/wp-json\/wp\/v2\/posts\/3815\/revisions"}],"wp:attachment":[{"href":"https:\/\/budy.przemyska.pl\/index.php\/wp-json\/wp\/v2\/media?parent=3815"}],"wp:term":[{"taxonomy":"category","embeddable":true,"href":"https:\/\/budy.przemyska.pl\/index.php\/wp-json\/wp\/v2\/categories?post=3815"},{"taxonomy":"post_tag","embeddable":true,"href":"https:\/\/budy.przemyska.pl\/index.php\/wp-json\/wp\/v2\/tags?post=3815"}],"curies":[{"name":"wp","href":"https:\/\/api.w.org\/{rel}","templated":true}]}}