{"id":3813,"date":"2024-06-09T07:25:03","date_gmt":"2024-06-09T05:25:03","guid":{"rendered":"http:\/\/www.budylancuckie.przemyska.pl\/?p=3813"},"modified":"2024-06-09T07:25:03","modified_gmt":"2024-06-09T05:25:03","slug":"ogloszenia-parafialne-9-czerwiec-2024","status":"publish","type":"post","link":"https:\/\/budy.przemyska.pl\/index.php\/2024\/06\/09\/ogloszenia-parafialne-9-czerwiec-2024\/","title":{"rendered":"Og\u0142oszenia parafialne 9 czerwiec 2024"},"content":{"rendered":"<h2 style=\"text-align: center;\"><strong><span style=\"color: rgb(0, 0, 128);\">X Niedziela Zwyk\u0142a &#8211; 09-06-2024<\/span><\/strong><\/h2>\n<h2 style=\"text-align: center;\"><strong><span style=\"color: rgb(0, 0, 128);\">Og\u0142oszenia<br \/>\n\t<\/span><\/strong><\/h2>\n<ol>\n<li>Dzi\u015b o godz. 15.00 Nabo\u017ce\u0144stwo do Naj\u015bwi\u0119tszego Serca Pana Jezusa, a po Nim Msza \u015bw.<\/li>\n<li>W tym tygodniu w Liturgii Ko\u015bcio\u0142a wspominamy: we wtorek &ndash; wspomnienie \u015bw. Barnaby, aposto\u0142a; w \u015brod\u0119 &ndash; wspomnienie b\u0142ogos\u0142awionych m\u0119czennik&oacute;w: Achillesa Pucha\u0142y, Celestyny Faron i Stanis\u0142awa Starowiejskiego; w czwartek &ndash; wspomnienie \u015bw. Antoniego z Padwy; w pi\u0105tek &ndash; wspomnienie b\u0142. Micha\u0142a Kozala, biskupa i m\u0119czennika.<\/li>\n<li>W czwartek adoracja Naj\u015bwi\u0119tszego Sakramentu od godz. 17.00. <br \/>\n\t\tPo Mszy \u015bw. spotkanie Akcji Katolickiej<\/li>\n<li>Za tydzie\u0144 III niedziela miesi\u0105ca. W naszej parafii taca na planowane inwestycje.<\/li>\n<li>Codziennie odprawiane Nabo\u017ce\u0144stwo do Naj\u015bwi\u0119tszego Serca Pana Jezusa, po Mszy \u015bw. o godz. 18.00.<\/li>\n<li>Jak co roku, planowana jest Piesza Pielgrzymka z \u0141a\u0144cuta na Jasna G&oacute;r\u0119 w dniach 06-15 lipca. Zapisy telefonicznie pod numerem 509 799 932. Wszelkich informacji udziela ks. Wiktor Florek, wikariusz w Krzemienicy. Spotkanie organizacyjne odb\u0119dzie si\u0119 w niedziel\u0119 23 czerwca o godz. 17.00 w Krzemienicy.<\/li>\n<li>W najbli\u017csz\u0105 sobot\u0119 planowane s\u0105 prace przy oczyszczeniu p&oacute;\u0142nocnej strony ko\u015bcio\u0142a, o ile pogoda pozwoli, tak aby elewacji \u015bwi\u0105tyni przywr&oacute;ci\u0107 pierwotny wygl\u0105d.<\/li>\n<li>Sk\u0142adam serdeczne B&oacute;g zap\u0142a\u0107 dla os&oacute;b sprz\u0105taj\u0105cych i stroj\u0105cych ko\u015bci&oacute;\u0142 oraz za wszystkie ofiary sk\u0142adane na potrzeby parafii.<\/li>\n<\/ol>\n<h3 style=\"text-align: center;\"><strong><span style=\"color: rgb(0, 0, 128);\">Intencje mszalne<\/span><\/strong><\/h3>\n<h4 style=\"text-align: center;\"><strong><span style=\"color: rgb(0, 0, 128);\">od 10 czerwca 2024 do 16 czerwca 2024<\/span><\/strong><\/h4>\n<h4 style=\"text-align: center;\">&nbsp;<\/h4>\n<h4><strong>Gdyby zbyt d\u0142ugi czas nie by\u0142a og\u0142oszona zam&oacute;wiona intencja mszalna &ndash; prosimy o zg\u0142oszenie tego kap\u0142anowi.&nbsp; Zam&oacute;wiona intencja nie mo\u017ce zgin\u0105\u0107.<br \/>\n\t<\/strong><\/h4>\n<p><u><strong>Poniedzia\u0142ek &#8211; 10 czerwiec<br \/>\n\t<\/strong><\/u>1. + Teresa Baran &ndash; (greg.)<br \/>\n\t2. + Genowefa Kurek &ndash; od synowej z rodzin\u0105 <br \/>\n\t3. + Helena Bartnik &ndash; od Barbary z rodzin\u0105<\/p>\n<p><u><strong>Wtorek &#8211; 11 czerwiec<br \/>\n\t<\/strong><\/u>1. + Teresa Baran &ndash; (greg.)<br \/>\n\t2. + Stanis\u0142aw Kubis &ndash; od Stanis\u0142awa Krauz z Opalenisk <br \/>\n\t3. + Stefania Wasilewska i zmarli Rodzice<\/p>\n<p><u><strong>\u015aroda &#8211; 12 czerwiec<br \/>\n\t<\/strong><\/u>1. + Teresa Baran &ndash; (greg.)<br \/>\n\t2. + Zofia Tr\u0105d (2 r. \u015bm.) oraz + Bronis\u0142aw, Andrzej, Aniela, Stanis\u0142aw Kluz, a tak\u017ce: + Albina i Zofia Danak <br \/>\n\t3. + W\u0142adys\u0142aw, Karolina, Tadeusz, Agata Tonia<\/p>\n<p><u><strong>Czwartek &#8211; 13 czerwiec<\/strong><\/u><br \/>\n\t1. + Teresa Baran &ndash; (greg.) <br \/>\n\t2. + Ks. Jan Cebulak i zmarli Rodzice <br \/>\n\t3. + Salomea Cebulak &ndash; rocznica \u015bmierci<\/p>\n<p>\t<u><strong>Pi\u0105tek &#8211; 14 czerwiec<br \/>\n\t<\/strong><\/u>1. + Teresa Baran &ndash; (greg.)<br \/>\n\t2. + J&oacute;zef Ciupi\u0144ski &ndash; od syna Krzysztofa z rodzin\u0105<br \/>\n\t3. + Stanis\u0142aw Kubis &ndash; od chrzestnej Doroty Dec z rodzin\u0105<\/p>\n<p><u><strong>Sobota &#8211; 15 czerwiec<br \/>\n\t<\/strong><\/u>1. + Teresa Baran &ndash; (greg.) <br \/>\n\t2. + Anna Kr&oacute;l &ndash; od rodziny Kukulskich <br \/>\n\t3. + Jacek Kie\u0142b &ndash; od Rodzic&oacute;w<\/p>\n<p><u><strong>Niedziela &#8211; 16 czerwiec<br \/>\n\t<\/strong><\/u>06.30 + Helena Kojder (1 r. \u015bm.) &ndash; od c&oacute;rki Agaty <br \/>\n\t08.00 Dzi\u0119kczynna; z pro\u015bb\u0105 o dalsze \u0142aski i b\u0142og. Bo\u017ce dla Bogumi\u0142y i Antoniego w 40 rocznic\u0119 \u015blubu <br \/>\n\t10.30 Za parafian<br \/>\n\t15.00 + Teresa Baran &ndash; (greg.)<\/p>\n<h3 style=\"text-align: center;\"><strong><span style=\"color: rgb(0, 0, 128);\">Modlitw\u0119 r&oacute;\u017ca\u0144cow\u0105 prowadz\u0105<\/span><\/strong><\/h3>\n<p>10. Pn. R&oacute;\u017ca \u015aw. Jadwigi \u015al\u0105skiej &ndash; (Edyta Wal)<br \/>\n\t11. Wt. R&oacute;\u017ca Matki Bo\u017cej Bolesnej &ndash; (Krystyna Szostek)<br \/>\n\t12. \u015ar. R&oacute;\u017ca Matki Bo\u017cej R&oacute;\u017ca\u0144cowej &ndash; (Zofia \u015awizdor) <br \/>\n\t13. Cz. Akcja Katolicka<br \/>\n\t14. Pt. KSM <br \/>\n\t15. Sb. R&oacute;\u017ca Matki Bo\u017cej Szkaplerznej &ndash; (Maria K\u0142os) <br \/>\n\t16. Nd. R&oacute;\u017ca \u015aw. Stanis\u0142awa Biskupa &ndash; (Wojciech Pelc)<\/p>\n","protected":false},"excerpt":{"rendered":"<p>X Niedziela Zwyk\u0142a &#8211; 09-06-2024 Og\u0142oszenia Dzi\u015b o godz. 15.00 Nabo\u017ce\u0144stwo do Naj\u015bwi\u0119tszego Serca Pana Jezusa, a po Nim Msza \u015bw. W tym tygodniu w Liturgii Ko\u015bcio\u0142a wspominamy: we wtorek &hellip; <a href=\"https:\/\/budy.przemyska.pl\/index.php\/2024\/06\/09\/ogloszenia-parafialne-9-czerwiec-2024\/\" class=\"more-link\">Czytaj dalej <span class=\"screen-reader-text\">Og\u0142oszenia parafialne 9 czerwiec 2024<\/span> <span class=\"meta-nav\">&rarr;<\/span><\/a><\/p>\n","protected":false},"author":1,"featured_media":0,"comment_status":"closed","ping_status":"closed","sticky":false,"template":"","format":"standard","meta":{"footnotes":""},"categories":[6,4],"tags":[],"class_list":["post-3813","post","type-post","status-publish","format-standard","hentry","category-aktualnosci","category-ogloszenia"],"_links":{"self":[{"href":"https:\/\/budy.przemyska.pl\/index.php\/wp-json\/wp\/v2\/posts\/3813","targetHints":{"allow":["GET"]}}],"collection":[{"href":"https:\/\/budy.przemyska.pl\/index.php\/wp-json\/wp\/v2\/posts"}],"about":[{"href":"https:\/\/budy.przemyska.pl\/index.php\/wp-json\/wp\/v2\/types\/post"}],"author":[{"embeddable":true,"href":"https:\/\/budy.przemyska.pl\/index.php\/wp-json\/wp\/v2\/users\/1"}],"replies":[{"embeddable":true,"href":"https:\/\/budy.przemyska.pl\/index.php\/wp-json\/wp\/v2\/comments?post=3813"}],"version-history":[{"count":0,"href":"https:\/\/budy.przemyska.pl\/index.php\/wp-json\/wp\/v2\/posts\/3813\/revisions"}],"wp:attachment":[{"href":"https:\/\/budy.przemyska.pl\/index.php\/wp-json\/wp\/v2\/media?parent=3813"}],"wp:term":[{"taxonomy":"category","embeddable":true,"href":"https:\/\/budy.przemyska.pl\/index.php\/wp-json\/wp\/v2\/categories?post=3813"},{"taxonomy":"post_tag","embeddable":true,"href":"https:\/\/budy.przemyska.pl\/index.php\/wp-json\/wp\/v2\/tags?post=3813"}],"curies":[{"name":"wp","href":"https:\/\/api.w.org\/{rel}","templated":true}]}}