{"id":3809,"date":"2024-06-02T10:45:42","date_gmt":"2024-06-02T08:45:42","guid":{"rendered":"http:\/\/www.budylancuckie.przemyska.pl\/?p=3809"},"modified":"2024-06-02T10:45:42","modified_gmt":"2024-06-02T08:45:42","slug":"ogloszenia-parafialne-2-czerwiec-2024","status":"publish","type":"post","link":"https:\/\/budy.przemyska.pl\/index.php\/2024\/06\/02\/ogloszenia-parafialne-2-czerwiec-2024\/","title":{"rendered":"Og\u0142oszenia parafialne 2 czerwiec 2024"},"content":{"rendered":"<h2 style=\"text-align: center;\"><strong><span style=\"color: rgb(0, 0, 128);\">IX Niedziela Zwyk\u0142a &#8211; 02-06-2024<\/span><\/strong><\/h2>\n<h2 style=\"text-align: center;\"><strong><span style=\"color: rgb(0, 0, 128);\">Og\u0142oszenia<br \/>\n\t<\/span><\/strong><\/h2>\n<ol>\n<li>Dzi\u015b o godz. 15.00 Nabo\u017ce\u0144stwo Eucharystyczne, i Litania do Naj\u015bwi\u0119tszego Serca Pana Jezusa, a po Nim Msza \u015bw.<\/li>\n<li>W tym tygodniu w Liturgii Ko\u015bcio\u0142a wspominamy: w poniedzia\u0142ek &ndash;<br \/>\n\t\twspomnienie \u015bw. Karola Lwangi i Towarzyszy; w \u015brod\u0119 &ndash; \u015bw. Bonifacego; w pi\u0105tek &ndash; Uroczysto\u015b\u0107 Naj\u015bwi\u0119tszego Serca Pana Jezusa; w sobot\u0119 &ndash; wspomnienie Niepokalanego Serca NMP.<\/li>\n<li>Codziennie przez dni trwaj\u0105cej Oktawy Bo\u017cego Cia\u0142a, procesja Eucharystyczna po Mszy \u015bw. dooko\u0142a ko\u015bcio\u0142a. Zapraszamy dzieci pierwszokomunijne oraz dzieci do sypania kwiat&oacute;w, a tak\u017ce m\u0142odzie\u017c do niesienia chor\u0105gwi i feretron&oacute;w i parafian do licznego udzia\u0142u.<\/li>\n<li>W \u015brod\u0119 po Mszy \u015bw. i po procesji nast\u0105pi przekazanie Obrazu Serca Pana Jezusa dla mieszka\u0144c&oacute;w Korniaktowa P&oacute;\u0142nocnego. Zako\u0144czy\u0142a si\u0119 ju\u017c peregrynacja na Prawej Stronie i rozpoczniemy Nawiedzenie w Korniaktowie od p. Eugeniusza Kojdra, nast\u0119pnie p. Stanis\u0142awa Wojtyna i dalej wg. porz\u0105dku ustalonego przez kolejnych s\u0105siad&oacute;w, a\u017c do zako\u0144czenia peregrynacji w blisko\u015bci naszego ko\u015bcio\u0142a parafialnego.<\/li>\n<li>W I czwartek adoracja Naj\u015bwi\u0119tszego Sakramentu od godz. 17.00. W tym dniu r&oacute;wnie\u017c zako\u0144czenie Oktawy Uroczysto\u015bci Bo\u017cego Cia\u0142a. W czasie Mszy \u015bw. po\u015bwi\u0119cenie wiank&oacute;w i b\u0142ogos\u0142awie\u0144stwo dzieci oraz s\u0142odki upominek dla najm\u0142odszych.<\/li>\n<li>W I pi\u0105tek, w dniu Uroczysto\u015bci, czcimy Naj\u015bwi\u0119tsze Serce Pana Jezusa. Msze \u015bw. rano o godz. 06.45 oraz o godz. 18.00. Po rannej Mszy \u015bw. odwiedziny chorych z Komuni\u0105 \u015bw. W dniu dzisiejszym nie obowi\u0105zuje wstrzemi\u0119\u017aliwo\u015b\u0107 od pokarm&oacute;w mi\u0119snych.<\/li>\n<li>W sobot\u0119 w naszej parafii Uroczysto\u015b\u0107 Odpustowa z racji Uroczysto\u015bci Niepokalanego Serca NMP. G\u0142&oacute;wna Msza \u015bw. Odpustowa o godz. 10.30. Przewodniczy ks. Marek Matwijczak, by\u0142y nasz wikariusz. Pozosta\u0142e Msze \u015bw. o godz. 07.00 oraz o godz. 18.00. Dzi\u015b r&oacute;wnie\u017c zapraszamy dzieci pierwszokomunijne oraz dzieci do sypania kwiat&oacute;w, a tak\u017ce m\u0142odzie\u017c do niesienia chor\u0105gwi i feretron&oacute;w i parafian do licznego udzia\u0142u i uroczystego prze\u017cywania dnia naszego Parafialnego Odpustu.<\/li>\n<li>Biuro podr&oacute;\u017cy Matteo Travel, organizator naszej Pielgrzymki na Podlasie w dn. 29.06. &ndash; 01.07., prosi o dokonanie II raty wp\u0142aty na konto Biura do 05 czerwca.<\/li>\n<li>Sk\u0142adam serdeczne B&oacute;g zap\u0142a\u0107 dla wszystkich, kt&oacute;rzy w\u0142\u0105czyli si\u0119 w przygotowanie uroczystej procesji z racji Uroczysto\u015bci Bo\u017cego Cia\u0142a. Dzi\u0119kuj\u0119 za wykonanie o\u0142tarzy, stra\u017cakom za ich pomoc oraz wszystkim, kt&oacute;rzy maj\u0105 sw&oacute;j wk\u0142ad w pi\u0119kne prze\u017cycie tej Uroczysto\u015bci. Podzi\u0119kowania r&oacute;wnie\u017c dla os&oacute;b sprz\u0105taj\u0105cych i stroj\u0105cych ko\u015bci&oacute;\u0142 oraz za wszystkie ofiary sk\u0142adane na potrzeby parafii.<\/li>\n<\/ol>\n<h3 style=\"text-align: center;\"><strong><span style=\"color: rgb(0, 0, 128);\">Intencje mszalne<\/span><\/strong><\/h3>\n<h4 style=\"text-align: center;\"><strong><span style=\"color: rgb(0, 0, 128);\">od 3 czerwca 2024 do 9 czerwca 2024<\/span><\/strong><\/h4>\n<h4 style=\"text-align: center;\">&nbsp;<\/h4>\n<h4><strong>Gdyby zbyt d\u0142ugi czas nie by\u0142a og\u0142oszona zam&oacute;wiona intencja mszalna &ndash; prosimy o zg\u0142oszenie tego kap\u0142anowi.&nbsp; Zam&oacute;wiona intencja nie mo\u017ce zgin\u0105\u0107.<br \/>\n\t<\/strong><\/h4>\n<p><u><strong>Poniedzia\u0142ek &#8211; 3 czerwiec<br \/>\n\t<\/strong><\/u>1. + Teresa Baran &ndash; (greg.)<br \/>\n\t2. + Anna Kr&oacute;l &ndash; od rodziny Bosak&oacute;w <br \/>\n\t3. + Bronis\u0142awa Rupar<\/p>\n<p><u><strong>Wtorek &#8211; 4 czerwiec<br \/>\n\t<\/strong><\/u>1. + Teresa Baran &ndash; (greg.)<br \/>\n\t2. + J&oacute;zef Ciupi\u0144ski &ndash; od wnuczki Wiktorii z m\u0119\u017cem <br \/>\n\t3. + Albina i W\u0142adys\u0142aw \u015awizdor oraz zmarli z Rodziny &ndash; od Zofii z m\u0119\u017cem<\/p>\n<p><u><strong>\u015aroda &#8211; 5 czerwiec<br \/>\n\t<\/strong><\/u>1. + Teresa Baran &ndash; (greg.)<br \/>\n\t2. + Jakub i Salomea Wierzbiccy &ndash; rocznica \u015bmierci <br \/>\n\t3. O zdrowie dla c&oacute;rki<\/p>\n<p><u><strong>Czwartek &#8211; 6 czerwiec<\/strong><\/u><br \/>\n\t1. + Teresa Baran &ndash; (greg.) <br \/>\n\t2. + Helena Bartnik &ndash; od Mariusza z rodzin\u0105 <br \/>\n\t3. + Wies\u0142aw Brodowicz &ndash; od Jadwigi Bednarz z rodzin\u0105<\/p>\n<p>\t<u><strong>Pi\u0105tek &#8211; 7 czerwiec<br \/>\n\t<\/strong><\/u>06.45 + Teresa Baran &ndash; (greg.)<br \/>\n\t06.45 + Genowefa Kurek &ndash; od Jolanty Markockiej i Wies\u0142awa Pelca<br \/>\n\t18.00 + Stanis\u0142aw (r. \u015bm.), Janina Ko\u0142cz <br \/>\n\t18.00 + J&oacute;zef Ciupi\u0144ski &ndash; od c&oacute;rki Agnieszki z rodzin\u0105<\/p>\n<p><u><strong>Sobota &#8211; 8 czerwiec<br \/>\n\t<\/strong><\/u>07.00 + Teresa Baran &ndash; (greg.) <br \/>\n\t10.30 Za parafian <br \/>\n\t10.30 + Ks. J&oacute;zef Czech oraz Rodzice i Rodze\u0144stwo<br \/>\n\t10.30 Dzi\u0119kczynna za otrzymane \u0142aski<br \/>\n\t18.00 W intencji rolnik&oacute;w i mieszka\u0144c&oacute;w Lej&oacute;wek; z pro\u015bb\u0105 o b\u0142og. Bo\u017ce dla ludzkiej pracy i dobre urodzaje<br \/>\n\t18.00 + J&oacute;zef Ciupi\u0144ski &ndash; od wnuczki Brygidy<\/p>\n<p><u><strong>Niedziela &#8211; 9 czerwiec<br \/>\n\t<\/strong><\/u>06.30 + Tadeusz Kubis &ndash; 4 rocznica \u015bmierci <br \/>\n\t08.00 + J&oacute;zef Ciupi\u0144ski &ndash; od W&oacute;jta Gminy oraz Pracownik&oacute;w Urz\u0119du Gminy w Bia\u0142obrzegach<br \/>\n\t08.00 O b\u0142og. Bo\u017ce w pracy dla rolnik&oacute;w i o \u0142ask\u0119 urodzaj&oacute;w z rejonu Mieczys\u0142awa Kukulskiego<br \/>\n\t10.30 Za parafian<br \/>\n\t15.00 + Teresa Baran &ndash; (greg.)<\/p>\n<h3 style=\"text-align: center;\"><strong><span style=\"color: rgb(0, 0, 128);\">Modlitw\u0119 r&oacute;\u017ca\u0144cow\u0105 prowadz\u0105<\/span><\/strong><\/h3>\n<p>03. Pn. R&oacute;\u017ca \u015aw. Klary &ndash; (Teresa G\u0142owiak)<br \/>\n\t04. Wt. R&oacute;\u017ca \u015aw. Kingi &ndash; (El\u017cbieta Wacnik)<br \/>\n\t05. \u015ar. R&oacute;\u017ca \u015aw. Marii Magdaleny &ndash; (Janina Rachwa\u0142) <br \/>\n\t06. Cz. Dzie\u0142o Pomocy Powo\u0142aniom &ndash; (Anna Szular)<br \/>\n\t07. Pt. KSM i Akcja Katolicka &ndash;(Modlitwa w intencji Rodzin)<br \/>\n\t08. Sb. R&oacute;\u017ca \u015aw. Marii Goretti &ndash; (El\u017cbieta Kukulska) <br \/>\n\t09. Nd. R&oacute;\u017ca \u015aw. Marty &ndash; (Czes\u0142awa Por\u0119bna)<\/p>\n<h3 style=\"text-align: center;\"><strong><span style=\"color: rgb(0, 0, 128);\">Propozycja intencji do przekazania do odprawienia <br \/>\n\t<\/span><\/strong><strong><span style=\"color: rgb(0, 0, 128);\">w Wy\u017cszym Seminarium Duchownym w Przemy\u015blu<br \/>\n\t<\/span><\/strong><\/h3>\n<p>01. + Stanis\u0142aw Kubis &ndash; od rodziny \u017buk&oacute;w<br \/>\n\t02. + Stanis\u0142aw Kubis &ndash; od rodziny Szelig&oacute;w, Urban, Szczygie\u0142<br \/>\n\t03. + Stanis\u0142aw Kubis &ndash; od Agnieszki, Janusza, Julii Markowicz z Rzeszowa<br \/>\n\t04. + Stanis\u0142aw Kubis &ndash; od Agnieszki, Janusza, Julii Markowicz z Rzeszowa<br \/>\n\t05. + Stanis\u0142aw Kubis &ndash; od Izabeli Kubis z Rzeszowa<br \/>\n\t06. + Stanis\u0142aw Kubis &ndash; od chrze\u015bniaka Piotra Kubis z Rzeszowa<br \/>\n\t07. + Stanis\u0142aw Kubis &ndash; od chrze\u015bniaka Piotra Kubis z Rzeszowa<br \/>\n\t08. + Wies\u0142aw Brodowicz &ndash; od kol. i kol. Aliny z Zespo\u0142u Kszta\u0142cenia Ustawicznego w Rzeszowie<br \/>\n\t09. + Wies\u0142aw Brodowicz &ndash; od kol. i kol. Aliny z Zespo\u0142u Kszta\u0142cenia Ustawicznego w Rzeszowie<br \/>\n\t10. + Wies\u0142aw Brodowicz &ndash; od kol. i kol. Aliny z Zespo\u0142u Kszta\u0142cenia Ustawicznego w Rzeszowie<br \/>\n\t11. + Wies\u0142aw Brodowicz &ndash; od kolegi Andrzeja Racho\u0144 z firmy Dripol<br \/>\n\t12. + Wies\u0142aw Brodowicz &ndash; od szwagra Tadeusza Paluch<br \/>\n\t13. + Wies\u0142aw Brodowicz &ndash; od przyjaci&oacute;\u0142 Andrzeja i Heni<br \/>\n\t14. + Wies\u0142aw Brodowicz &ndash; od Krzysztofa z rodzin\u0105<br \/>\n\t15. + Wies\u0142aw Brodowicz &ndash; od rodziny Dudk&oacute;w<br \/>\n\t16. + Jacek Kie\u0142b &ndash; od rodziny Janasz&oacute;w i My\u015bliwc&oacute;w<br \/>\n\t17. + Jacek Kie\u0142b &ndash; od Haliny Kie\u0142b<br \/>\n\t18. + Jacek Kie\u0142b &ndash; od rodziny Por\u0119bny<br \/>\n\t19. + Jacek Kie\u0142b &ndash; od \u0141ukasza Por\u0119bny z rodzin\u0105<br \/>\n\t20. + Jacek Kie\u0142b &ndash; od Anny i Zofii Gw&oacute;\u017ad\u017a<\/p>\n","protected":false},"excerpt":{"rendered":"<p>IX Niedziela Zwyk\u0142a &#8211; 02-06-2024 Og\u0142oszenia Dzi\u015b o godz. 15.00 Nabo\u017ce\u0144stwo Eucharystyczne, i Litania do Naj\u015bwi\u0119tszego Serca Pana Jezusa, a po Nim Msza \u015bw. W tym tygodniu w Liturgii Ko\u015bcio\u0142a &hellip; <a href=\"https:\/\/budy.przemyska.pl\/index.php\/2024\/06\/02\/ogloszenia-parafialne-2-czerwiec-2024\/\" class=\"more-link\">Czytaj dalej <span class=\"screen-reader-text\">Og\u0142oszenia parafialne 2 czerwiec 2024<\/span> <span class=\"meta-nav\">&rarr;<\/span><\/a><\/p>\n","protected":false},"author":1,"featured_media":0,"comment_status":"closed","ping_status":"closed","sticky":false,"template":"","format":"standard","meta":{"footnotes":""},"categories":[6,4],"tags":[],"class_list":["post-3809","post","type-post","status-publish","format-standard","hentry","category-aktualnosci","category-ogloszenia"],"_links":{"self":[{"href":"https:\/\/budy.przemyska.pl\/index.php\/wp-json\/wp\/v2\/posts\/3809","targetHints":{"allow":["GET"]}}],"collection":[{"href":"https:\/\/budy.przemyska.pl\/index.php\/wp-json\/wp\/v2\/posts"}],"about":[{"href":"https:\/\/budy.przemyska.pl\/index.php\/wp-json\/wp\/v2\/types\/post"}],"author":[{"embeddable":true,"href":"https:\/\/budy.przemyska.pl\/index.php\/wp-json\/wp\/v2\/users\/1"}],"replies":[{"embeddable":true,"href":"https:\/\/budy.przemyska.pl\/index.php\/wp-json\/wp\/v2\/comments?post=3809"}],"version-history":[{"count":0,"href":"https:\/\/budy.przemyska.pl\/index.php\/wp-json\/wp\/v2\/posts\/3809\/revisions"}],"wp:attachment":[{"href":"https:\/\/budy.przemyska.pl\/index.php\/wp-json\/wp\/v2\/media?parent=3809"}],"wp:term":[{"taxonomy":"category","embeddable":true,"href":"https:\/\/budy.przemyska.pl\/index.php\/wp-json\/wp\/v2\/categories?post=3809"},{"taxonomy":"post_tag","embeddable":true,"href":"https:\/\/budy.przemyska.pl\/index.php\/wp-json\/wp\/v2\/tags?post=3809"}],"curies":[{"name":"wp","href":"https:\/\/api.w.org\/{rel}","templated":true}]}}