{"id":3807,"date":"2024-05-26T07:03:26","date_gmt":"2024-05-26T05:03:26","guid":{"rendered":"http:\/\/www.budylancuckie.przemyska.pl\/?p=3807"},"modified":"2024-05-26T07:03:26","modified_gmt":"2024-05-26T05:03:26","slug":"ogloszenia-parafialne-26-maj-2024","status":"publish","type":"post","link":"https:\/\/budy.przemyska.pl\/index.php\/2024\/05\/26\/ogloszenia-parafialne-26-maj-2024\/","title":{"rendered":"Og\u0142oszenia parafialne 26 maj 2024"},"content":{"rendered":"<h2 style=\"text-align: center;\"><strong><span style=\"color: rgb(0, 0, 128);\">Uroczysto\u015b\u0107 Tr&oacute;jcy Przenaj\u015bwi\u0119tszej &#8211; 26-05-2024<\/span><\/strong><\/h2>\n<h2 style=\"text-align: center;\"><strong><span style=\"color: rgb(0, 0, 128);\">Og\u0142oszenia<br \/>\n\t<\/span><\/strong><\/h2>\n<ol>\n<li>Dzi\u015b o godz. 15.00 Nabo\u017ce\u0144stwo majowe, a po Nim Msza \u015bw.<\/li>\n<li>W tym tygodniu w Liturgii Ko\u015bcio\u0142a wspominamy: w \u015brod\u0119 &ndash; wspomnienie \u015bw. Urszuli Led&oacute;chowskiej; w pi\u0105tek &ndash; \u015awi\u0119to Nawiedzenia NMP; w sobot\u0119 &ndash; \u015bw. Justyna, m\u0119czennika.<\/li>\n<li>W czwartek Uroczysto\u015b\u0107 Naj\u015bwi\u0119tszego Cia\u0142a i Krwi Chrystusa, czyli Bo\u017ce Cia\u0142o. Msze \u015bw. tak, jak w niedziel\u0119, za wyj\u0105tkiem Sumy, kt&oacute;ra b\u0119dzie o godz. 10.00. Nast\u0119pnie procesja do czterech o\u0142tarzy tradycyjn\u0105 tras\u0105. Prosimy o przygotowanie o\u0142tarzy, udekorowanie dom&oacute;w i drogi. Prosimy r&oacute;wnie\u017c, aby na procesj\u0119 wzi\u0105\u0107 chor\u0105gwie i feretrony. Zapraszamy dzieci pierwszokomunijne w strojach na procesj\u0119 oraz dziewczynki do sypania kwiat&oacute;w. Prosimy r&oacute;wnie\u017c naszych Stra\u017cak&oacute;w o zabezpieczenie trasy procesji.<\/li>\n<li>Od pi\u0105tku, codziennie przez Oktaw\u0119 Bo\u017cego Cia\u0142a, procesja Eucharystyczna po Mszy \u015bw. dooko\u0142a ko\u015bcio\u0142a. R&oacute;wnie\u017c i w tych dniach zapraszamy dzieci pierwszokomunijne oraz dzieci do sypania kwiat&oacute;w, a tak\u017ce do niesienia chor\u0105gwi i feretron&oacute;w i parafian do licznego udzia\u0142u.<br \/>\n\t\tW tym dniu jest dyspensa od pokarm&oacute;w mi\u0119snych udzielona przez ks. Arcybiskupa.<\/li>\n<li>W tym tygodniu wypada r&oacute;wnie\u017c I sobota miesi\u0105ca. Czcimy Niepokalane Serce NMP.<br \/>\n\t\tPo Mszy \u015bw. o godz. 18.00 odm&oacute;wimy r&oacute;\u017caniec, w procesji prosimy o zabranie figurki Matki Bo\u017cej Fatimskiej, a na koniec b\u0119dzie mia\u0142a miejsce zmiana tajemnic r&oacute;\u017ca\u0144cowych.<\/li>\n<li>Za tydzie\u0144, w niedziel\u0119, procesja z racji Oktawy Bo\u017cego Cia\u0142a b\u0119dzie po Mszy \u015bw. o godz. 10.30.<\/li>\n<li>Jutro (poniedzia\u0142ek) o godz. 18.00 Msz\u0119 \u015bw. odprawi\u0105 ksi\u0119\u017ca, kt&oacute;rzy rok temu przyj\u0119li \u015awiecenia Kap\u0142a\u0144skie &ndash; koledzy naszego ks. Wikariusza Piotra. Bardzo serdecznie zapraszamy do uczestnictwa parafian, aby razem &bdquo;z m\u0142odymi Jubilatami&rdquo; podzi\u0119kowa\u0107 Panu Bogu za otrzymywane \u0142aski i Jego opiek\u0119 nad nami.<\/li>\n<li>Sk\u0142adam serdeczne B&oacute;g zap\u0142a\u0107 dla os&oacute;b sprz\u0105taj\u0105cych i stroj\u0105cych ko\u015bci&oacute;\u0142 oraz za wszystkie ofiary sk\u0142adane na potrzeby parafii.<\/li>\n<\/ol>\n<h3 style=\"text-align: center;\"><strong><span style=\"color: rgb(0, 0, 128);\">Intencje mszalne<\/span><\/strong><\/h3>\n<h4 style=\"text-align: center;\"><strong><span style=\"color: rgb(0, 0, 128);\">od 27 maja 2024 do 2 czerwca 2024<\/span><\/strong><\/h4>\n<h4 style=\"text-align: center;\">&nbsp;<\/h4>\n<h4><strong>Gdyby zbyt d\u0142ugi czas nie by\u0142a og\u0142oszona zam&oacute;wiona intencja mszalna &ndash; prosimy o zg\u0142oszenie tego kap\u0142anowi.&nbsp; Zam&oacute;wiona intencja nie mo\u017ce zgin\u0105\u0107.<br \/>\n\t<\/strong><\/h4>\n<p><u><strong>Poniedzia\u0142ek &#8211; 27 maj<br \/>\n\t<\/strong><\/u>1. + J&oacute;zefa S\u0142ysz &ndash; (greg.)<br \/>\n\t2. + J&oacute;zef Ciupi\u0144ski &ndash; od wnuczki And\u017celiki <br \/>\n\t3. + Jakub Rupar<\/p>\n<p><u><strong>Wtorek &#8211; 28 maj<br \/>\n\t<\/strong><\/u>1. + J&oacute;zefa S\u0142ysz &ndash; (greg.)<br \/>\n\t2. + Helena Bartnik &ndash; od chrze\u015bniaka Tomka z rodzin\u0105 <br \/>\n\t3. + Micha\u0142 Stafiej &ndash; od siostrzenicy Zofii<\/p>\n<p><u><strong>\u015aroda &#8211; 29 maj<br \/>\n\t<\/strong><\/u>1. + J&oacute;zefa S\u0142ysz &ndash; (greg.) <br \/>\n\t2. + Franciszek Bartnik i zmarli z rodziny <br \/>\n\t3. + W\u0142adys\u0142aw Cebulak oraz zmarli Rodzice i Rodze\u0144stwo<\/p>\n<p><u><strong>Czwartek &#8211; 30 maj<\/strong><\/u><br \/>\n\t06.30 + Stefania, Renata, Franciszek Nowak oraz + Zofia, Antoni Sanok <br \/>\n\t08.00 O \u0142ask\u0119 urodzaju i b\u0142og. Bo\u017ce w pracy na roli z Rejonu: Stanis\u0142awa Kurka, Adama Nawrota i Wojciecha Wo\u017aniaka<br \/>\n\t08.00 + J&oacute;zef Ciupi\u0144ski &ndash; od c&oacute;rki Jolanty z rodzin\u0105<br \/>\n\t10.00 Za parafian<br \/>\n\t10.00 + Stefania, Franciszek, Renata, Tadeusz Nowak<br \/>\n\t15.00 + J&oacute;zefa S\u0142ysz &ndash; (zak. greg.)<\/p>\n<p>\t<u><strong>Pi\u0105tek &#8211; 31 maj<br \/>\n\t<\/strong><\/u>1. + Micha\u0142 Stafiej &ndash; od Agnieszki Bartnik z rodzin\u0105<br \/>\n\t2. Za dusze w czy\u015b\u0107cu cierpi\u0105ce <br \/>\n\t3. + Stefania, Franciszek Nowak i ich dzieci<\/p>\n<p><u><strong>Sobota &#8211; 1 czerwiec<br \/>\n\t<\/strong><\/u>1. + Teresa Baran &ndash; (pocz. greg.) <br \/>\n\t2. + Helena Bartnik &ndash; od Lucyny z rodzin\u0105<br \/>\n\t3. + Adam Telesz &ndash; 10 rocznica \u015bmierci<\/p>\n<p><u><strong>Niedziela &#8211; 2 czerwiec<br \/>\n\t<\/strong><\/u>06.30 + Boles\u0142aw Migas &ndash; z R&oacute;\u017cy \u015bw. Tomasza Aposto\u0142a <br \/>\n\t08.00 + Anna, Stanis\u0142aw i ks. Jan Cebulak <br \/>\n\t08.00 + Kazimierz (tata) i + Anna (siostra) &ndash; od Agnieszki<br \/>\n\t10.30 Za parafian<br \/>\n\t15.00 + Teresa Baran &ndash; (greg.) <\/p>\n<h3 style=\"text-align: center;\"><strong><span style=\"color: rgb(0, 0, 128);\">Modlitw\u0119 r&oacute;\u017ca\u0144cow\u0105 prowadz\u0105<\/span><\/strong><\/h3>\n<p>27. Pn. R&oacute;\u017ca \u015aw. Faustyny &ndash; (Eugenia \u015awizdor)<br \/>\n\t28. Wt. R&oacute;\u017ca \u015aw. Genowefy &ndash; (Genowefa Dr\u0105\u017cek)<br \/>\n\t29. \u015ar. R&oacute;\u017ca \u015aw. Jadwigi Kr&oacute;lowej &ndash; (Halina Dyrda) <br \/>\n\t30. Cz. R&oacute;\u017ca \u015aw. Heleny &ndash; (Helena Dyrda)<br \/>\n\t31. Pt. KSM<br \/>\n\t01. Sb. Kap\u0142an <br \/>\n\t02. Nd. R&oacute;\u017ca \u015aw. Katarzyny &ndash; (Anna Kurek)<\/p>\n","protected":false},"excerpt":{"rendered":"<p>Uroczysto\u015b\u0107 Tr&oacute;jcy Przenaj\u015bwi\u0119tszej &#8211; 26-05-2024 Og\u0142oszenia Dzi\u015b o godz. 15.00 Nabo\u017ce\u0144stwo majowe, a po Nim Msza \u015bw. W tym tygodniu w Liturgii Ko\u015bcio\u0142a wspominamy: w \u015brod\u0119 &ndash; wspomnienie \u015bw. Urszuli &hellip; <a href=\"https:\/\/budy.przemyska.pl\/index.php\/2024\/05\/26\/ogloszenia-parafialne-26-maj-2024\/\" class=\"more-link\">Czytaj dalej <span class=\"screen-reader-text\">Og\u0142oszenia parafialne 26 maj 2024<\/span> <span class=\"meta-nav\">&rarr;<\/span><\/a><\/p>\n","protected":false},"author":1,"featured_media":0,"comment_status":"closed","ping_status":"closed","sticky":false,"template":"","format":"standard","meta":{"footnotes":""},"categories":[6,4],"tags":[],"class_list":["post-3807","post","type-post","status-publish","format-standard","hentry","category-aktualnosci","category-ogloszenia"],"_links":{"self":[{"href":"https:\/\/budy.przemyska.pl\/index.php\/wp-json\/wp\/v2\/posts\/3807","targetHints":{"allow":["GET"]}}],"collection":[{"href":"https:\/\/budy.przemyska.pl\/index.php\/wp-json\/wp\/v2\/posts"}],"about":[{"href":"https:\/\/budy.przemyska.pl\/index.php\/wp-json\/wp\/v2\/types\/post"}],"author":[{"embeddable":true,"href":"https:\/\/budy.przemyska.pl\/index.php\/wp-json\/wp\/v2\/users\/1"}],"replies":[{"embeddable":true,"href":"https:\/\/budy.przemyska.pl\/index.php\/wp-json\/wp\/v2\/comments?post=3807"}],"version-history":[{"count":0,"href":"https:\/\/budy.przemyska.pl\/index.php\/wp-json\/wp\/v2\/posts\/3807\/revisions"}],"wp:attachment":[{"href":"https:\/\/budy.przemyska.pl\/index.php\/wp-json\/wp\/v2\/media?parent=3807"}],"wp:term":[{"taxonomy":"category","embeddable":true,"href":"https:\/\/budy.przemyska.pl\/index.php\/wp-json\/wp\/v2\/categories?post=3807"},{"taxonomy":"post_tag","embeddable":true,"href":"https:\/\/budy.przemyska.pl\/index.php\/wp-json\/wp\/v2\/tags?post=3807"}],"curies":[{"name":"wp","href":"https:\/\/api.w.org\/{rel}","templated":true}]}}