{"id":3803,"date":"2024-05-19T11:16:09","date_gmt":"2024-05-19T09:16:09","guid":{"rendered":"http:\/\/www.budylancuckie.przemyska.pl\/?p=3803"},"modified":"2024-05-19T11:16:09","modified_gmt":"2024-05-19T09:16:09","slug":"ogloszenia-parafialne-19-maj-2024","status":"publish","type":"post","link":"https:\/\/budy.przemyska.pl\/index.php\/2024\/05\/19\/ogloszenia-parafialne-19-maj-2024\/","title":{"rendered":"Og\u0142oszenia parafialne 19 maj 2024"},"content":{"rendered":"<h2 style=\"text-align: center;\"><strong><span style=\"color: rgb(0, 0, 128);\">Uroczysto\u015b\u0107 Zes\u0142ania Ducha \u015awi\u0119tego &#8211; 19-05-2024<\/span><\/strong><\/h2>\n<h2 style=\"text-align: center;\"><strong><span style=\"color: rgb(0, 0, 128);\">Og\u0142oszenia<br \/>\n\t<\/span><\/strong><\/h2>\n<ol>\n<li>Dzi\u015b o godz. 15.00 Nabo\u017ce\u0144stwo majowe, a po Nim Msza \u015bw.<\/li>\n<li>W tym tygodniu w Liturgii Ko\u015bcio\u0142a wspominamy: w poniedzia\u0142ek &ndash; \u015awi\u0119to NMP Matki Ko\u015bcio\u0142a; w czwartek &ndash; \u015awi\u0119to Jezusa Chrystusa , Najwy\u017cszego i Wiecznego Kap\u0142ana; w pi\u0105tek &ndash; wspomnienie NMP Wspomo\u017cenia Wiernych.<\/li>\n<li>W \u015awi\u0119to NMP Matki Ko\u015bcio\u0142a (poniedzia\u0142ek) Msze \u015bw. b\u0119d\u0105 odprawiane o godz. 06.30, 08.00 oraz o 18.00.<\/li>\n<li>W czwartek Adoracja Naj\u015bwi\u0119tszego Sakramentu od godz. 17.00.<\/li>\n<li>Zach\u0119camy do czytania prasy katolickiej. W ka\u017cdym numerze &bdquo;Niedzieli&rdquo;, czy te\u017c &bdquo;Go\u015bcia Niedzielnego&rdquo; mo\u017cemy znale\u017a\u0107 wiele ciekawych artyku\u0142&oacute;w dotycz\u0105cych \u017cycia Ko\u015bcio\u0142a i aktualnych wydarze\u0144 \u017cycia spo\u0142ecznego.<\/li>\n<li>Za tydzie\u0144 Uroczysto\u015b\u0107 Tr&oacute;jcy Przenaj\u015bwi\u0119tszej &ndash; ko\u0144czy si\u0119 Okres Komunii \u015bw. wielkanocnej.<\/li>\n<li>Sk\u0142adam serdeczne B&oacute;g zap\u0142a\u0107 dla os&oacute;b sprz\u0105taj\u0105cych i stroj\u0105cych ko\u015bci&oacute;\u0142 oraz za wszystkie ofiary sk\u0142adane na potrzeby parafii.<\/li>\n<\/ol>\n<h3 style=\"text-align: center;\"><strong><span style=\"color: rgb(0, 0, 128);\">Intencje mszalne<\/span><\/strong><\/h3>\n<h4 style=\"text-align: center;\"><strong><span style=\"color: rgb(0, 0, 128);\">od 20 maja 2024 do 26 maja 2024<\/span><\/strong><\/h4>\n<h4 style=\"text-align: center;\">&nbsp;<\/h4>\n<h4><strong>Gdyby zbyt d\u0142ugi czas nie by\u0142a og\u0142oszona zam&oacute;wiona intencja mszalna &ndash; prosimy o zg\u0142oszenie tego kap\u0142anowi.&nbsp; Zam&oacute;wiona intencja nie mo\u017ce zgin\u0105\u0107.<br \/>\n\t<\/strong><\/h4>\n<p><u><strong>Poniedzia\u0142ek &#8211; 20 maj<br \/>\n\t<\/strong><\/u>06.30 + J&oacute;zefa S\u0142ysz &ndash; (greg.)<br \/>\n\t08.00 + J&oacute;zef Ciupi\u0144ski &ndash; od Stanis\u0142awa i Danuty Pi\u0105tek z rodzin\u0105 <br \/>\n\t18.00 Dzi\u0119kczynna za otrzymane \u0142aski; z pro\u015bb\u0105 o b\u0142og. Bo\u017ce dla Ma\u0142gorzaty i Andrzeja w 35 rocznic\u0119 \u015blubu<br \/>\n\t18.00 O \u0142ask\u0119 uwolnienia, potrzebne \u0142aski, Bo\u017ce b\u0142og. i opiek\u0119 Matki Bo\u017cej dla Aleksandry, Oliwiera i Jadwigi<\/p>\n<p><u><strong>Wtorek &#8211; 21 maj<br \/>\n\t<\/strong><\/u>1. + J&oacute;zefa S\u0142ysz &ndash; (greg.)<br \/>\n\t2. Dzi\u0119kczynna za otrzymane \u0142aski; z pro\u015bb\u0105 o b\u0142og. Bo\u017ce w 19 rocznic\u0119 \u015blubu <br \/>\n\t3. + Stanis\u0142aw Kubis &ndash; od syna Mariusza<\/p>\n<p><u><strong>\u015aroda &#8211; 22 maj<br \/>\n\t<\/strong><\/u>1. + J&oacute;zefa S\u0142ysz &ndash; (greg.) <br \/>\n\t2. + Anna Kr&oacute;l &ndash; od rodziny Kruk&oacute;w <br \/>\n\t3. + W\u0142adys\u0142aw, Karolina Wacnik &ndash; od syna i synowej<\/p>\n<p><u><strong>Czwartek &#8211; 23 maj<\/strong><\/u><br \/>\n\t1. + J&oacute;zefa S\u0142ysz &ndash; (greg.) <br \/>\n\t2. O b\u0142og. Bo\u017ce w egzaminach maturalnych dla Piotra<br \/>\n\t3. + Zofia, Walenty, Roman Kojder<\/p>\n<p>\t<u><strong>Pi\u0105tek &#8211; 24 maj<br \/>\n\t<\/strong><\/u>1. + J&oacute;zefa S\u0142ysz &ndash; (greg.)<br \/>\n\t2. + Helena Bartnik &ndash; od brata Stanis\u0142awa z rodzin\u0105 <br \/>\n\t3. + Wies\u0142aw Brodowicz &ndash; od \u017cony oraz syn&oacute;w i synowej<\/p>\n<p><u><strong>Sobota &#8211; 25 maj<br \/>\n\t<\/strong><\/u>1. + J&oacute;zefa S\u0142ysz &ndash; (greg.) <br \/>\n\t2. + Maria, J&oacute;zef, Jan Blok<br \/>\n\t3. + Wies\u0142aw S\u0142ysz &ndash; od \u017cony i c&oacute;rek<\/p>\n<p><u><strong>Niedziela &#8211; 26 maj<br \/>\n\t<\/strong><\/u>06.30 + Katarzyna Stafiej &ndash; od wnucz\u0105t <br \/>\n\t08.00 + Maria i W\u0142adys\u0142aw K\u0142os <br \/>\n\t08.00 + Stefan, Jan Kojder i zmarli z rodziny<br \/>\n\t10.30 Za parafian<br \/>\n\t15.00 + J&oacute;zefa S\u0142ysz &ndash; (greg.)<\/p>\n<h3 style=\"text-align: center;\"><strong><span style=\"color: rgb(0, 0, 128);\">Modlitw\u0119 r&oacute;\u017ca\u0144cow\u0105 prowadz\u0105<\/span><\/strong><\/h3>\n<p>20. Pn. R&oacute;\u017ca \u015aw. Andrzeja Aposto\u0142a &ndash; (J&oacute;zef M\u0105dry)<br \/>\n\t21. Wt. R&oacute;\u017ca \u015aw. Agaty &ndash; (Patrycja Por\u0119bna)<br \/>\n\t22. \u015ar. R&oacute;\u017ca \u015aw. Agnieszki &ndash; (Ma\u0142gorzata Markowicz) <br \/>\n\t23. Cz. R&oacute;\u017ca \u015aw. Zofii &ndash; (Zofia Kurek)<br \/>\n\t24. Pt. KSM<br \/>\n\t25. Sb. R&oacute;\u017ca \u015aw. Cecylii &ndash; (Krystyna Markowicz) <br \/>\n\t26. Nd. R&oacute;\u017ca \u015aw. El\u017cbiety &ndash; (Alina Trojnar)<\/p>\n<h3 style=\"text-align: center;\"><strong><span style=\"color: rgb(0, 0, 128);\">Propozycja intencji do przekazania do odprawienia <br \/>\n\t<\/span><\/strong><strong><span style=\"color: rgb(0, 0, 128);\">w Wy\u017cszym Seminarium Duchownym w Przemy\u015blu<br \/>\n\t<\/span><\/strong><\/h3>\n<p>01. + Wies\u0142aw Wikiera &ndash; od rodziny Sigda i Dyjak<br \/>\n\t02. + Helena Bartnik &ndash; od rodziny Musz i Fuks z Handzl&oacute;wki<br \/>\n\t03. + Helena Bartnik &ndash; od kol. i kol. z Zak\u0142adu VIPO<br \/>\n\t04. + Helena Bartnik &ndash; od kol. i kol. z Zak\u0142adu VIPO<br \/>\n\t05. + Anna Kr&oacute;l &#8211; od pracownik&oacute;w Rejonu Energetycznego w Le\u017cajsku<br \/>\n\t06. + Micha\u0142 Stafiej &ndash; od rodziny Witek i Ko\u0142cz<br \/>\n\t07. + Micha\u0142 Stafiej &ndash; od kol. i kol. CHEMIA &ndash; RZESZ&Oacute;W<br \/>\n\t08. + Micha\u0142 Stafiej &ndash; od rodziny Skomra z Woli Dalszej<br \/>\n\t09. + Micha\u0142 Stafiej &ndash; od rodziny Cyburt&oacute;w ze Zgorzelca<br \/>\n\t10. + Micha\u0142 Stafiej &ndash; od rodziny Wanowicz z D\u0119biny<br \/>\n\t11. + Micha\u0142 Stafiej &ndash; od rodziny Wierzbi\u0144skich z Kosiny<br \/>\n\t12. + Genowefa Kurek &ndash; od Jaros\u0142awa i Ma\u0142gorzaty Pelc<br \/>\n\t13. + Stanis\u0142aw Kubis &ndash; od bratanka Adama Kubis z Rzeszowa<br \/>\n\t14. + Stanis\u0142aw Kubis &ndash; od brata Romana Kubis<br \/>\n\t15. + Stanis\u0142aw Kubis &ndash; od kuzyna Zbyszka z rodzin\u0105<br \/>\n\t16. + Stanis\u0142aw Kubis &ndash; od szwagierki Zofii Pelc<br \/>\n\t17. + Wies\u0142aw Brodowicz &ndash; od bratanka Mateusza z rodzin\u0105<br \/>\n\t18. + Wies\u0142aw Brodowicz &ndash; od kole\u017canek Teresy i Ma\u0142gosi<br \/>\n\t19. + Jacek Kie\u0142b &ndash; od rodziny Kopyt i Kruk<br \/>\n\t20. + J&oacute;zef Bartnik &ndash; od Edwarda \u0106wik<\/p>\n<p>\t&nbsp;<\/p>\n","protected":false},"excerpt":{"rendered":"<p>Uroczysto\u015b\u0107 Zes\u0142ania Ducha \u015awi\u0119tego &#8211; 19-05-2024 Og\u0142oszenia Dzi\u015b o godz. 15.00 Nabo\u017ce\u0144stwo majowe, a po Nim Msza \u015bw. W tym tygodniu w Liturgii Ko\u015bcio\u0142a wspominamy: w poniedzia\u0142ek &ndash; \u015awi\u0119to NMP &hellip; <a href=\"https:\/\/budy.przemyska.pl\/index.php\/2024\/05\/19\/ogloszenia-parafialne-19-maj-2024\/\" class=\"more-link\">Czytaj dalej <span class=\"screen-reader-text\">Og\u0142oszenia parafialne 19 maj 2024<\/span> <span class=\"meta-nav\">&rarr;<\/span><\/a><\/p>\n","protected":false},"author":1,"featured_media":0,"comment_status":"closed","ping_status":"closed","sticky":false,"template":"","format":"standard","meta":{"footnotes":""},"categories":[6,4],"tags":[],"class_list":["post-3803","post","type-post","status-publish","format-standard","hentry","category-aktualnosci","category-ogloszenia"],"_links":{"self":[{"href":"https:\/\/budy.przemyska.pl\/index.php\/wp-json\/wp\/v2\/posts\/3803","targetHints":{"allow":["GET"]}}],"collection":[{"href":"https:\/\/budy.przemyska.pl\/index.php\/wp-json\/wp\/v2\/posts"}],"about":[{"href":"https:\/\/budy.przemyska.pl\/index.php\/wp-json\/wp\/v2\/types\/post"}],"author":[{"embeddable":true,"href":"https:\/\/budy.przemyska.pl\/index.php\/wp-json\/wp\/v2\/users\/1"}],"replies":[{"embeddable":true,"href":"https:\/\/budy.przemyska.pl\/index.php\/wp-json\/wp\/v2\/comments?post=3803"}],"version-history":[{"count":0,"href":"https:\/\/budy.przemyska.pl\/index.php\/wp-json\/wp\/v2\/posts\/3803\/revisions"}],"wp:attachment":[{"href":"https:\/\/budy.przemyska.pl\/index.php\/wp-json\/wp\/v2\/media?parent=3803"}],"wp:term":[{"taxonomy":"category","embeddable":true,"href":"https:\/\/budy.przemyska.pl\/index.php\/wp-json\/wp\/v2\/categories?post=3803"},{"taxonomy":"post_tag","embeddable":true,"href":"https:\/\/budy.przemyska.pl\/index.php\/wp-json\/wp\/v2\/tags?post=3803"}],"curies":[{"name":"wp","href":"https:\/\/api.w.org\/{rel}","templated":true}]}}