{"id":3800,"date":"2024-05-12T07:19:00","date_gmt":"2024-05-12T05:19:00","guid":{"rendered":"http:\/\/www.budylancuckie.przemyska.pl\/?p=3800"},"modified":"2024-05-12T07:19:00","modified_gmt":"2024-05-12T05:19:00","slug":"ogloszenia-parafialne-12-maj-2024","status":"publish","type":"post","link":"https:\/\/budy.przemyska.pl\/index.php\/2024\/05\/12\/ogloszenia-parafialne-12-maj-2024\/","title":{"rendered":"Og\u0142oszenia parafialne 12 maj 2024"},"content":{"rendered":"<h2 style=\"text-align: center;\"><strong><span style=\"color: rgb(0, 0, 128);\">Uroczysto\u015b\u0107 Wniebowst\u0105pienia Pa\u0144skiego &#8211; 12-05-2024<\/span><\/strong><\/h2>\n<h2 style=\"text-align: center;\"><strong><span style=\"color: rgb(0, 0, 128);\">Og\u0142oszenia<br \/>\n\t<\/span><\/strong><\/h2>\n<ol>\n<li>Dzi\u015b o godz. 15.00 Nabo\u017ce\u0144stwo majowe, a po Nim Msza \u015bw.<\/li>\n<li>W tym tygodniu w Liturgii Ko\u015bcio\u0142a wspominamy: w poniedzia\u0142ek wspomnienie NMP Fatimskiej; we wtorek &ndash; \u015awi\u0119to \u015bw. Macieja, Aposto\u0142a; w czwartek &ndash; \u015awi\u0119to \u015bw. Andrzeja Boboli, patrona Polski.<\/li>\n<li>Dzi\u015b w naszej Archidiecezji \u015awi\u0119cenia Diakonatu, za\u015b w najbli\u017csz\u0105 sobot\u0119 &ndash; \u015awi\u0119cenia Kap\u0142a\u0144skie w Archikatedrze w Przemy\u015blu. <\/li>\n<li>W czwartek Adoracja Naj\u015bwi\u0119tszego Sakramentu od godz. 17.00.<\/li>\n<li>Bardzo serdecznie zapraszamy do udzia\u0142u w Nabo\u017ce\u0144stwach majowych, zw\u0142aszcza dzieci i m\u0142odzie\u017c. Chciejmy r&oacute;wnie\u017c podtrzymywa\u0107 pi\u0119kn\u0105 tradycj\u0119 \u015bpiewania Litanii do Naj\u015bwi\u0119tszej Maryi Panny przy naszych kapliczkach.<\/li>\n<li>Za tydzie\u0144 Uroczysto\u015b\u0107 Zes\u0142ania Ducha \u015awi\u0119tego &ndash; ko\u0144czy si\u0119 Okres Wielkanocny. Najbli\u017csza niedziela to r&oacute;wnie\u017c III niedziela miesi\u0105ca. W naszej parafii sk\u0142adka na cele inwestycji.<\/li>\n<li>Na stoliku z gazetami mo\u017cemy r&oacute;wnie\u017c odnale\u017a\u0107 album po\u015bwi\u0119cony wydarzeniu Beatyfikacji Rodziny Ulm&oacute;w w cenie 100 z\u0142. Doch&oacute;d ze sprzeda\u017cy tego albumu przeznaczony zostanie na budow\u0119 i dzia\u0142alno\u015b\u0107 Centrum Dziedzictwa im. B\u0142ogos\u0142awionej Rodziny Ulm&oacute;w w Markowej.<\/li>\n<li>Sk\u0142adam serdeczne B&oacute;g zap\u0142a\u0107 dla os&oacute;b sprz\u0105taj\u0105cych i stroj\u0105cych ko\u015bci&oacute;\u0142 oraz za wszystkie ofiary sk\u0142adane na potrzeby parafii.<\/li>\n<\/ol>\n<h3 style=\"text-align: center;\"><strong><span style=\"color: rgb(0, 0, 128);\">Intencje mszalne<\/span><\/strong><\/h3>\n<h4 style=\"text-align: center;\"><strong><span style=\"color: rgb(0, 0, 128);\">od 13 maja 2024 do 19 maja 2024<\/span><\/strong><\/h4>\n<h4>&nbsp;<\/h4>\n<h4><strong>Gdyby zbyt d\u0142ugi czas nie by\u0142a og\u0142oszona zam&oacute;wiona intencja mszalna &ndash; prosimy o zg\u0142oszenie tego kap\u0142anowi.&nbsp; Zam&oacute;wiona intencja nie mo\u017ce zgin\u0105\u0107.<br \/>\n\t<\/strong><\/h4>\n<p><u><strong>Poniedzia\u0142ek &#8211; 13 maj<br \/>\n\t<\/strong><\/u>1. + J&oacute;zefa S\u0142ysz &ndash; (greg.)<br \/>\n\t2. + Alfred, Teresa, Stanis\u0142aw W\u0119grzyn &ndash; od Eli <br \/>\n\t3. + Stanis\u0142aw Kalamarz &ndash; 10 rocznica \u015bmierci<\/p>\n<p><u><strong>Wtorek &#8211; 14 maj<br \/>\n\t<\/strong><\/u>1. + J&oacute;zefa S\u0142ysz &ndash; (greg.)<br \/>\n\t2. + Ignacy i Cecylia Stafiej (r. \u015bm.) oraz + Genowefa \u015awi\u0119toniowska <br \/>\n\t3. + Emilia i Antoni Czech oraz + Lucyna Reniszewska <\/p>\n<p><u><strong>\u015aroda &#8211; 15 maj<br \/>\n\t<\/strong><\/u>1. + J&oacute;zefa S\u0142ysz &ndash; (greg.) <br \/>\n\t2. + Stanis\u0142aw Lasek &ndash; od s\u0105siad&oacute;w Pelc&oacute;w <br \/>\n\t3. Za zmar\u0142ych z rodzin: Ciupi\u0144skich, Skib&oacute;w i D\u0105bk&oacute;w<\/p>\n<p><u><strong>Czwartek &#8211; 16 maj<\/strong><\/u><br \/>\n\t1. + J&oacute;zefa S\u0142ysz &ndash; (greg.) <br \/>\n\t2. + Cebulak Roman i Kazimiera (r. \u015bm.) oraz + Aniela i Antoni \u017bak<br \/>\n\t3. + Waleria i Stanis\u0142aw Benedyk oraz Ryszard Nykiel <\/p>\n<p>\t<u><strong>Pi\u0105tek &#8211; 17 maj<br \/>\n\t<\/strong><\/u>1. + J&oacute;zefa S\u0142ysz &ndash; (greg.)<br \/>\n\t2. O zdrowie dla Basi i b\u0142og. Bo\u017ce dla ca\u0142ej rodziny <br \/>\n\t3. + Stanis\u0142aw Kubis &ndash; od s\u0105siad&oacute;w Nykiel i S\u0142upek <\/p>\n<p><u><strong>Sobota &#8211; 18 maj<br \/>\n\t<\/strong><\/u>1. + J&oacute;zefa S\u0142ysz &ndash; (greg.) <br \/>\n\t2. + Helena Bartnik &ndash; od swata Antoniego Z Albigowej<br \/>\n\t3. + Kazimierz Filip i Anna Bielecka &ndash; od s\u0105siad&oacute;w Agnieszki<\/p>\n<p><u><strong>Niedziela &#8211; 19 maj<br \/>\n\t<\/strong><\/u>06.30 + Janina Kojder &ndash; od dzieci <br \/>\n\t08.00 O \u0142ask\u0119 urodzaj&oacute;w i b\u0142ogos\u0142awie\u0144stwo Bo\u017ce w pracy na roli &ndash; z rejonu Ryszarda Kojdra i Dariusza Gamracego <br \/>\n\t08.00 W intencji Marii i Stanis\u0142awa<br \/>\n\t10.30 Za parafian<br \/>\n\t15.00 + J&oacute;zefa S\u0142ysz &ndash; (greg.) <\/p>\n<h3 style=\"text-align: center;\"><strong><span style=\"color: rgb(0, 0, 128);\">Modlitw\u0119 r&oacute;\u017ca\u0144cow\u0105 prowadz\u0105<\/span><\/strong><\/h3>\n<p>13. Pn. R&oacute;\u017ca Matki Bo\u017cej R&oacute;\u017ca\u0144cowej &ndash; (Zofia \u015awizdor)<br \/>\n\t14. Wt. R&oacute;\u017ca Matki Bo\u017cej Szkaplerznej &ndash; (Maria K\u0142os)<br \/>\n\t15. \u015ar. R&oacute;\u017ca \u015aw. Stanis\u0142awa Biskupa &ndash; (Wojciech Pelc) <br \/>\n\t16. Cz. R&oacute;\u017ca \u015aw. Teresy od Dzieci\u0105tka Jezus &ndash; (Dorota Dzierga)<br \/>\n\t17. Pt. KSM<br \/>\n\t18. Sb. R&oacute;\u017ca \u015aw. Teresy Wielkiej &ndash; (Zofia Wierzbicka) <br \/>\n\t19. Nd. R&oacute;\u017ca \u015aw. Tomasza Aposto\u0142a &ndash; (Stanis\u0142aw \u015alimak)<br \/>\n\tWyznaczona R&oacute;\u017ca jest proszona o prowadzenie modlitwy r&oacute;\u017ca\u0144cowej.<\/p>\n<p>\n\t&nbsp;<\/p>\n","protected":false},"excerpt":{"rendered":"<p>Uroczysto\u015b\u0107 Wniebowst\u0105pienia Pa\u0144skiego &#8211; 12-05-2024 Og\u0142oszenia Dzi\u015b o godz. 15.00 Nabo\u017ce\u0144stwo majowe, a po Nim Msza \u015bw. W tym tygodniu w Liturgii Ko\u015bcio\u0142a wspominamy: w poniedzia\u0142ek wspomnienie NMP Fatimskiej; we &hellip; <a href=\"https:\/\/budy.przemyska.pl\/index.php\/2024\/05\/12\/ogloszenia-parafialne-12-maj-2024\/\" class=\"more-link\">Czytaj dalej <span class=\"screen-reader-text\">Og\u0142oszenia parafialne 12 maj 2024<\/span> <span class=\"meta-nav\">&rarr;<\/span><\/a><\/p>\n","protected":false},"author":1,"featured_media":0,"comment_status":"closed","ping_status":"closed","sticky":false,"template":"","format":"standard","meta":{"footnotes":""},"categories":[6,4],"tags":[],"class_list":["post-3800","post","type-post","status-publish","format-standard","hentry","category-aktualnosci","category-ogloszenia"],"_links":{"self":[{"href":"https:\/\/budy.przemyska.pl\/index.php\/wp-json\/wp\/v2\/posts\/3800","targetHints":{"allow":["GET"]}}],"collection":[{"href":"https:\/\/budy.przemyska.pl\/index.php\/wp-json\/wp\/v2\/posts"}],"about":[{"href":"https:\/\/budy.przemyska.pl\/index.php\/wp-json\/wp\/v2\/types\/post"}],"author":[{"embeddable":true,"href":"https:\/\/budy.przemyska.pl\/index.php\/wp-json\/wp\/v2\/users\/1"}],"replies":[{"embeddable":true,"href":"https:\/\/budy.przemyska.pl\/index.php\/wp-json\/wp\/v2\/comments?post=3800"}],"version-history":[{"count":0,"href":"https:\/\/budy.przemyska.pl\/index.php\/wp-json\/wp\/v2\/posts\/3800\/revisions"}],"wp:attachment":[{"href":"https:\/\/budy.przemyska.pl\/index.php\/wp-json\/wp\/v2\/media?parent=3800"}],"wp:term":[{"taxonomy":"category","embeddable":true,"href":"https:\/\/budy.przemyska.pl\/index.php\/wp-json\/wp\/v2\/categories?post=3800"},{"taxonomy":"post_tag","embeddable":true,"href":"https:\/\/budy.przemyska.pl\/index.php\/wp-json\/wp\/v2\/tags?post=3800"}],"curies":[{"name":"wp","href":"https:\/\/api.w.org\/{rel}","templated":true}]}}