{"id":3794,"date":"2024-04-28T12:53:20","date_gmt":"2024-04-28T10:53:20","guid":{"rendered":"http:\/\/www.budylancuckie.przemyska.pl\/?p=3794"},"modified":"2024-04-28T12:53:20","modified_gmt":"2024-04-28T10:53:20","slug":"ogloszenia-parafialne-28-kwiecien-2024","status":"publish","type":"post","link":"https:\/\/budy.przemyska.pl\/index.php\/2024\/04\/28\/ogloszenia-parafialne-28-kwiecien-2024\/","title":{"rendered":"Og\u0142oszenia parafialne 28 kwiecie\u0144 2024"},"content":{"rendered":"<h2 style=\"text-align: center;\"><strong><span style=\"color: rgb(0, 0, 128);\">V Niedziela Wielkanocy &#8211; 28-04-2024<\/span><\/strong><\/h2>\n<h2 style=\"text-align: center;\"><strong><span style=\"color: rgb(0, 0, 128);\">Og\u0142oszenia<br \/>\n\t<\/span><\/strong><\/h2>\n<ol>\n<li>Dzi\u015b o godz. 15.00 Nabo\u017ce\u0144stwo do Bo\u017cego Mi\u0142osierdzia, a po Nim Msza \u015bw.<\/li>\n<li>Jutro, w poniedzia\u0142ek, \u015awi\u0119to \u015bw. Katarzyny ze Sieny, patronki Europy.<\/li>\n<li>W poniedzia\u0142ek i we wtorek dzieci przygotowuj\u0105ce si\u0119 do I Komunii \u015bw. b\u0119d\u0105 mia\u0142y swoje pr&oacute;by o godz. 16.30.<\/li>\n<li>W \u015brod\u0119 rozpoczynamy Nabo\u017ce\u0144stwa majowe. Bardzo serdecznie zach\u0119camy do udzia\u0142u w tych Nabo\u017ce\u0144stwach wszystkich parafian, a zw\u0142aszcza dzieci i m\u0142odzie\u017c, tak aby, za przyczyn\u0105 Matki Bo\u017cej prosi\u0107 o opiek\u0119 w swoim \u017cyciu.<\/li>\n<li>W tym tygodniu wypada I czwartek, I pi\u0105tek i I sobota miesi\u0105ca. <br \/>\n\t\tW I Czwartek wystawienie Naj\u015bwi\u0119tszego Sakramentu od godz. 17.00. W tym dniu szczeg&oacute;lnie modlimy si\u0119 za powo\u0142anych i o nowe powo\u0142ania do S\u0142u\u017cby Bo\u017cej.<\/li>\n<li>3 maja, w I pi\u0105tek miesi\u0105ca, wypada Uroczysto\u015b\u0107 NMP Kr&oacute;lowej Polski, g\u0142&oacute;wnej Patronki naszej Ojczyzny i naszej Archidiecezji. W tym dniu, Msze \u015bw. b\u0119d\u0105 odprawiane, tak jak, w niedziel\u0119. Serdecznie zapraszamy do udzia\u0142u w modlitwie, w tym tak bardzo uroczystym dla nas dniu. <br \/>\n\t\tZe wzgl\u0119du na Uroczysto\u015b\u0107, odwiedziny chorych b\u0119d\u0105 mia\u0142y miejsce w I sobot\u0119 miesi\u0105ca (4 maja) od godz. 08.00.<br \/>\n\t\tW tym dniu nie obowi\u0105zuje r&oacute;wnie\u017c wstrzemi\u0119\u017aliwo\u015b\u0107 od pokarm&oacute;w mi\u0119snych.<\/li>\n<li>W I sobot\u0119 czcimy Niepokalane Serce Matki Bo\u017cej. Msza \u015bw. o godz. 18.00, po Niej Nabo\u017ce\u0144stwo r&oacute;\u017ca\u0144cowe, procesja z figur\u0105 Matki Bo\u017cej Fatimskiej i zmiana tajemnic r&oacute;\u017ca\u0144cowych. <br \/>\n\t\tW tym dniu r&oacute;wnie\u017c dzieci przygotowuj\u0105ce si\u0119 do przyj\u0119cia I Komunii \u015bw., b\u0119d\u0105 mia\u0142y swoj\u0105 I Spowied\u017a \u015bw. od godz. 16.30.<\/li>\n<li>Codziennie mamy r&oacute;wnie\u017c mo\u017cliwo\u015b\u0107 skorzystania ze Spowiedzi \u015bw. godzin\u0119 przed Msz\u0105 \u015bw.<\/li>\n<li>Sk\u0142adam serdeczne B&oacute;g zap\u0142a\u0107 dla os&oacute;b sprz\u0105taj\u0105cych i stroj\u0105cych ko\u015bci&oacute;\u0142 oraz za wszystkie ofiary sk\u0142adane na potrzeby parafii.<\/li>\n<\/ol>\n<h3 style=\"text-align: center;\"><strong><span style=\"color: rgb(0, 0, 128);\">Intencje mszalne<\/span><\/strong><\/h3>\n<h4 style=\"text-align: center;\"><strong><span style=\"color: rgb(0, 0, 128);\">od 29 kwietnia 2024 do 5 maja 2024<\/span><\/strong><\/h4>\n<h4>&nbsp;<\/h4>\n<h4><strong>Gdyby zbyt d\u0142ugi czas nie by\u0142a og\u0142oszona zam&oacute;wiona intencja mszalna &ndash; prosimy o zg\u0142oszenie tego kap\u0142anowi.&nbsp; Zam&oacute;wiona intencja nie mo\u017ce zgin\u0105\u0107.<br \/>\n\t<\/strong><\/h4>\n<p><u><strong>Poniedzia\u0142ek &#8211; 29 kwiecie\u0144<br \/>\n\t<\/strong><\/u>1. + Cecylia i Ignacy Lasek oraz zmarli z Rodziny<br \/>\n\t2. + Boles\u0142aw Migas &ndash; od Tadeusza Lasoty <br \/>\n\t3. + Stanis\u0142aw Kubis &ndash; od syna Paw\u0142a<\/p>\n<p><u><strong>Wtorek &#8211; 30 kwiecie\u0144<br \/>\n\t<\/strong><\/u>1. + Micha\u0142 Stafiej &ndash; od rodziny Wodecki <br \/>\n\t2. + Stanis\u0142aw Lasek &ndash; od Danuty z c&oacute;rkami <br \/>\n\t3. + Stanis\u0142aw Kubis &ndash; od Marty Ko\u0144 z c&oacute;rk\u0105<\/p>\n<p><u><strong>\u015aroda &#8211; 1 maj<br \/>\n\t<\/strong><\/u>1. + J&oacute;zefa S\u0142ysz &ndash; (pocz. greg.) <br \/>\n\t2. + J&oacute;zef Ciupi\u0144ski &ndash; od wnuczki Karoliny z m\u0119\u017cem <br \/>\n\t3. + Franciszek, Anna, Franciszek &ndash; od Krystyny Cebula<\/p>\n<p><u><strong>Czwartek &#8211; 2 maj<\/strong><\/u><br \/>\n\t1. + J&oacute;zefa S\u0142ysz &ndash; (greg.) <br \/>\n\t2. + Stanis\u0142awa Marek (2 r. \u015bm.) oraz + Bronis\u0142aw i zmarli z Rodziny <br \/>\n\t3. + Ma\u0142gorzata i J&oacute;zef \u015awizdor <\/p>\n<p>\t<u><strong>Pi\u0105tek &#8211; 3 maj<br \/>\n\t<\/strong><\/u>06.30 + J&oacute;zefa S\u0142ysz &ndash; (greg.)<br \/>\n\t08.00 + Stanis\u0142awa Marek &ndash; rocz. \u015bmierci <br \/>\n\t08.00 O zdrowie, b\u0142og. Bo\u017ce i opiek\u0119 Matki Bo\u017cej dla Magdy w 18-ste urodziny<br \/>\n\t10.30 + Teresa Baran &ndash; z R&oacute;\u017cy Marii Magdaleny<br \/>\n\t15.00 + Stanis\u0142aw Por\u0119bny &ndash; od \u017cony; oraz + Jan i Zofia Por\u0119bny; + Krystyna Kruk oraz z rodziny Maziarz&oacute;w<\/p>\n<p><u><strong>Sobota &#8211; 4 maj<br \/>\n\t<\/strong><\/u>1. + J&oacute;zefa S\u0142ysz &ndash; (greg.) <br \/>\n\t2. + J&oacute;zef Ciupi\u0144ski &ndash; od wnuczki Wioletty z rodzin\u0105<br \/>\n\t3. + Maria, Micha\u0142 Wacnik i zmarli z rodziny Polit<\/p>\n<p><u><strong>Niedziela &#8211; 5 maj<br \/>\n\t<\/strong><\/u>06.30 + Agata, Micha\u0142 Kurek <br \/>\n\t08.00 O b\u0142og. Bo\u017ce i opiek\u0119 Matki Bo\u017cej dla Patryka w egzaminach maturalnych <br \/>\n\t10.30 Za parafian<br \/>\n\t12.00 W intencji dzieci Pierwszokomunijnych i ich rodzic&oacute;w<br \/>\n\t15.00 + J&oacute;zefa S\u0142ysz &ndash; (greg.)<\/p>\n<h3 style=\"text-align: center;\"><strong><span style=\"color: rgb(0, 0, 128);\">Modlitw\u0119 r&oacute;\u017ca\u0144cow\u0105 prowadz\u0105<\/span><\/strong><\/h3>\n<p>29. Pn. R&oacute;\u017ca \u015aw. Katarzyny &ndash; (Anna Kurek)<br \/>\n\t30. Wt. R&oacute;\u017ca \u015aw. Klary &ndash; (Teresa G\u0142owiak)<br \/>\n\t01. \u015ar. R&oacute;\u017ca \u015aw. Kingi &ndash; (El\u017cbieta Wacnik) <br \/>\n\t02. Cz. Dzie\u0142o Pomocy Powo\u0142aniom &ndash; (Anna Szular)<br \/>\n\t03. Pt. KSM<br \/>\n\t04. Sb. Kap\u0142an<br \/>\n\t05. Nd. R&oacute;\u017ca \u015aw. Marii Magdaleny &ndash; (Janina Rachwa\u0142)<br \/>\n\tWyznaczona R&oacute;\u017ca jest proszona o prowadzenie modlitwy r&oacute;\u017ca\u0144cowej.<\/p>\n<h3 style=\"text-align: center;\"><strong><span style=\"color: rgb(0, 0, 128);\">Propozycja intencji do przekazania do odprawienia <br \/>\n\t<\/span><\/strong><strong><span style=\"color: rgb(0, 0, 128);\">w Wy\u017cszym Seminarium Duchownym w Przemy\u015blu<br \/>\n\t<\/span><\/strong><\/h3>\n<p>01. + Wies\u0142aw Wikiera &ndash; od Seweryna i Joanny Tomczyk z dzie\u0107mi<br \/>\n\t02. + Wies\u0142aw Wikiera &ndash; od Stanis\u0142awa Bosak z rodzin\u0105<br \/>\n\t03. + Wies\u0142aw Wikiera &ndash; od koleg&oacute;w z pracy Budomont<br \/>\n\t04. + Helena Bartnik &ndash; od kole\u017canek z firmy VIPO &ndash; krojownia<br \/>\n\t05. + Helena Bartnik &ndash; od kole\u017canek z firmy VIPO &ndash; krojownia<br \/>\n\t06. + Helena Bartnik &ndash; od kole\u017canek z firmy VIPO &ndash; krojownia<br \/>\n\t07. + J&oacute;zef Ciupi\u0144ski &ndash; od Dyrektora, Nauczycieli i Pracownik&oacute;w Zespo\u0142u Szk&oacute;\u0142 w Bia\u0142obrzegach<br \/>\n\t08. + J&oacute;zef Ciupi\u0144ski &ndash; od Dyrektora, Nauczycieli i Pracownik&oacute;w Zespo\u0142u Szk&oacute;\u0142 w Bia\u0142obrzegach<br \/>\n\t09. + J&oacute;zef Ciupi\u0144ski &ndash; od Dyrektora, Nauczycieli i Pracownik&oacute;w Zespo\u0142u Szk&oacute;\u0142 w Bia\u0142obrzegach<br \/>\n\t10. + Anna Kr&oacute;l &ndash; od rodziny Kojdr&oacute;w z Rog&oacute;\u017cna<br \/>\n\t11. + Anna Kr&oacute;l &ndash; od rodziny Ryf&oacute;w<br \/>\n\t12. + Anna Kr&oacute;l &ndash; od Dyrekcji Rejonu Energetycznego w Le\u017cajsku<br \/>\n\t13. + Micha\u0142 Stafiej &ndash; od s\u0105siadki Joanny Patro<br \/>\n\t14. + Micha\u0142 Stafiej &ndash; od chrze\u015bniaka Wojciecha<br \/>\n\t15. + Micha\u0142 Stafiej &ndash; od rodziny Borcz&oacute;w<br \/>\n\t16. + Stanis\u0142aw Kubis &ndash; od kuzyna Stanis\u0142awa Krauz z rodzin\u0105<br \/>\n\t17. + Stanis\u0142aw Kubis &ndash; od Janiny Miller z rodzin\u0105<br \/>\n\t18. + Stanis\u0142aw Kubis &ndash; od Janiny Miller z rodzin\u0105<br \/>\n\t19. + Wies\u0142aw Brodowicz &ndash; od Krzysztofa Mendakiewicza i Grzegorza Mi\u015b<br \/>\n\t20. + Wies\u0142aw Brodowicz &ndash; od Iwony i Ani<\/p>\n<p>\t&nbsp;<\/p>\n","protected":false},"excerpt":{"rendered":"<p>V Niedziela Wielkanocy &#8211; 28-04-2024 Og\u0142oszenia Dzi\u015b o godz. 15.00 Nabo\u017ce\u0144stwo do Bo\u017cego Mi\u0142osierdzia, a po Nim Msza \u015bw. Jutro, w poniedzia\u0142ek, \u015awi\u0119to \u015bw. Katarzyny ze Sieny, patronki Europy. W &hellip; <a href=\"https:\/\/budy.przemyska.pl\/index.php\/2024\/04\/28\/ogloszenia-parafialne-28-kwiecien-2024\/\" class=\"more-link\">Czytaj dalej <span class=\"screen-reader-text\">Og\u0142oszenia parafialne 28 kwiecie\u0144 2024<\/span> <span class=\"meta-nav\">&rarr;<\/span><\/a><\/p>\n","protected":false},"author":1,"featured_media":0,"comment_status":"closed","ping_status":"closed","sticky":false,"template":"","format":"standard","meta":{"footnotes":""},"categories":[6,4],"tags":[],"class_list":["post-3794","post","type-post","status-publish","format-standard","hentry","category-aktualnosci","category-ogloszenia"],"_links":{"self":[{"href":"https:\/\/budy.przemyska.pl\/index.php\/wp-json\/wp\/v2\/posts\/3794","targetHints":{"allow":["GET"]}}],"collection":[{"href":"https:\/\/budy.przemyska.pl\/index.php\/wp-json\/wp\/v2\/posts"}],"about":[{"href":"https:\/\/budy.przemyska.pl\/index.php\/wp-json\/wp\/v2\/types\/post"}],"author":[{"embeddable":true,"href":"https:\/\/budy.przemyska.pl\/index.php\/wp-json\/wp\/v2\/users\/1"}],"replies":[{"embeddable":true,"href":"https:\/\/budy.przemyska.pl\/index.php\/wp-json\/wp\/v2\/comments?post=3794"}],"version-history":[{"count":0,"href":"https:\/\/budy.przemyska.pl\/index.php\/wp-json\/wp\/v2\/posts\/3794\/revisions"}],"wp:attachment":[{"href":"https:\/\/budy.przemyska.pl\/index.php\/wp-json\/wp\/v2\/media?parent=3794"}],"wp:term":[{"taxonomy":"category","embeddable":true,"href":"https:\/\/budy.przemyska.pl\/index.php\/wp-json\/wp\/v2\/categories?post=3794"},{"taxonomy":"post_tag","embeddable":true,"href":"https:\/\/budy.przemyska.pl\/index.php\/wp-json\/wp\/v2\/tags?post=3794"}],"curies":[{"name":"wp","href":"https:\/\/api.w.org\/{rel}","templated":true}]}}